{"id":39807,"date":"2011-09-13T16:42:50","date_gmt":"2011-09-13T13:42:50","guid":{"rendered":"http:\/\/www.korhanyilmaz.com\/?p=39807"},"modified":"2011-09-13T19:48:05","modified_gmt":"2011-09-13T16:48:05","slug":"bellekteki-bosluk-ve-12-eylul","status":"publish","type":"post","link":"http:\/\/www.korhanyilmaz.com\/?p=39807","title":{"rendered":"Bellekteki bo\u015fluk ve 12 Eyl\u00fcl"},"content":{"rendered":"<p style=\"text-align: center;\"><a href=\"http:\/\/www.korhanyilmaz.com\/wp-content\/uploads\/2011\/09\/5065.jpg\"  class=\"lightview\"><img loading=\"lazy\" decoding=\"async\" class=\"aligncenter size-full wp-image-39808\" src=\"http:\/\/www.korhanyilmaz.com\/wp-content\/uploads\/2011\/09\/5065.jpg\" alt=\"\" width=\"317\" height=\"238\" \/><\/a><\/p>\n<p style=\"text-align: justify;\">Yak\u0131nda otuzuncu y\u0131l\u0131n\u0131 dolduracak olan 12 Eyl\u00fcl\u2019e ili\u015fkin kitaplar, programlar, tart\u0131\u015fmalar belki de \u015fimdiden tezg\u00e2hlara s\u00fcr\u00fclm\u00fc\u015ft\u00fcr. Daha d\u00fcn 68\u2019in k\u0131rk\u0131nc\u0131 y\u0131l\u0131 an\u0131ld\u0131, m\u00fclakatlar yap\u0131ld\u0131, kitaplar bas\u0131ld\u0131. Sonra herkes k\u00f6\u015fesine \u00e7ekildi. Anmalar, polemikler ar\u015fivlerde zarars\u0131z tart\u0131\u015fmalar klas\u00f6rlerinde yerlerini ald\u0131lar. Belleklerde kalan da eski muharipler cemiyetindeki muhabetlerden ibaretti. Okunmas\u0131 elzem kitaplar\u0131n miktar\u0131na ve sat\u0131\u015f\u0131na bak\u0131l\u0131rsa ilginin hayli gelge\u00e7, y\u00fczeysel oldu\u011fu rahatl\u0131kla s\u00f6ylenebilir.\u00a0<!--more--><\/p>\n<p style=\"text-align: justify;\">Haf\u0131zayla herkesin farkl\u0131 bir ili\u015fkisi var ve bu ili\u015fki san\u0131ld\u0131\u011f\u0131n\u0131n aksine ge\u00e7mi\u015ften \u00e7ok gelecekle ilgili. \u0130nsanlar ancak yeni bir gelecek tasarlad\u0131klar\u0131nda belleklerini tazeleme ihtiyac\u0131 hissediyorlar. Anlaml\u0131 tart\u0131\u015fmalar, \u00e7al\u0131\u015fmalar da ancak b\u00f6ylesi bir yeniden in\u015fa s\u00fcrecinde ortaya \u00e7\u0131kabiliyor.<\/p>\n<p style=\"text-align: justify;\">Gelece\u011fi ask\u0131ya al\u0131p g\u00fcndelik siyasetin sorunlar\u0131na g\u00f6m\u00fclm\u00fc\u015f olanlar i\u00e7in ge\u00e7mi\u015f, eksik ve yetersiz kalm\u0131\u015f deneyimler, m\u00fccadeleler olmaktan \u00e7\u0131k\u0131p becereksizlikler, hayalperestlikler ve zevzeklikler alan\u0131 haline getiriliyor. Ge\u00e7mi\u015fi yar\u0131m kalm\u0131\u015f bir alt\u0131n \u00e7a\u011f olarak tasavur edenler ise menk\u0131beden menk\u0131beye ge\u00e7erken ger\u00e7eklikle ili\u015fkilerini kopar\u0131yorlar. B\u00f6ylece giderek belleklerde \u00e7arp\u0131t\u0131lan ge\u00e7mi\u015f, ya\u015fanmam\u0131\u015f oluyor. 12 Eyl\u00fcl ne yaz\u0131k ki \u2013yaz\u0131k \u00e7\u00fcnk\u00fc ya\u015fan\u0131lm\u0131\u015f olan en \u00f6nemli deneyim olma \u00f6zelli\u011fini h\u00e2l\u00e2 koruyor\u2013 esas olarak bu iki k\u0131ska\u00e7 aras\u0131nda kendi ger\u00e7ekli\u011fine yeniden kavu\u015famadan, yani gelecek i\u00e7in anlamland\u0131r\u0131labilecek, yitirilenleri kazan\u0131ma d\u00f6n\u00fc\u015ft\u00fcrebilecek bir \u00e7aban\u0131n \u00f6znesi olmadan \u201cmazi\u201d oluyor.<\/p>\n<p style=\"text-align: justify;\"><strong>Geliyorum diyen darbe<\/strong><\/p>\n<p style=\"text-align: justify;\">Yetmi\u015fli y\u0131llar\u0131n ortalar\u0131nda d\u00fcnya kapitalist krizi patlak verdi\u011finde, d\u00fcnyan\u0131n d\u00f6rt buca\u011f\u0131nda sosyalist hareket altm\u0131\u015fl\u0131 y\u0131llarda boyvermi\u015f ko\u015fullar\u0131n h\u00fck\u00fcm s\u00fcrd\u00fc\u011f\u00fc bir d\u00fcnyan\u0131n sorunlar\u0131n\u0131 \u00e7\u00f6zmekle me\u015fguld\u00fc. \u0130spanya\u2019da a\u00e7\u0131l\u0131m, Portekiz\u2019de Karanfil Devrimi, Yunanistan\u2019da demokrasiye ge\u00e7i\u015f iyimserli\u011fi peki\u015ftirirken 1973 y\u0131l\u0131nda \u015eili ile ba\u015flayan Latin Amerika\u2019da askeri diktat\u00f6rl\u00fckler silsilesi sanki bir kazaym\u0131\u015fcas\u0131na alg\u0131lan\u0131yordu. Demirel kendisinden emin, Ecevit\u2019e (Allende\u2019ye hakaret edercesine) B\u00fcllende yak\u0131\u015ft\u0131rmas\u0131 yaparken gelecek darbenin kendisini devirece\u011fini belli ki hi\u00e7 beklemiyordu. Latin Amerika\u2019da d\u00fc\u015fen ibrenin fark\u0131nda olmayan sosyalist hareket, Afrika\u2019daki ulusal kurtulu\u015f hareketlerindeki k\u0131p\u0131rdanmalardan, \u00c7in, Vietnam ve K\u00fcba\u2019n\u0131n izinden d\u00fcnyay\u0131 de\u011fi\u015ftirecek bir kald\u0131rac\u0131n pe\u015findeydi.<\/p>\n<p style=\"text-align: justify;\"><strong>Rastlanmad\u0131k siyasalla\u015fma<\/strong><\/p>\n<p style=\"text-align: justify;\">12 Mart\u2019\u0131n bitiminden \u00f6nce, Ekim 1973 se\u00e7imlerinde, Ecevit\u2019in mitinglerine y\u0131\u011f\u0131lan kitlelerin \u015fahs\u0131nda, 1961 Sara\u00e7hane mitinginden sonra belki de en b\u00fcy\u00fck ve anlaml\u0131 siyasalla\u015fmayla solun kazand\u0131\u011f\u0131 itibar ve me\u015fruiyet, y\u0131k\u0131lm\u0131\u015f, da\u011f\u0131lm\u0131\u015f sosyalist hareketin de yeniden canlanmas\u0131na yol a\u00e7t\u0131. K\u0131br\u0131s harek\u00e2t\u0131na kadar bask\u0131yla \u00f6zde\u015fle\u015fen ordunun kaybetti\u011fi itibar, idamlar\u0131n \u201ckamu vicdan\u0131\u201dnda mahkum edilmesi, 12 Mart uygulamalar\u0131n\u0131n toplumun geni\u015f kesimlerinde yaratt\u0131\u011f\u0131 huzursuzluk, altm\u0131\u015fl\u0131 y\u0131llardan farkl\u0131, daha kitlesel, umutlu ve daha deneyimli bir radikalizasyon dalgas\u0131n\u0131 getirdi. 12 Mart\u2019\u0131n kap\u0131dan kovdu\u011fu bacadan girmi\u015fti.<\/p>\n<p style=\"text-align: justify;\">San\u0131ld\u0131\u011f\u0131 gibi genel afla i\u00e7erden \u00e7\u0131kanlar\u0131n de\u011fil d\u0131\u015fardakilerin, yeni bir gen\u00e7li\u011fin, kad\u0131nlar\u0131n, emek\u00e7ilerin ak\u0131n ak\u0131n siyasete ko\u015fmalar\u0131n\u0131n \u00fcr\u00fcn\u00fcyd\u00fc bu yeni dalga.<\/p>\n<p style=\"text-align: justify;\">12 Mart\u2019\u0131, 1905 benzeri bir prova olarak g\u00f6renler de vard\u0131. \u015eimdi s\u0131ra 1917\u2019deydi. Ortada bir prova vard\u0131 ama elbisenin kimin \u00fczerine prova edildi\u011fi atlan\u0131yordu.<\/p>\n<p style=\"text-align: justify;\">12 Mart\u2019\u0131 olu\u015fturan \u00f6nemli \u015fartlardan biri olan egemen blokun \u00e7at\u0131rdamas\u0131, AP\u2019nin temsil etti\u011fi iktidar blokunun MNP-MSP (Anadolu t\u00fcccar\u0131 ve esnaf\u0131) ve Demokratik Parti (tar\u0131m burjuvazisi) ile da\u011f\u0131lmas\u0131, MHP\u2019nin g\u00fc\u00e7lenmesi MC t\u00fcr\u00fc koalisyonlarla telif edilmeye \u00e7al\u0131\u015f\u0131lm\u0131\u015fsa da, Demirel\u2019in b\u00fct\u00fcn maharetine ra\u011fmen b\u00fct\u00fcn bu farkl\u0131 partilerin temsil etti\u011fi \u00e7\u0131kar \u00e7at\u0131\u015fmalar\u0131n\u0131 tatmin etmek m\u00fcmk\u00fcn olmad\u0131\u011f\u0131ndan \u201cy\u00f6netenlerin y\u00f6netememe hali\u201d kangrenle\u015fmi\u015ftir.<\/p>\n<p style=\"text-align: justify;\"><strong>Kitlelerin siyasalla\u015fmas\u0131n\u0131n y\u00fckseli\u015f ve d\u00fc\u015f\u00fc\u015f\u00fc<\/strong><\/p>\n<p style=\"text-align: justify;\">Genel olarak solun kazand\u0131\u011f\u0131 mevziler 1977 Haziran se\u00e7imleriyle zirve noktas\u0131na ula\u015fm\u0131\u015ft\u0131. Bu birikimde sosyalist solun enerjisi b\u00fcy\u00fck miktarda Ecevit CHP\u2019sine akm\u0131\u015f, ba\u011f\u0131ms\u0131z sosyalist bir alternatif olu\u015fturulamam\u0131\u015f ve sosyalist hareketler de en yak\u0131n\u0131nda bulunanlarla \u201cideolojik\u201d hesapla\u015fmalar\u0131n\u0131 tamamlamam\u0131\u015flard\u0131. Se\u00e7imlere giren sosyalist kesimlerin ald\u0131\u011f\u0131 oylar devede kulak kal\u0131rken, bir katsay\u0131 kullanarak girmeyenlerin de hali p\u00fcr melali hakk\u0131nda bir fikir edinilebilirdi. Bu se\u00e7imlerde MHP\u2019nin de bir milyonu a\u015fan bir oy alarak kendi rekorunu k\u0131r\u0131d\u0131\u011f\u0131 eklenmelidir. 1973 y\u0131l\u0131nda siyaset sahnesinde yerini alan MSP\u2019nin kal\u0131c\u0131l\u0131\u011f\u0131 da tescil edilmi\u015f oluyordu. Bir di\u011fer husus yerel se\u00e7imlerde Diyarbak\u0131r\u2019da sosyalist bir grubun temsilcisi olarak Mehdi Zana\u2019n\u0131n se\u00e7imleri kazanmas\u0131yd\u0131. Dolay\u0131s\u0131yla radikalizasyon, olduk\u00e7a \u00e7ok y\u00f6nl\u00fcyd\u00fc.<\/p>\n<p style=\"text-align: justify;\">Sermayesinin sald\u0131r\u0131s\u0131na kar\u015f\u0131, demokratik haklar i\u00e7in m\u00fccadelede emek\u00e7ilerin en \u00f6nemli \u00f6rg\u00fct\u00fc D\u0130SK ise CHP\u2019ye hay\u0131rhah davran\u0131rken kendi i\u00e7inde iktidar m\u00fccadelesine girerek, bir ka\u00e7 y\u0131lda hesapta olmayan bir bi\u00e7imde g\u00fc\u00e7 kaybedecekti.<\/p>\n<p style=\"text-align: justify;\">Bug\u00fcn 12 Eyl\u00fcl\u2019e a\u00e7\u0131lan \u00e7at\u0131\u015fmalar\u0131n, m\u00fccadelelerin (kimilerine g\u00f6re komplolar\u0131n) bir aya\u011f\u0131 olarak sunulan tablonun \u00f6nemi ne olursa olsun belirleyici unsurlar kitle dinami\u011fine bakarak \u00e7\u0131kar\u0131labilir. Bu a\u00e7\u0131dan 1 May\u0131slar bir mihenk ta\u015f\u0131 olarak g\u00f6r\u00fclebilir. 1976 olays\u0131z ilk 1 May\u0131s, solla dirsek temas\u0131 olan b\u00fct\u00fcn emek\u00e7ilerin, yurtta\u015flar\u0131n y\u00fcz\u00fcn\u00fc g\u00fcld\u00fcr\u00fcrken, 1977 1 May\u0131s\u2019\u0131 derin soru i\u015faretleri ortaya koymu\u015ftur. Felakete kar\u015f\u0131 \u00f6zsavunmay\u0131 sa\u011flayacak olan nedir? Siyasetin \u201cola\u011fan\u201d kanallar\u0131n\u0131n d\u0131\u015f\u0131na \u00e7\u0131k\u0131ld\u0131\u011f\u0131nda g\u00fc\u00e7 ili\u015fkilerinde emek\u00e7ilerin konumu alabildi\u011fine elveri\u015fsizdi.<\/p>\n<p style=\"text-align: justify;\">1 May\u0131s 1977 katliam\u0131 simgesel olarak, sosyalist soldan \u00e7ok daha fazla i\u015f\u00e7i s\u0131n\u0131f\u0131n\u0131n sendikal alanda g\u00fc\u00e7lenmi\u015f olmas\u0131na y\u00f6nelikti. Ayr\u0131ca benzer bir komplonun Ecevit\u2019e y\u00f6nelik olarak da g\u00fcndeme geldi\u011fi bilinmekte. Bu tarihler ayn\u0131 zamanda yetmi\u015fli y\u0131llar\u0131n ortalar\u0131nda ba\u015fg\u00f6steren d\u00fcnya krizinin sonucu, d\u00fcnyan\u0131n d\u00f6rt buca\u011f\u0131nda topyek\u00fbn olarak i\u015f\u00e7i s\u0131n\u0131f\u0131n\u0131n fiziki varl\u0131\u011f\u0131na ve moral kazan\u0131mlar\u0131na sald\u0131r\u0131n\u0131n ba\u015flat\u0131ld\u0131\u011f\u0131 tarihlerdir.<\/p>\n<p style=\"text-align: justify;\">Bir ay sonra yap\u0131lan genel se\u00e7imlerde Ecevit CHP\u2019si oylar\u0131n\u0131 en \u00fcst seviyeye \u00e7\u0131kartm\u0131\u015f, tek ba\u015f\u0131na iktidar olmay\u0131nca dev\u015firdikleriyle bir koalisyon h\u00fck\u00fcmeti kurmu\u015ftur.<\/p>\n<p style=\"text-align: justify;\">D\u00f6nemin bir di\u011fer \u00f6nemli olay\u0131 D\u0130SK i\u00e7indeki iktidar m\u00fccadelesinin 1977 Ekiminde yap\u0131lan kongrede, T\u00fcrk-\u0130\u015f\u2019den gelenlerin a\u011f\u0131rl\u0131klar\u0131n\u0131 koyarak y\u00f6netimi ezici bir \u00e7o\u011funlukla ele ge\u00e7irmeleridir. Bundan b\u00f6yle bir t\u00fcr iki ba\u015fl\u0131 bir D\u0130SK\u2019ten s\u00f6z edilebilirdi.<\/p>\n<p style=\"text-align: justify;\">\u00dc\u00e7\u00fcnc\u00fc 1 May\u0131s\u2019a (1978) insanlar 1 May\u0131s 1977\u2019de katledilenlerin an\u0131s\u0131na sayg\u0131 g\u00f6stererek ayn\u0131 heyecanla olmasa da kitleler halinde kat\u0131ld\u0131lar. 1977\u2019den farkl\u0131 olarak k\u00fcrs\u00fcn\u00fcn man\u00fcplasyonundan uzak d\u00fczenlemede siyasal gruplar\u0131n a\u011f\u0131rl\u0131\u011f\u0131 ba\u015f\u0131ndan itibaren kendini g\u00f6steriyordu.<\/p>\n<p style=\"text-align: justify;\">Kitle hareketinin e\u011frisi y\u00fckselmiyordu ama hen\u00fcz bir d\u00fc\u015fme e\u011filimi de g\u00f6stermiyordu. 1978 y\u0131l\u0131 bu a\u00e7\u0131dan her kesim i\u00e7in kritik bir y\u0131ld\u0131r. D\u00fczen g\u00fc\u00e7leri i\u00e7in de, sosyalistler i\u00e7in de sendikalar i\u00e7in de hen\u00fcz f\u0131rsat vard\u0131. Ancak tarih h\u0131z\u0131n\u0131 art\u0131r\u0131rken, herkes ya\u015fanan g\u00fcnler ebediymi\u015fcesine b\u00fcy\u00fck bir iyimserlikle kendi ritmine umut ba\u011flam\u0131\u015ft\u0131. Yakla\u015fan felakete kar\u015f\u0131, kazan\u0131mlar\u0131n savunulmas\u0131 i\u00e7in ortak bir m\u00fccadeleyi tasarlamak yerine, bir di\u011ferinin ya\u015fama alan\u0131n\u0131 daraltarak kendini geni\u015fletme \u00e7abas\u0131 s\u00fcrd\u00fcr\u00fcl\u00fcyordu.<\/p>\n<p style=\"text-align: justify;\">Y\u0131l sonunda Kahramanmara\u015f\u2019ta y\u00fcz\u00fc a\u015fk\u0131n insan\u0131n katledilmesiyle sonu\u00e7lanan olaylar art\u0131k bir d\u00f6nemin sona erdi\u011fini g\u00f6stermektedir. Ecevit h\u00fck\u00fcmeti durumu denetleyememekte, zemini kaymakta ve yamal\u0131 boh\u00e7a h\u00fck\u00fcmetinin itibar\u0131 zedelenmektedir. Art\u0131k 12 Eyl\u00fcl\u2019e uzanacak bir s\u0131k\u0131y\u00f6netim d\u00f6nemine girilmi\u015ftir, yetkiler orduyla payla\u015f\u0131lacakt\u0131r.<\/p>\n<p style=\"text-align: justify;\">1979 1 May\u0131s\u2019\u0131 bu a\u00e7\u0131dan anlaml\u0131 bir tarihtir. D\u0130SK y\u00f6netimi 1 May\u0131s alan\u0131 diye ilan edilen Taksim\u2019de kutlamalar\u0131n yap\u0131lmas\u0131 i\u00e7in \u0131srar etmi\u015f, izin verilmedi\u011finde de elinden geleni yapt\u0131\u011f\u0131ndan ho\u015fnutken, D\u0130SK\u2019ten ge\u00e7ici olarak ihra\u00e7 edilen sendikalar TKP g\u00fcd\u00fcm\u00fcndeki Maden-\u0130\u015f ba\u015fkan\u0131 Kemal T\u00fcrkler\u2019in s\u00f6zc\u00fcl\u00fc\u011f\u00fcnde \u0130zmir\u2019de kutlamalar\u0131 yapm\u0131\u015flard\u0131r. \u0130kinci bir kutlama yine \u0130zmir\u2019de sol gruplarca yap\u0131lm\u0131\u015ft\u0131r.<\/p>\n<p style=\"text-align: justify;\">\u00d6zetle 12 Eyl\u00fcl\u2019den, 24 Ocak\u2019tan \u00f6nce ba\u015flam\u0131\u015f olan g\u00fc\u00e7 ili\u015fkilerinde emek\u00e7iler aleyhine hemen hemen her d\u00fczeyde belirgin bir gerileme s\u00f6zkonusuydu. 1980 y\u0131l\u0131 ba\u015flad\u0131\u011f\u0131nda art\u0131k giderek g\u00fc\u00e7 kaybeden sendikalar ve genel olarak sol, savunma mevzileri in\u015fa etmekten de aciz kal\u0131yordu. Tari\u015f gibi kimi art\u00e7\u0131 olaylar bir y\u00fckseli\u015fin belirtisi olmay\u0131p gecikmi\u015f ortak m\u00fccadelenin anlam\u0131n\u0131 tarihe ge\u00e7irirken, kaybedilenin yerine yenisi koymak art\u0131k imk\u00e2ns\u0131z hale gelmi\u015fti.<\/p>\n<p style=\"text-align: justify;\"><strong>Darbenin \u015fekillenmesi<\/strong><\/p>\n<p style=\"text-align: justify;\">1979 Ekim ara se\u00e7imlerinden sonra CHP\u2019nin h\u00fck\u00fcmetten \u00e7ekilmesiyle Demirel b\u00fcy\u00fck bir hevesle kollar\u0131 s\u0131v\u0131yordu. Oysa parlamenter sistemi ask\u0131ya almak i\u00e7in ko\u015fullar fazlas\u0131yla olu\u015fmu\u015ftu. Yaln\u0131zca y\u0131llard\u0131r s\u00fcren yukardakilerin y\u00f6netememesinden \u00f6t\u00fcr\u00fc de\u011fil, uluslararas\u0131 ko\u015fullar, NATO\u2019nun b\u00f6lgedeki dayatmalar\u0131 a\u00e7\u0131s\u0131ndan da.<\/p>\n<p style=\"text-align: justify;\">\u0130ran \u015eah\u0131\u2019n\u0131n devrilmesi, Rusya\u2019n\u0131n Afganistan\u2019\u0131 i\u015fgal etmesi T\u00fcrkiye\u2019de s\u0131k\u0131y\u00f6netim alt\u0131nda da olsa pamuk ipli\u011fine ba\u011fl\u0131 bir parlamenter sistemin s\u00fcrmesini imk\u00e2ns\u0131z k\u0131l\u0131yordu. H\u00fck\u00fcmetin Amerikanc\u0131 olmas\u0131, herhangi bir g\u00fcvence olu\u015fturmuyor, destek\u00e7isi MSP\u2019nin D\u0131\u015fi\u015fleri bakan\u0131n\u0131n d\u00fc\u015f\u00fcr\u00fclmesinde oynad\u0131\u011f\u0131 rol\u00fcn de g\u00f6sterdi\u011fi gibi olaylar\u0131n h\u0131zl\u0131 akt\u0131\u011f\u0131 bir d\u00f6nemde yeterince zaman kaybedildi\u011finden hareketle sistemin ipi \u00e7ekiliyordu.<\/p>\n<p style=\"text-align: justify;\">B\u00fct\u00fcn bu heng\u00e2mede Cumhuriyet tarihinin en \u00e7etrefil m\u00fccadeleleri y\u00fcr\u00fct\u00fcl\u00fcyordu. Ancak b\u00fct\u00fcn bunlar kitlelerin siyasetten \u00e7ekildi\u011fi bir ortamda art\u00e7\u0131 m\u00fccadelelerle s\u0131n\u0131rl\u0131 kal\u0131yordu. Celal Bayar \u201cbu k\u0131\u015f kom\u00fcnizm gelecek\u201d gibisine bir kehanette bulunduysa da sosyalist hareket t\u00fcketici bir siper sava\u015f\u0131n\u0131 d\u00f6n\u00fc\u015ft\u00fcremedi. 12 Eyl\u00fcl derbesi oldu\u011funda etraf sanki s\u00fct liman oldu bir anda. Darbeciler bile haz\u0131rl\u0131klar\u0131n\u0131 \u00e7at\u0131\u015fmalar\u0131n s\u00fcrmesi, bir direni\u015fin olabilece\u011fi ihtimali \u00fczerine yapm\u0131\u015flard\u0131.<\/p>\n<p style=\"text-align: justify;\">12 Ey\u00fcl d\u00f6neminde tutuklananlar, hapsedilenler, mahkum edilenler, \u00f6ld\u00fcr\u00fclenler, fi\u015flenenler, i\u015ften at\u0131lanlar vb. listesi, s\u0131n\u0131f kini katsay\u0131s\u0131 ile bak\u0131lmad\u0131\u011f\u0131nda \u00e7at\u0131\u015fman\u0131n d\u00fczeyine g\u00f6re abart\u0131l\u0131 g\u00f6r\u00fclebilir. Ancak an\u0131lan d\u00f6nemde kurulu d\u00fczen ilk kez ihtimal olarak bile olsa \u00f6l\u00fcml\u00fc oldu\u011funu fark etti. Reaksiyonun a\u011f\u0131rl\u0131\u011f\u0131n\u0131n \u00f6nemli bir nedeni budur.<\/p>\n<p style=\"text-align: justify;\"><strong>Ya sonra?\u00a0<\/strong><\/p>\n<p style=\"text-align: justify;\">12 Eyl\u00fcl\u2019\u00fcn yaratt\u0131\u011f\u0131 tahribat\u0131 anlamak i\u00e7in rakamlara bakarken g\u00f6zden \u0131rak tutulmamas\u0131 gereken husus, b\u00fct\u00fcn bu bask\u0131n\u0131n \u201cideolojik\u201d i\u00e7eri\u011fidir. \u015eairin \u201conlar umudun d\u00fc\u015fman\u0131d\u0131r\u201d demesine nazire olarak denebilir ki onlar daha g\u00fczel bir d\u00fcnya i\u00e7in verilmi\u015f m\u00fccadelelerin belle\u011fini yok etmeye \u00e7al\u0131\u015fm\u0131\u015flard\u0131r ve b\u00fcy\u00fck miktarda ba\u015far\u0131lar\u0131 da buradad\u0131r.<\/p>\n<p style=\"text-align: justify;\">12 Eyl\u00fcl tasfiye olmadan, s\u00f6zc\u00fcs\u00fc gibi kendi \u00f6mr\u00fcn\u00fc doldurdu. Bu anlamda toplum, 12 Eyl\u00fcl\u2019den kurtulamad\u0131 ve art\u0131k 12 Eyl\u00fcl\u2019le hesapla\u015fma imk\u00e2n\u0131n\u0131 da yitirdi. Hesapla\u015fma, her\u015feyden \u00f6nce bir intikam sorunu olmay\u0131p, ya\u015fananlar\u0131n bellekte yeniden olu\u015futurularak gelecek i\u00e7in alarm zillerinin \u00e7al\u0131nmas\u0131 anlam\u0131na geliyor. Belki de bunun i\u00e7in \u00f6rne\u011fin Beynelminel, Eve D\u00f6n\u00fc\u015f gibi filmler, kimileri i\u00e7in \u00e7ok daha a\u011f\u0131r olan olaylardan \u00e7ok daha fazla geni\u015f kesimlerin belle\u011fine sars\u0131c\u0131 kay\u0131tlar d\u00fc\u015f\u00fcyor. Kurban \u015fu veya bu \u00f6rg\u00fct\u00fcn bir \u00fcyesi veya s\u00f6zc\u00fcs\u00fc de\u011fil i\u00e7imizden biri, k\u0131saca sokaktaki vatanda\u015f olarak belirince durumun vehameti \u00e7ok daha a\u00e7\u0131k bir hal al\u0131yor.<\/p>\n<p style=\"text-align: justify;\">12 Ey\u00fcl\u2019le ili\u015fkideki kopu\u015f tarihimizin bir dizi konusu i\u00e7in de ge\u00e7erli. 1908\u2019in 100. y\u0131l\u0131 anmas\u0131nda bunu t\u00fcm a\u00e7\u0131kl\u0131\u011f\u0131yla g\u00f6rd\u00fck. \u00d6te yandan K\u00fcrt meselesinden, Ermeni meselesine veya i\u015f\u00e7i hareketinin ve sosyalist hareketin tarihine ili\u015fkin b\u00fct\u00fcnl\u00fckl\u00fc bir bellek olmad\u0131\u011f\u0131ndan k\u00f6hne d\u00fcnyadan \u00f6zg\u00fcrle\u015fime ili\u015fkin bilincimizde sakatl\u0131klar, kesiklikler oluyor ve bu da eylemimize, ya\u015fad\u0131\u011f\u0131m\u0131z hayata yans\u0131yor. Ancak tarihle ili\u015fkideki bu kopukluk bize has de\u011fil. \u0130spanya \u0130\u00e7 Sava\u015f\u0131 gibi insanl\u0131k tarihi a\u00e7\u0131s\u0131ndan dramatik bir olay ancak on y\u0131ld\u0131r kendi \u00fclkesinde bilince \u00e7\u0131kmakta. Bu da \u00f6zg\u00fcrl\u00fck ve e\u015fitlik m\u00fccadelesinin vazge\u00e7ilmez bir par\u00e7as\u0131.<\/p>\n<p style=\"text-align: justify;\"><span style=\"color: #000000;\"><strong>Masis K\u00fcrk\u00e7\u00fcgil\u00a0<\/strong><\/span><\/p>\n<p style=\"text-align: justify;\"><span style=\"color: #888888;\">(Bu yaz\u0131 Mesele dergisinin Eyl\u00fcl 2009 tarihli say\u0131s\u0131nda yay\u0131mlanm\u0131\u015ft\u0131r.)<\/span><\/p>\n<p style=\"text-align: justify;\"><a href=\"http:\/\/www.birgun.net\/politics_index.php?news_code=1315912635&amp;day=13&amp;month=09&amp;year=2011\" target=\"_blank\">Kaynak : BirG\u00fcn<\/a><\/p>\n","protected":false},"excerpt":{"rendered":"<p style=\"text-align: center;\">\n<p style=\"text-align: justify;\">Yak\u0131nda otuzuncu y\u0131l\u0131n\u0131 dolduracak olan 12 Eyl\u00fcl\u2019e ili\u015fkin kitaplar, programlar, tart\u0131\u015fmalar belki de \u015fimdiden tezg\u00e2hlara s\u00fcr\u00fclm\u00fc\u015ft\u00fcr. Daha d\u00fcn 68\u2019in k\u0131rk\u0131nc\u0131 y\u0131l\u0131 an\u0131ld\u0131, m\u00fclakatlar yap\u0131ld\u0131, kitaplar bas\u0131ld\u0131. Sonra herkes k\u00f6\u015fesine \u00e7ekildi. Anmalar, polemikler ar\u015fivlerde zarars\u0131z tart\u0131\u015fmalar klas\u00f6rlerinde yerlerini ald\u0131lar. Belleklerde kalan da eski muharipler cemiyetindeki muhabetlerden ibaretti. Okunmas\u0131 elzem kitaplar\u0131n miktar\u0131na <\/p>\n","protected":false},"author":1,"featured_media":0,"comment_status":"open","ping_status":"open","sticky":false,"template":"","format":"standard","meta":{"footnotes":""},"categories":[105],"tags":[],"class_list":["post-39807","post","type-post","status-publish","format-standard","hentry","category-gundem","odd"],"_links":{"self":[{"href":"http:\/\/www.korhanyilmaz.com\/index.php?rest_route=\/wp\/v2\/posts\/39807","targetHints":{"allow":["GET"]}}],"collection":[{"href":"http:\/\/www.korhanyilmaz.com\/index.php?rest_route=\/wp\/v2\/posts"}],"about":[{"href":"http:\/\/www.korhanyilmaz.com\/index.php?rest_route=\/wp\/v2\/types\/post"}],"author":[{"embeddable":true,"href":"http:\/\/www.korhanyilmaz.com\/index.php?rest_route=\/wp\/v2\/users\/1"}],"replies":[{"embeddable":true,"href":"http:\/\/www.korhanyilmaz.com\/index.php?rest_route=%2Fwp%2Fv2%2Fcomments&post=39807"}],"version-history":[{"count":0,"href":"http:\/\/www.korhanyilmaz.com\/index.php?rest_route=\/wp\/v2\/posts\/39807\/revisions"}],"wp:attachment":[{"href":"http:\/\/www.korhanyilmaz.com\/index.php?rest_route=%2Fwp%2Fv2%2Fmedia&parent=39807"}],"wp:term":[{"taxonomy":"category","embeddable":true,"href":"http:\/\/www.korhanyilmaz.com\/index.php?rest_route=%2Fwp%2Fv2%2Fcategories&post=39807"},{"taxonomy":"post_tag","embeddable":true,"href":"http:\/\/www.korhanyilmaz.com\/index.php?rest_route=%2Fwp%2Fv2%2Ftags&post=39807"}],"curies":[{"name":"wp","href":"https:\/\/api.w.org\/{rel}","templated":true}]}}