{"id":39796,"date":"2011-09-13T11:23:51","date_gmt":"2011-09-13T08:23:51","guid":{"rendered":"http:\/\/www.korhanyilmaz.com\/?p=39796"},"modified":"2011-09-13T13:06:56","modified_gmt":"2011-09-13T10:06:56","slug":"semdinlide-kepenkler-kapali","status":"publish","type":"post","link":"http:\/\/www.korhanyilmaz.com\/?p=39796","title":{"rendered":"\u015eemdinli&#8217;de kepenkler kapal\u0131"},"content":{"rendered":"<p style=\"text-align: justify;\"><a href=\"http:\/\/www.korhanyilmaz.com\/wp-content\/uploads\/2011\/09\/5063.jpg\"  class=\"lightview\"><img loading=\"lazy\" decoding=\"async\" class=\"aligncenter size-full wp-image-39798\" title=\"\" src=\"http:\/\/www.korhanyilmaz.com\/wp-content\/uploads\/2011\/09\/5063.jpg\" alt=\"\" width=\"312\" height=\"215\" \/><\/a><\/p>\n<p style=\"text-align: justify;\">\u015eemdinli&#8217;de 3 vatanda\u015f ile 2 g\u00fcvenlik g\u00f6revlisinin ya\u015fam\u0131n\u0131 yitirdi\u011fi PKK sald\u0131r\u0131s\u0131 sonras\u0131nda esnaf bug\u00fcn de kepenklerini a\u00e7mad\u0131.<\/p>\n<p style=\"text-align: justify;\">Hakkari\u2019nin \u015eemdinli \u0130l\u00e7esi\u2019nde \u00f6nceki g\u00fcn \u00e7\u0131kan \u00e7at\u0131\u015fmada 1 polis ve 1 askerin \u015fehit olmas\u0131, 3 vatanda\u015f\u0131n ya\u015fam\u0131n\u0131 yitirmesi ve 12 ki\u015finin de yaralanmas\u0131n\u0131n ard\u0131ndan esnaf bug\u00fcn de kepenklerini a\u00e7mad\u0131.\u00a0<!--more--><\/p>\n<p style=\"text-align: justify;\">PKK\u2019l\u0131lar\u0131n sava\u015f alan\u0131na \u00e7evirdi\u011fi \u015eemdinli il\u00e7esinde d\u00fcn oldu\u011fu gibi bug\u00fcn de sabah saatlerinde esnaf kepenklerini a\u00e7mad\u0131. Sessizli\u011fin hakim oldu\u011fu il\u00e7e merkezinde otopsi i\u00e7in Van\u2019da bekletilen 3 cenazenin gelmesi bekleniyor. \u00c7at\u0131\u015fman\u0131n ard\u0131ndan PKK\u2019l\u0131lara y\u00f6nelik ba\u015flat\u0131lan operasyonlar ise devam ediyor.<\/p>\n<p style=\"text-align: justify;\"><a href=\"http:\/\/www.cnnturk.com\/2011\/turkiye\/09\/13\/semdinlide.kepenkler.kapali\/629085.0\/index.html\" target=\"_blank\">Kaynak : CNN T\u00dcRK<\/a><\/p>\n","protected":false},"excerpt":{"rendered":"<p style=\"text-align: justify;\">\n<p style=\"text-align: justify;\">\u015eemdinli&#8217;de 3 vatanda\u015f ile 2 g\u00fcvenlik g\u00f6revlisinin ya\u015fam\u0131n\u0131 yitirdi\u011fi PKK sald\u0131r\u0131s\u0131 sonras\u0131nda esnaf bug\u00fcn de kepenklerini a\u00e7mad\u0131.<\/p>\n<p style=\"text-align: justify;\">Hakkari\u2019nin \u015eemdinli \u0130l\u00e7esi\u2019nde \u00f6nceki g\u00fcn \u00e7\u0131kan \u00e7at\u0131\u015fmada 1 polis ve 1 askerin \u015fehit olmas\u0131, 3 vatanda\u015f\u0131n ya\u015fam\u0131n\u0131 yitirmesi ve 12 ki\u015finin de yaralanmas\u0131n\u0131n ard\u0131ndan esnaf bug\u00fcn de kepenklerini a\u00e7mad\u0131. <\/p>\n","protected":false},"author":1,"featured_media":0,"comment_status":"open","ping_status":"open","sticky":false,"template":"","format":"standard","meta":{"footnotes":""},"categories":[105],"tags":[],"class_list":["post-39796","post","type-post","status-publish","format-standard","hentry","category-gundem","odd"],"_links":{"self":[{"href":"http:\/\/www.korhanyilmaz.com\/index.php?rest_route=\/wp\/v2\/posts\/39796","targetHints":{"allow":["GET"]}}],"collection":[{"href":"http:\/\/www.korhanyilmaz.com\/index.php?rest_route=\/wp\/v2\/posts"}],"about":[{"href":"http:\/\/www.korhanyilmaz.com\/index.php?rest_route=\/wp\/v2\/types\/post"}],"author":[{"embeddable":true,"href":"http:\/\/www.korhanyilmaz.com\/index.php?rest_route=\/wp\/v2\/users\/1"}],"replies":[{"embeddable":true,"href":"http:\/\/www.korhanyilmaz.com\/index.php?rest_route=%2Fwp%2Fv2%2Fcomments&post=39796"}],"version-history":[{"count":0,"href":"http:\/\/www.korhanyilmaz.com\/index.php?rest_route=\/wp\/v2\/posts\/39796\/revisions"}],"wp:attachment":[{"href":"http:\/\/www.korhanyilmaz.com\/index.php?rest_route=%2Fwp%2Fv2%2Fmedia&parent=39796"}],"wp:term":[{"taxonomy":"category","embeddable":true,"href":"http:\/\/www.korhanyilmaz.com\/index.php?rest_route=%2Fwp%2Fv2%2Fcategories&post=39796"},{"taxonomy":"post_tag","embeddable":true,"href":"http:\/\/www.korhanyilmaz.com\/index.php?rest_route=%2Fwp%2Fv2%2Ftags&post=39796"}],"curies":[{"name":"wp","href":"https:\/\/api.w.org\/{rel}","templated":true}]}}