{"id":39788,"date":"2011-09-12T15:53:55","date_gmt":"2011-09-12T12:53:55","guid":{"rendered":"http:\/\/www.korhanyilmaz.com\/?p=39788"},"modified":"2011-09-13T03:52:29","modified_gmt":"2011-09-13T00:52:29","slug":"12-eylul-darbesi-akp-icin-mi-yapildi","status":"publish","type":"post","link":"http:\/\/www.korhanyilmaz.com\/?p=39788","title":{"rendered":"12 Eyl\u00fcl Darbesi AKP i\u00e7in mi yap\u0131ld\u0131?"},"content":{"rendered":"<p style=\"text-align: center;\"><a href=\"http:\/\/www.korhanyilmaz.com\/wp-content\/uploads\/2011\/09\/5062.jpg\"  class=\"lightview\"><img loading=\"lazy\" decoding=\"async\" class=\"aligncenter size-full wp-image-39789\" src=\"http:\/\/www.korhanyilmaz.com\/wp-content\/uploads\/2011\/09\/5062.jpg\" alt=\"\" width=\"356\" height=\"246\" \/><\/a><\/p>\n<p style=\"text-align: justify;\">12 Eyl\u00fcl fa\u015fist darbesinin 31. y\u0131l d\u00f6n\u00fcm\u00fcnde, cuntac\u0131lar\u0131n ba\u015flatt\u0131\u011f\u0131 s\u00fcrecin bir &#8220;s\u00fcrekli kar\u015f\u0131 &#8211; devrim&#8221; i\u00e7erdi\u011fi ve AKP&#8217;nin anlay\u0131\u015f\u0131n\u0131n haz\u0131rland\u0131\u011f\u0131 a\u00e7\u0131k\u00e7a g\u00f6r\u00fcl\u00fcyor.<\/p>\n<p style=\"text-align: justify;\">Darbeden sonra orta\u00f6\u011fretimde zorunlu din dersi uygulamas\u0131n\u0131n ba\u015flat\u0131lmas\u0131, generallerin Kuran&#8217;dan ayetler okumas\u0131, gerici \u00f6rg\u00fctlenmelere ve cemaatlere m\u00fcsamaha g\u00f6sterilmesi bu politikan\u0131n \u00fcr\u00fcnleriydi.<!--more--><\/p>\n<p style=\"text-align: justify;\">AKP, bu s\u00fcreci nihayete erdirerek, gerici bir siyasal olu\u015fum olarak iktidar olmay\u0131 ba\u015fard\u0131. Darbecilerin 12 Eyl\u00fcl\u2019de T\u00fcrkiye topraklar\u0131na ektikleri tohumlar, AKP d\u00f6neminde meyve verdi. RABITA \u00f6rg\u00fct\u00fc paralar\u0131yla imamlar yurt d\u0131\u015f\u0131nda &#8220;sivil&#8221; e\u011fitimden ge\u00e7irildi.<\/p>\n<p style=\"text-align: justify;\">Cumhuriyet&#8217;in kendisinin yeti\u015ftirdi\u011fi t\u00fcm ilerici de\u011ferler (TDK-TTK) ve Atat\u00fcrk\u00e7\u00fcs\u00fcnden en sol cepheye kadar y\u00fcz binlerce insan i\u015fkenceden ge\u00e7irilip &#8220;alan temizli\u011fi&#8221; yap\u0131ld\u0131.<\/p>\n<p style=\"text-align: justify;\">Okullara &#8220;T\u00fcrk-\u0130slam sentezi&#8221;ne uygun asistanlar al\u0131nd\u0131. Devletin t\u00fcm kademeleri bug\u00fcn k\u0131rp\u0131k b\u0131y\u0131klar\u0131yla mantar gibi \u00e7o\u011falan anlay\u0131\u015flara sahip insanlara a\u00e7\u0131ld\u0131.<\/p>\n<p style=\"text-align: justify;\">*<\/p>\n<p style=\"text-align: justify;\">Darbe sabah\u0131 Beyaz Saray&#8217;da, &#8220;Bizim \u00e7ocuklar ba\u015fard\u0131&#8221; konu\u015fmas\u0131 ge\u00e7mi\u015fti. Biz bu &#8220;boy&#8221;lar\u0131 hep Kenan Evren ve &#8220;Konsey&#8221; \u00fcyesi generaller sand\u0131k.<\/p>\n<p style=\"text-align: justify;\">Oysa &#8220;bizim \u00e7ocuklar&#8221;dan kastedilen, \u00fclkemizde y\u0131llard\u0131r darbe haz\u0131rl\u0131\u011f\u0131-k\u0131\u015fk\u0131rt\u0131c\u0131l\u0131\u011f\u0131 faaliyetlerinde bulunan CIA operat\u00f6rleriydi! (Yazar Say\u0131n Mustafa Y\u0131ld\u0131r\u0131m&#8217;a bu dikkati i\u00e7in te\u015fekk\u00fcr etmeliyiz.)<\/p>\n<p style=\"text-align: justify;\">Siyasi nedenlerle 1975-12 Eyl\u00fcl 1980 aras\u0131 toplam 5338 ki\u015fi \u00f6ld\u00fcr\u00fclm\u00fc\u015ft\u00fc.<\/p>\n<p style=\"text-align: justify;\">1975: 22 sol + 8 sa\u011f + 12 di\u011fer = 42 \u00f6l\u00fc<\/p>\n<p style=\"text-align: justify;\">1976: 62 sol + 26 sa\u011f + 31 di\u011fer = 119 \u00f6l\u00fc<\/p>\n<p style=\"text-align: justify;\">1977: 85 sol + 71 sa\u011f + 82 di\u011fer = 238 \u00f6l\u00fc<\/p>\n<p style=\"text-align: justify;\">1978: 502 sol + 216 sa\u011f + 331 di\u011fer = 1049 \u00f6l\u00fc<\/p>\n<p style=\"text-align: justify;\">1979: 488 sol + 418 sa\u011f + 463 di\u011fer = 1369 \u00f6l\u00fc<\/p>\n<p style=\"text-align: justify;\">1980: 840 sol + 558 sa\u011f + 1051 di\u011fer = 2499 \u00f6l\u00fc<\/p>\n<p style=\"text-align: justify;\">TOPLAM: 5338<\/p>\n<p style=\"text-align: justify;\">G\u00f6r\u00fcld\u00fc\u011f\u00fc gibi sald\u0131r\u0131n\u0131n yar\u0131s\u0131ndan fazlas\u0131, 1 Ocak-12 Eyl\u00fcl 1980 tarihi aras\u0131nda, yani 10 ay i\u00e7inde yap\u0131lm\u0131\u015f.<\/p>\n<p style=\"text-align: justify;\">Yani &#8220;our boy&#8221;lar darbe i\u00e7in gaza basm\u0131\u015flar!<\/p>\n<p style=\"text-align: justify;\">(Daha geni\u015f de\u011ferlendirme, Muzaffer \u0130lhan Erdost&#8217;un &#8220;Devletin Korudu\u011fu Fa\u015fizmden Fa\u015fizmin Korudu\u011fu Devlete-12 Eyl\u00fcl&#8217;\u00fcn \u0130ki Y\u00fcz\u00fc&#8221; adl\u0131 kitab\u0131ndan edinilebilir.)<\/p>\n<p style=\"text-align: justify;\">*<\/p>\n<p style=\"text-align: justify;\">Cuntac\u0131 &#8220;Konsey&#8221; &#8220;\u00f6zt\u00fcrk\u00e7e&#8221; d\u00fc\u015fman\u0131yd\u0131. \u0130lk yapt\u0131klar\u0131 i\u015f resmi yaz\u0131\u015fmalarda, okullarda, \u00fcniversitelerde &#8220;devrim&#8221;, &#8220;soyut&#8221;, &#8220;somut&#8221;, &#8220;yan\u0131t&#8221; gibi s\u00f6zc\u00fckleri yasaklamak olmu\u015ftur.<\/p>\n<p style=\"text-align: justify;\">Ancak Kenan Evren, soyad\u0131n\u0131 yasaklamay\u0131 unutmu\u015ftu!<\/p>\n<p style=\"text-align: justify;\">Ad\u0131n\u0131 &#8220;Kenan Kainat!&#8221; olarak de\u011fi\u015ftirmesi gerekmekteydi.<\/p>\n<p style=\"text-align: justify;\">*<\/p>\n<p style=\"text-align: justify;\">24 Ocak kararlar\u0131 + 12 Eyl\u00fcl + Turgut \u00d6zal +AKP = &#8220;Yeni Anayasa&#8221; s\u00fcrecine geldik.<\/p>\n<p style=\"text-align: justify;\">12 Eyl\u00fcl dincili\u011fin art\u0131r\u0131lmas\u0131 demekti, AKP onu iktidar yapt\u0131!<\/p>\n<p style=\"text-align: justify;\">12 Eyl\u00fcl piyasan\u0131n \u00f6n\u00fcn\u00fc a\u00e7t\u0131, AKP onun diktat\u00f6rl\u00fc\u011f\u00fcn\u00fc ilan etti!<\/p>\n<p style=\"text-align: justify;\">T\u00fcrkiye, AKP d\u00f6neminde, generallerin, turgut \u00d6zal&#8217;in r\u00fcyas\u0131nda bile g\u00f6remeyece\u011fi c\u00fcrette Cumhuriyet tarihinin en b\u00fcy\u00fck \u00f6zelle\u015ftirmesine tan\u0131kl\u0131k etti; otoyollardan, derelere kadar sat\u0131labilecek her \u015feyin sat\u0131ld\u0131\u011f\u0131na \u015fahit oldu.<\/p>\n<p style=\"text-align: justify;\">AKP, &#8220;darbe kar\u015f\u0131t\u0131&#8221; oldu\u011fu arg\u00fcman\u0131n\u0131 en \u00e7ok anayasa ba\u015fl\u0131\u011f\u0131nda kullan\u0131yor. Ancak burada da g\u00f6r\u00fcl\u00fcyor ki 12 Eyl\u00fcl\u2019\u00fc yapanlar ile AKP aras\u0131nda tam bir tutarl\u0131l\u0131k var:<\/p>\n<p style=\"text-align: justify;\">Darbeciler, o y\u0131llarda topluma egemen olamayan burjuva siyaset\u00e7ilerinden iktidar\u0131 emanet ald\u0131. 1980 Anayasas\u0131 da bu s\u00fcrecin mant\u0131\u011f\u0131na uygun olarak haz\u0131rlanm\u0131\u015f ve bask\u0131c\u0131 bir nitelik ta\u015f\u0131m\u0131\u015ft\u0131r.<\/p>\n<p style=\"text-align: justify;\">AKP d\u00f6neminde topyek\u00fcn yeni bir Anayasan\u0131n yap\u0131m\u0131 \u00e7al\u0131\u015fmalar\u0131na girilmesi ise yine piyasa d\u00fczeninin ihtiya\u00e7lar\u0131 ile ilgilidir. AKP d\u00f6neminde bu emanet geri al\u0131nmak istenmekte, piyasa bask\u0131s\u0131 bu sefer sivil otoritenin mutlak hakimiyeti ile y\u00fcr\u00fct\u00fclmek istenmektedir!<\/p>\n<p style=\"text-align: justify;\">Yal\u00e7\u0131n K\u00fc\u00e7\u00fck&#8217;\u00fcn deyimiyle, &#8220;Bu Cumhuriyet&#8217;i askerler kurdu, 12 Eyl\u00fcl 1980&#8217;de yine kendi elleriyle y\u0131kt\u0131lar!&#8221;<\/p>\n<p style=\"text-align: justify;\">*<\/p>\n<p style=\"text-align: justify;\">Evren ve Erdo\u011fan 1998 y\u0131l\u0131nda Mehmet A\u011far&#8217;\u0131n o\u011flunun nikah t\u00f6reninde kar\u015f\u0131la\u015fm\u0131\u015flard\u0131. Evren nikah \u015fahidi, B\u00fcy\u00fck\u015fehir Belediye Ba\u015fkan\u0131 olarak da Erdo\u011fan nikah k\u0131ym\u0131\u015f. B\u00fcy\u00fck Kul\u00fcp&#8217;te ger\u00e7ekle\u015fen nikah\u0131 gazeteler &#8220;B\u00fcy\u00fck Kul\u00fcp&#8217;te B\u00fcy\u00fck Bulu\u015fma!&#8221; diye sundu.<\/p>\n<p style=\"text-align: justify;\">T\u00f6ren bitikten sonra Erdo\u011fan ile aralar\u0131ndaki konu\u015fmay\u0131 Evren, \u015f\u00f6yle aktar\u0131yor:<\/p>\n<p style=\"text-align: justify;\">&#8220;Oturdu\u011fum masaya geldi&#8230; Konu\u015ftuk&#8230;<\/p>\n<p style=\"text-align: justify;\">Ona Devlet Ba\u015fkanl\u0131\u011f\u0131m s\u0131ras\u0131nda, zaman\u0131n belediye ba\u015fkan\u0131 Bedrettin Dalan&#8217;a yapt\u0131\u011f\u0131m yard\u0131mlardan falan s\u00f6z ettim. Bunun \u00fczerine Tayyip Erdo\u011fan bana; ahh pa\u015fam ahh&#8230; Sizin zaman\u0131n\u0131zda ben olacakt\u0131m ki belediye ba\u015fkan\u0131&#8230; Neler neler yapard\u0131m&#8230;<\/p>\n<p style=\"text-align: justify;\">Sizin deste\u011finizle \u0130stanbul&#8217;u u\u00e7ururdum!.. dedi.&#8221;<\/p>\n<p style=\"text-align: justify;\">*<\/p>\n<p style=\"text-align: justify;\">\u015eimdi AKP iktidar\u0131, darbecilerce metamorfoza u\u011frat\u0131lm\u0131\u015f halk\u0131n katk\u0131s\u0131yla ABD politikalar\u0131 i\u00e7in T\u00fcrkiye&#8217;yi Ortado\u011fu&#8217;ya do\u011fru &#8220;u\u00e7uruyor&#8221;!<\/p>\n<p style=\"text-align: justify;\"><a href=\"http:\/\/www.odatv.com\/n.php?n=12-eylul-darbesi-akp-icin-mi-yapildi-1209111200\" target=\"_blank\">Kaynak : Maria \u015eat\u0131ro\u011flu &#8211;\u00a0Odatv.com<\/a><\/p>\n","protected":false},"excerpt":{"rendered":"<p style=\"text-align: center;\">\n<p style=\"text-align: justify;\">12 Eyl\u00fcl fa\u015fist darbesinin 31. y\u0131l d\u00f6n\u00fcm\u00fcnde, cuntac\u0131lar\u0131n ba\u015flatt\u0131\u011f\u0131 s\u00fcrecin bir &#8220;s\u00fcrekli kar\u015f\u0131 &#8211; devrim&#8221; i\u00e7erdi\u011fi ve AKP&#8217;nin anlay\u0131\u015f\u0131n\u0131n haz\u0131rland\u0131\u011f\u0131 a\u00e7\u0131k\u00e7a g\u00f6r\u00fcl\u00fcyor.<\/p>\n<p style=\"text-align: justify;\">Darbeden sonra orta\u00f6\u011fretimde zorunlu din dersi uygulamas\u0131n\u0131n ba\u015flat\u0131lmas\u0131, generallerin Kuran&#8217;dan ayetler okumas\u0131, gerici \u00f6rg\u00fctlenmelere ve cemaatlere m\u00fcsamaha g\u00f6sterilmesi bu politikan\u0131n \u00fcr\u00fcnleriydi.<\/p>\n","protected":false},"author":1,"featured_media":0,"comment_status":"open","ping_status":"open","sticky":false,"template":"","format":"standard","meta":{"footnotes":""},"categories":[105],"tags":[],"class_list":["post-39788","post","type-post","status-publish","format-standard","hentry","category-gundem","odd"],"_links":{"self":[{"href":"http:\/\/www.korhanyilmaz.com\/index.php?rest_route=\/wp\/v2\/posts\/39788","targetHints":{"allow":["GET"]}}],"collection":[{"href":"http:\/\/www.korhanyilmaz.com\/index.php?rest_route=\/wp\/v2\/posts"}],"about":[{"href":"http:\/\/www.korhanyilmaz.com\/index.php?rest_route=\/wp\/v2\/types\/post"}],"author":[{"embeddable":true,"href":"http:\/\/www.korhanyilmaz.com\/index.php?rest_route=\/wp\/v2\/users\/1"}],"replies":[{"embeddable":true,"href":"http:\/\/www.korhanyilmaz.com\/index.php?rest_route=%2Fwp%2Fv2%2Fcomments&post=39788"}],"version-history":[{"count":0,"href":"http:\/\/www.korhanyilmaz.com\/index.php?rest_route=\/wp\/v2\/posts\/39788\/revisions"}],"wp:attachment":[{"href":"http:\/\/www.korhanyilmaz.com\/index.php?rest_route=%2Fwp%2Fv2%2Fmedia&parent=39788"}],"wp:term":[{"taxonomy":"category","embeddable":true,"href":"http:\/\/www.korhanyilmaz.com\/index.php?rest_route=%2Fwp%2Fv2%2Fcategories&post=39788"},{"taxonomy":"post_tag","embeddable":true,"href":"http:\/\/www.korhanyilmaz.com\/index.php?rest_route=%2Fwp%2Fv2%2Ftags&post=39788"}],"curies":[{"name":"wp","href":"https:\/\/api.w.org\/{rel}","templated":true}]}}