{"id":39784,"date":"2011-09-12T14:17:29","date_gmt":"2011-09-12T11:17:29","guid":{"rendered":"http:\/\/www.korhanyilmaz.com\/?p=39784"},"modified":"2011-09-13T03:42:21","modified_gmt":"2011-09-13T00:42:21","slug":"erdoganin-gorevi-abdye-karsi-isbirligini-onlemek","status":"publish","type":"post","link":"http:\/\/www.korhanyilmaz.com\/?p=39784","title":{"rendered":"Erdo\u011fan&#8217;\u0131n g\u00f6revi ABD&#8217;ye kar\u015f\u0131 i\u015fbirli\u011fini \u00f6nlemek"},"content":{"rendered":"<p style=\"text-align: center;\"><a href=\"http:\/\/www.korhanyilmaz.com\/wp-content\/uploads\/2011\/09\/5061.jpg\"  class=\"lightview\"><img loading=\"lazy\" decoding=\"async\" class=\"aligncenter size-full wp-image-39785\" src=\"http:\/\/www.korhanyilmaz.com\/wp-content\/uploads\/2011\/09\/5061.jpg\" alt=\"\" width=\"400\" height=\"228\" \/><\/a><\/p>\n<p style=\"text-align: justify;\">Tayyip Erdo\u011fan bug\u00fcn M\u0131s\u0131r&#8217;a gidiyor. Erdo\u011fan&#8217;\u0131n M\u0131s\u0131r&#8217;\u0131n ard\u0131ndan Tunus ve Libya&#8217;y\u0131 da ziyaret edece\u011fi bildirildi. Ulusal Kanal yanda\u015f bas\u0131n\u0131n &#8220;Arap Bahar\u0131 Turu&#8221; olarak adland\u0131rd\u0131\u011f\u0131 M\u0131s\u0131r, Tunus ve Libya ziyaretlerinin arkas\u0131nda yatan ger\u00e7e\u011fi ara\u015ft\u0131rd\u0131.<\/p>\n<p style=\"text-align: justify;\">Tayyip Erdo\u011fan M\u0131s\u0131r, Tunus ve Libya&#8217;y\u0131 kapsayan ziyaretine bug\u00fcn ba\u015fl\u0131yor.\u00a0<!--more--><\/p>\n<p style=\"text-align: justify;\">Erdo\u011fan&#8217;\u0131n Arap \u00fclkelerine seferinden \u00f6nce Amerikan D\u0131\u015fi\u015fleri Bakan\u0131 Hillary Clinton T\u00fcrkiye&#8217;nin b\u00f6lgedeki yeni g\u00f6revini ilan etti.<\/p>\n<p style=\"text-align: justify;\">Washington y\u00f6netimi Afrika ve Ortado\u011fu&#8217;da Amerika&#8217;ya engel te\u015fkil edebilecek \u00fclkeleri denetim alt\u0131na almak i\u00e7in &#8220;Ter\u00f6rizmle M\u00fccadele Forumu&#8221; ad\u0131 alt\u0131nda yeni bir giri\u015fim ba\u015flat\u0131yor. Afrika ve Ortado\u011fu&#8217;da Amerika kar\u015f\u0131s\u0131nda bir blok olu\u015fmas\u0131n\u0131n engelleme g\u00f6revi de e\u015fba\u015fkan Tayyip Erdo\u011fan&#8217;a verildi.<\/p>\n<p style=\"text-align: justify;\">Tayyip Erdo\u011fan&#8217;\u0131n M\u0131s\u0131r, Tunus ve Libya ziyareti&#8217;nde Suriye&#8217;ye kar\u015f\u0131 Amerikan politikalar\u0131na destek \u00e7a\u011fr\u0131s\u0131 yapmas\u0131 bekleniyor. Erdo\u011fan&#8217;\u0131n Arap \u00fclkeleriyle Amerika aras\u0131nda k\u00f6pr\u00fc kurarak b\u00f6lgesel i\u015fbirli\u011finin \u00f6n\u00fcne ge\u00e7mesi de g\u00f6revleri aras\u0131nda g\u00f6steriliyor.<\/p>\n<p style=\"text-align: justify;\">Amerika&#8217;n\u0131n Be\u015far Esad y\u00f6netimini devirme ve T\u00fcrkiye&#8217;ye yeni radar sistemi yerle\u015ftirme giri\u015fimleri b\u00f6lge \u00fclkelerinin b\u00fcy\u00fck tepkisine yol a\u00e7t\u0131. \u00c7in, Rusya, Hindistan, Brezilya ve G\u00fcney Afrika&#8217;dan olu\u015fan BRICS \u00fclkeleri Suriye y\u00f6netimine tam destek verdi. B\u00f6lgenin iki kilit \u00fclkesi Rusya ve \u0130ran da f\u00fcze kalkan\u0131 projesine kar\u015f\u0131 sessiz kalmayacaklar\u0131n\u0131 duyurdular.<\/p>\n<p style=\"text-align: justify;\">Amerika ve bat\u0131 \u00fclkelerinin Ortado\u011fu&#8217;yu yeniden \u015fekillendirme giri\u015fimlerine kar\u015f\u0131 b\u00f6lge \u00fclkeleri aras\u0131ndaki i\u015fbirli\u011fi s\u00fcreci giderek h\u0131z kazanm\u0131\u015f durumda. Rusya, Suriye, \u0130ran heyetlerinden i\u015fbirli\u011fi ve destek mesajlar\u0131 geliyor. Ortado\u011fu&#8217;da Amerika&#8217;ya kar\u015f\u0131 i\u015fbirli\u011fi s\u00fcrecinin geli\u015fmesi Washington y\u00f6netiminin kayg\u0131lar\u0131n\u0131 artt\u0131rd\u0131. \u0130\u015fte bu s\u00fcre\u00e7te Amerika&#8217;n\u0131n imdad\u0131na AKP h\u00fck\u00fcmeti ve e\u015fba\u015fkan Tayyip Erdo\u011fan yeti\u015fti.<\/p>\n<p style=\"text-align: justify;\">\u00c7in&#8217;in Ortado\u011fu ve Afrika \u00fclkeleriyle ekonomik ve siyasal ili\u015fkilerini geli\u015ftirmesi Washington y\u00f6netiminin kayg\u0131lar\u0131n\u0131 artt\u0131ran bir ba\u015fka \u00f6nemli geli\u015fme olarak dikkat \u00e7ekiyor.<\/p>\n<p style=\"text-align: justify;\"><a href=\"http:\/\/www.ulusalkanal.com.tr\/index.php?option=com_content&amp;view=article&amp;id=22091:-erdoanin-goerev-abdye-kari-brln-oenlemek&amp;catid=49:guencel-&amp;Itemid=174\" target=\"_blank\">Kaynak : ulusalkanal.com.tr<\/a><\/p>\n<p>&nbsp;<\/p>\n","protected":false},"excerpt":{"rendered":"<p style=\"text-align: center;\">\n<p style=\"text-align: justify;\">Tayyip Erdo\u011fan bug\u00fcn M\u0131s\u0131r&#8217;a gidiyor. Erdo\u011fan&#8217;\u0131n M\u0131s\u0131r&#8217;\u0131n ard\u0131ndan Tunus ve Libya&#8217;y\u0131 da ziyaret edece\u011fi bildirildi. Ulusal Kanal yanda\u015f bas\u0131n\u0131n &#8220;Arap Bahar\u0131 Turu&#8221; olarak adland\u0131rd\u0131\u011f\u0131 M\u0131s\u0131r, Tunus ve Libya ziyaretlerinin arkas\u0131nda yatan ger\u00e7e\u011fi ara\u015ft\u0131rd\u0131.<\/p>\n<p style=\"text-align: justify;\">Tayyip Erdo\u011fan M\u0131s\u0131r, Tunus ve Libya&#8217;y\u0131 kapsayan ziyaretine bug\u00fcn ba\u015fl\u0131yor. <\/p>\n","protected":false},"author":1,"featured_media":0,"comment_status":"open","ping_status":"open","sticky":false,"template":"","format":"standard","meta":{"footnotes":""},"categories":[105],"tags":[],"class_list":["post-39784","post","type-post","status-publish","format-standard","hentry","category-gundem","odd"],"_links":{"self":[{"href":"http:\/\/www.korhanyilmaz.com\/index.php?rest_route=\/wp\/v2\/posts\/39784","targetHints":{"allow":["GET"]}}],"collection":[{"href":"http:\/\/www.korhanyilmaz.com\/index.php?rest_route=\/wp\/v2\/posts"}],"about":[{"href":"http:\/\/www.korhanyilmaz.com\/index.php?rest_route=\/wp\/v2\/types\/post"}],"author":[{"embeddable":true,"href":"http:\/\/www.korhanyilmaz.com\/index.php?rest_route=\/wp\/v2\/users\/1"}],"replies":[{"embeddable":true,"href":"http:\/\/www.korhanyilmaz.com\/index.php?rest_route=%2Fwp%2Fv2%2Fcomments&post=39784"}],"version-history":[{"count":0,"href":"http:\/\/www.korhanyilmaz.com\/index.php?rest_route=\/wp\/v2\/posts\/39784\/revisions"}],"wp:attachment":[{"href":"http:\/\/www.korhanyilmaz.com\/index.php?rest_route=%2Fwp%2Fv2%2Fmedia&parent=39784"}],"wp:term":[{"taxonomy":"category","embeddable":true,"href":"http:\/\/www.korhanyilmaz.com\/index.php?rest_route=%2Fwp%2Fv2%2Fcategories&post=39784"},{"taxonomy":"post_tag","embeddable":true,"href":"http:\/\/www.korhanyilmaz.com\/index.php?rest_route=%2Fwp%2Fv2%2Ftags&post=39784"}],"curies":[{"name":"wp","href":"https:\/\/api.w.org\/{rel}","templated":true}]}}