{"id":39773,"date":"2011-09-10T21:45:49","date_gmt":"2011-09-10T18:45:49","guid":{"rendered":"http:\/\/www.korhanyilmaz.com\/?p=39773"},"modified":"2011-09-11T09:17:04","modified_gmt":"2011-09-11T06:17:04","slug":"baykal%e2%80%99a-komplo-iddianamede","status":"publish","type":"post","link":"http:\/\/www.korhanyilmaz.com\/?p=39773","title":{"rendered":"Baykal\u2019a komplo iddianamede"},"content":{"rendered":"<p style=\"text-align: center;\"><a href=\"http:\/\/www.korhanyilmaz.com\/wp-content\/uploads\/2011\/09\/5059.jpg\"  class=\"lightview\"><img loading=\"lazy\" decoding=\"async\" class=\"aligncenter size-full wp-image-39774\" src=\"http:\/\/www.korhanyilmaz.com\/wp-content\/uploads\/2011\/09\/5059.jpg\" alt=\"\" width=\"420\" height=\"210\" \/><\/a><\/p>\n<p style=\"text-align: justify;\">OdaTV iddianamesinde, \u0130klim Ayfer Kaleli ile Baykal\u2019\u0131n yapt\u0131\u011f\u0131 telefon g\u00f6r\u00fc\u015fmeleri de yer ald\u0131.<\/p>\n<p style=\"text-align: justify;\">\u0130ddianamede, \u00f6nce \u201cTacize u\u011frad\u0131m\u201d diye OdaTV ve CHP y\u00f6netimine \u015fikayet eden Kaleli\u2019nin bir ba\u015fka telefonda \u201cTohum ektim, bi\u00e7icem\u201d s\u00f6zleri yer al\u0131yor. Savc\u0131 bunu, Halk TV\u2019nin sat\u0131\u015f\u0131 i\u00e7in CHP eski liderine \u015fantaj olarak de\u011ferlendiriyor&#8230;\u00a0<!--more--><\/p>\n<p style=\"text-align: justify;\">ERGENEKON soru\u015fturmas\u0131 kapsam\u0131nda \u00d6zel Yetkili \u0130stanbul Cumhuriyet Savc\u0131s\u0131 Cihan Kans\u0131z taraf\u0131ndan haz\u0131rlanan ve \u00f6nceki g\u00fcn \u0130stanbul 16. A\u011f\u0131r ceza Mahkemesi taraf\u0131ndan kabul edilen Odatv iddianamesinde \u00e7ok ilgin\u00e7 detaylar g\u00f6ze \u00e7arpt\u0131. Yal\u00e7\u0131n K\u00fc\u00e7\u00fck, Soner Yal\u00e7\u0131n, Nedim \u015eener ve Ahmet \u015e\u0131k\u2019\u0131n da san\u0131klar\u0131 aras\u0131nda bulundu\u011fu 12\u2019si tutuklu 14 san\u0131k hakk\u0131nda d\u00fczenlenen 134 sayfal\u0131k iddianamede baz\u0131 \u015f\u00fcphelilerin gizli ses ve g\u00f6r\u00fcnt\u00fc kayd\u0131 yapt\u0131\u011f\u0131 ortaya \u00e7\u0131kt\u0131. \u0130ddianamede dikkat \u00e7eken ayr\u0131nt\u0131 ise san\u0131klardan \u0130klim Ayfer Kaleli\u2019nin evinde bulunan hard disk i\u00e7erisinde gizlice kaydedildi\u011fi anla\u015f\u0131lan 17 adet ses dosyas\u0131 oldu.<\/p>\n<p style=\"text-align: justify;\">Polis taraf\u0131ndan bulunarak el konulan bir hard disk i\u00e7erisinde bulunan 17 adet ses dosyas\u0131n\u0131n yap\u0131lan incelemesinde; san\u0131k Kaleli\u2019nin baz\u0131 ki\u015filerle yapt\u0131\u011f\u0131 telefon g\u00f6r\u00fc\u015fmelerinin kayda al\u0131nd\u0131\u011f\u0131, ses kay\u0131tlar\u0131nda g\u00fcnl\u00fck konulardan ve \u00f6zel hayata ili\u015fkin konulardan bahsedildi\u011fi tespit edildi.<\/p>\n<p style=\"text-align: justify;\">\u0130ddiamade Kaleli\u2019nin Deniz Baykal\u2019la ilgili iddialar\u0131na ili\u015fkin yapt\u0131\u011f\u0131 telefon g\u00f6r\u00fc\u015fmelerine de yer verildi. \u0130ddianamede san\u0131klar\u0131n, Ergenekon\u2019un ama\u00e7lar\u0131 do\u011frultusunda Halk TV\u2019yi ele ge\u00e7irmek i\u00e7in eski CHP Genel Ba\u015fkan\u0131 Deniz Baykal\u2019a \u015fantaj yapt\u0131\u011f\u0131 \u00f6ne s\u00fcr\u00fcl\u00fcyor. \u0130ddianamede Baykal\u2019\u0131n karar\u0131n\u0131 de\u011fi\u015ftirmesinin ard\u0131ndan \u015f\u00fcpheli Soner Yal\u00e7\u0131n\u2019\u0131n Halk TV\u2019yi ele ge\u00e7irmek i\u00e7in \u2018Baykal\u2019\u0131 mecbur b\u0131rakacak faaliyetlere ba\u015fland\u0131\u011f\u0131\u2019 anlat\u0131l\u0131yor. Ve \u0130klim Ayfer Kaleli\u2019nin Baykal\u2019la yapt\u0131\u011f\u0131 telefon g\u00f6r\u00fc\u015fmesinden sonra bir ba\u015fka telefon g\u00f6r\u00fc\u015fmesinde \u201cTohum att\u0131m, k\u0131sa sonra ekicem, bi\u00e7icem\u201d s\u00f6zleri de iddianamede yer al\u0131yor. \u0130ddianamede, Kaleli\u2019nin CHP lideri K\u0131l\u0131\u00e7daro\u011flu\u2019yla \u2018Baykal\u2019la ilgili yapt\u0131\u011f\u0131 g\u00f6r\u00fc\u015fmeyi\u2019 telefonla eski YARSAV Ba\u015fkan\u0131 \u00d6mer Faruk Emina\u011fao\u011flu\u2019na anlatt\u0131\u011f\u0131 \u00f6ne s\u00fcr\u00fclen ses kayd\u0131 da yer ald\u0131. \u0130\u015fte o g\u00f6r\u00fc\u015fme:<\/p>\n<p style=\"text-align: justify;\"><strong>Etik de\u011fil, kaydettim\u00a0<\/strong><\/p>\n<p style=\"text-align: justify;\">Kaleli: Hani sana biri ile g\u00f6r\u00fc\u015fmeye gidiyorum dedim ya&#8230; G\u00f6r\u00fc\u015ft\u00fcm \u00e7\u0131kt\u0131m yan\u0131ndan 45 dakika konu\u015ftuk d\u00fc\u015f\u00fcnebiliyor musun ama b\u00fct\u00fcn umutlar\u0131m inanc\u0131m her \u015feyimi yitirdim \u00e7ok ciddiyim yani o kadar a\u00e7\u0131k bir konu\u015fmayd\u0131 ki&#8230; Yani inanamayaca\u011f\u0131n kadar da a\u00e7\u0131k konu\u015ftu, \u015fa\u015f\u0131rd\u0131m. Bo\u015fa k\u00fcrek sall\u0131yoruz bak, bu yani ba\u015fbakanl\u0131k koltu\u011funda oturup bu \u00fclkeyi y\u00f6netecek kapasite yok bu adamlarda&#8230; B\u00f6yle bir talep de yok ger\u00e7ekten&#8230;<\/p>\n<p style=\"text-align: justify;\">\u00d6.F.E.: Tablo zaten bug\u00fcn\u00fcn buraya gelmesinin nedeni bu tablo de\u011fil mi?<\/p>\n<p style=\"text-align: justify;\">Kaleli: Yani inan\u0131l\u0131r gibi de\u011fil bak o kadar b\u00f6yle o kadar kal\u0131n bir c\u00fcmle kuruyorum ki, ki \u00e7ekinmiyorum bu kal\u0131n c\u00fcmleyi kuruyorum&#8230; B\u00fcy\u00fck bir bal\u0131k getirebilirim. O diyor ki \u2018Tamam sen git kendi \u015fartlar\u0131nla yap getir\u2019 anl\u0131yor musun. Ama yani \u2018En b\u00fcy\u00fck bal\u0131\u011f\u0131 getirece\u011fim\u2019 diyorum ya yard\u0131mc\u0131 ol. En az\u0131ndan bunun i\u00e7in ufac\u0131k da olsa bir alet laz\u0131m de\u011fil mi? Onu sa\u011fla, destek ol. (&#8230;) Ben yapt\u0131ktan sonra YouTube\u2019a da koyar\u0131m sana ihtiyac\u0131m yok ki&#8230; Allah Allah&#8230; 4 saattir oraday\u0131m, 45 dakika g\u00f6r\u00fc\u015febilmek i\u00e7in. Kalede \u00fcst kattay\u0131m ya ya\u015fad\u0131klar\u0131m g\u00f6rd\u00fcklerim diyaloglar rehavet var ya. B\u00f6\u011f\u00fcre b\u00f6\u011f\u00fcre a\u011fl\u0131yaca\u011f\u0131m&#8230; Hani bak bir tane \u015faka yollu hakkatten \u015faka yollu bir hani tespit etmi\u015ftim ya sana. Konu\u015fmam\u0131z laz\u0131m yani y\u00fcz y\u00fcze, yar\u0131n \u00f6b\u00fcr g\u00fcn. \u00c7ar\u015famba g\u00fcn\u00fc i\u00e7in haz\u0131rl\u0131k yapmaya devam ediyorum orda bir sorun yok. Tamam yeni gelenleri i\u015fte kalan sa\u011flar bizimdir hesab\u0131 toplamaya \u00e7al\u0131\u015f\u0131yorum bunu s\u00f6yledi\u011fimde mesela bunu s\u00f6yledi\u011fim de \u015fu an da konu\u015ftu\u011fumuz meseleyi tamam ben de gen\u00e7lik kollar\u0131ndan birka\u00e7 ki\u015fiyi yollayay\u0131m oldu cevap. Burnunun dibinde diyorum ne haltlar beceriyor, yok mu senin ekibin adam\u0131n bir belden vurma ekibi de sen kur diyorum ya bu kadar basit. Yok i\u015fte diyor bende. Ya b\u00fct\u00fcn g\u00fcn \u00fc\u00e7 ilk \u00fc\u00e7 dan\u0131\u015fman\u0131yla birlikteydim onlar\u0131n odas\u0131ndayd\u0131m yok \u00f6yle bir \u015fey. Sana bir \u015fey s\u00f6yleyeyim mi ben b\u00fct\u00fcn bunlar\u0131 kaydettim yasal de\u011fil, yapt\u0131\u011f\u0131m etik de\u011fil ama kaydettim.<\/p>\n<p style=\"text-align: justify;\"><strong>G\u00fcn: 21.03.2011&#8230; Saat: 21.57\u00a0<\/strong><\/p>\n<p style=\"text-align: justify;\"><strong>4 y\u0131l \u00f6nceki toplant\u0131 gizlice kaydedilmi\u015f\u00a0<\/strong><\/p>\n<p style=\"text-align: justify;\">Soru\u015fturma kapsam\u0131nda Odatv internet sitesinin adresinde yap\u0131lan aramada ele ge\u00e7irilen bir DVD ve CD\u2019de bulunan ve gizlice \u00e7ekildi\u011fi anla\u015f\u0131lan bir kay\u0131t iddianamede yer ald\u0131. 72 numaral\u0131 CD ve 69 numaral\u0131 DVD\u2019nin i\u00e7eri\u011findeki \u00e7ok net olmayan g\u00f6r\u00fcnt\u00fclerin 2007 y\u0131l\u0131nda \u00e7ekildi\u011finin anla\u015f\u0131ld\u0131\u011f\u0131 ve \u00fc\u00e7 ayr\u0131 video dosyas\u0131n\u0131n oldu\u011fu anlat\u0131ld\u0131. Video dosyalar\u0131n\u0131n ikisinde 2007 y\u0131l\u0131nda bir AK Parti Genel Ba\u015fkan Yard\u0131mc\u0131s\u0131 ile d\u00f6nemin baz\u0131 bakanlar\u0131n\u0131n ofis \u015feklindeki bir odadan \u00e7\u0131k\u0131p ah\u015fap merdivenlerden bir \u00fcst kata \u00e7\u0131kt\u0131klar\u0131n\u0131n g\u00f6r\u00fcnt\u00fcs\u00fcn\u00fcn yer ald\u0131\u011f\u0131 vurguland\u0131. \u00dc\u00e7\u00fcnc\u00fc video dosyas\u0131nda ise ad\u0131 ge\u00e7en ki\u015filerin merdivenlerden \u00e7\u0131kt\u0131ktan sonra yemek i\u00e7in masaya oturduklar\u0131 ve yemek s\u0131ras\u0131ndaki konu\u015fmalar\u0131n\u0131n kaydedildi\u011finin anlat\u0131ld\u0131\u011f\u0131 iddianamede t\u00fcm bu g\u00f6r\u00fcnt\u00fc ve ses kay\u0131tlar\u0131n\u0131n gizli bir \u015fekilde \u00e7ekildi\u011finin alt\u0131 \u00e7izildi.<\/p>\n<p style=\"text-align: justify;\"><strong>Bo\u011fazi\u00e7i\u2019nin teknik raporu delil kabul edilmedi\u00a0<\/strong><\/p>\n<p style=\"text-align: justify;\">\u0130ddianamenin \u201ctoplanan deliller\u201d b\u00f6l\u00fcm\u00fcnde ise soru\u015fturma devam ederken \u015f\u00fcphelilerin avukatlar\u0131 arac\u0131l\u0131\u011f\u0131yla ba\u015fvurusu \u00fczerine Bo\u011fazi\u00e7i \u00dcniversitesi M\u00fchendislik Fak\u00fcltesi taraf\u0131ndan haz\u0131rlanan teknik raporun da bilirki\u015filer taraf\u0131ndan incelendi\u011fi ancak s\u00f6z konusu raporun \u201cdelil\u201d kabul edilmeyece\u011fine de yer verildi. Savc\u0131 Se\u00e7en, \u201cTeknik Raporun ilgili dijital medyaya ait imaj \u00fczerinden yap\u0131lan bir incelemeye dayanmad\u0131\u011f\u0131, imaj olmadan yap\u0131lan i\u015flemler veya varsay\u0131mlarla yap\u0131lan yorumlar\u0131n adli bili\u015fim incelemesi olamayaca\u011f\u0131\u201d de\u011ferlendirmesinde bulundu.<\/p>\n<p style=\"text-align: justify;\"><strong>Ge\u00e7erlili\u011fi yok\u00a0<\/strong><\/p>\n<p style=\"text-align: justify;\">Kullan\u0131lan \u201cActive Un\u201d adl\u0131 program\u0131n adli bili\u015fim incelemelerinde delil b\u00fct\u00fcnl\u00fc\u011f\u00fcn\u00fc bozabilece\u011fi ve uluslararas\u0131 ge\u00e7erlili\u011finin olmad\u0131\u011f\u0131 da vurguland\u0131. Ayr\u0131ca s\u00f6z konusu program\u0131n \u201cSilinme Tarihi\u201d olarak verdi\u011fi tarihin \u201cSon Eri\u015fim Tarihi\u201d bilgisi oldu\u011fu, ele ge\u00e7irilen \u00f6rg\u00fct dok\u00fcmanlar\u0131n\u0131n baz\u0131lar\u0131n\u0131n birden fazla \u015f\u00fcphelinin bilgisayar\u0131nda tespit edildi\u011fi anlat\u0131ld\u0131.<\/p>\n<p style=\"text-align: justify;\"><strong>Adli vakalarda kullan\u0131lmaz\u00a0<\/strong><\/p>\n<p style=\"text-align: justify;\">Bili\u015fim uzman\u0131 Cem G\u00fcnal \u201cActive Un\u201d program\u0131n\u0131n adli bili\u015fim vakalar\u0131nda kullan\u0131lamayaca\u011f\u0131n\u0131, bu durumlarda sadece adli bili\u015fim (computer forensics) programlar\u0131 kullan\u0131labilece\u011fini belirtti.<\/p>\n<p style=\"text-align: justify;\"><a href=\"http:\/\/haber.gazetevatan.com\/baykala-komplo-iddianamede\/398955\/1\/Gundem\" target=\"_blank\">Kaynak : VATAN Gazetesi<\/a><\/p>\n","protected":false},"excerpt":{"rendered":"<p style=\"text-align: center;\">\n<p style=\"text-align: justify;\">OdaTV iddianamesinde, \u0130klim Ayfer Kaleli ile Baykal\u2019\u0131n yapt\u0131\u011f\u0131 telefon g\u00f6r\u00fc\u015fmeleri de yer ald\u0131.<\/p>\n<p style=\"text-align: justify;\">\u0130ddianamede, \u00f6nce \u201cTacize u\u011frad\u0131m\u201d diye OdaTV ve CHP y\u00f6netimine \u015fikayet eden Kaleli\u2019nin bir ba\u015fka telefonda \u201cTohum ektim, bi\u00e7icem\u201d s\u00f6zleri yer al\u0131yor. Savc\u0131 bunu, Halk TV\u2019nin sat\u0131\u015f\u0131 i\u00e7in CHP eski liderine \u015fantaj olarak de\u011ferlendiriyor&#8230; <\/p>\n","protected":false},"author":1,"featured_media":0,"comment_status":"open","ping_status":"open","sticky":false,"template":"","format":"standard","meta":{"footnotes":""},"categories":[105],"tags":[],"class_list":["post-39773","post","type-post","status-publish","format-standard","hentry","category-gundem","odd"],"_links":{"self":[{"href":"http:\/\/www.korhanyilmaz.com\/index.php?rest_route=\/wp\/v2\/posts\/39773","targetHints":{"allow":["GET"]}}],"collection":[{"href":"http:\/\/www.korhanyilmaz.com\/index.php?rest_route=\/wp\/v2\/posts"}],"about":[{"href":"http:\/\/www.korhanyilmaz.com\/index.php?rest_route=\/wp\/v2\/types\/post"}],"author":[{"embeddable":true,"href":"http:\/\/www.korhanyilmaz.com\/index.php?rest_route=\/wp\/v2\/users\/1"}],"replies":[{"embeddable":true,"href":"http:\/\/www.korhanyilmaz.com\/index.php?rest_route=%2Fwp%2Fv2%2Fcomments&post=39773"}],"version-history":[{"count":0,"href":"http:\/\/www.korhanyilmaz.com\/index.php?rest_route=\/wp\/v2\/posts\/39773\/revisions"}],"wp:attachment":[{"href":"http:\/\/www.korhanyilmaz.com\/index.php?rest_route=%2Fwp%2Fv2%2Fmedia&parent=39773"}],"wp:term":[{"taxonomy":"category","embeddable":true,"href":"http:\/\/www.korhanyilmaz.com\/index.php?rest_route=%2Fwp%2Fv2%2Fcategories&post=39773"},{"taxonomy":"post_tag","embeddable":true,"href":"http:\/\/www.korhanyilmaz.com\/index.php?rest_route=%2Fwp%2Fv2%2Ftags&post=39773"}],"curies":[{"name":"wp","href":"https:\/\/api.w.org\/{rel}","templated":true}]}}