{"id":39763,"date":"2011-09-10T23:05:09","date_gmt":"2011-09-10T20:05:09","guid":{"rendered":"http:\/\/www.korhanyilmaz.com\/?p=39763"},"modified":"2011-09-11T02:20:02","modified_gmt":"2011-09-10T23:20:02","slug":"lieberman-pkkya-yardim-iddiasini-yalanladi","status":"publish","type":"post","link":"http:\/\/www.korhanyilmaz.com\/?p=39763","title":{"rendered":"Lieberman &#8216;PKK&#8217;ya yard\u0131m&#8217; iddias\u0131n\u0131 yalanlad\u0131"},"content":{"rendered":"<p style=\"text-align: center;\"><a href=\"http:\/\/www.korhanyilmaz.com\/wp-content\/uploads\/2011\/09\/5057.jpg\"  class=\"lightview\"><img loading=\"lazy\" decoding=\"async\" class=\"aligncenter size-full wp-image-39764\" src=\"http:\/\/www.korhanyilmaz.com\/wp-content\/uploads\/2011\/09\/5057.jpg\" alt=\"\" width=\"384\" height=\"254\" \/><\/a><\/p>\n<p style=\"text-align: justify;\">\u0130srail D\u0131\u015fi\u015fleri Bakan\u0131 Avigdor Lieberman, d\u00fcn \u0130srail&#8217;in Yedioth Ahronot gazetesinin \u0130srail D\u0131\u015fi\u015fleri Bakanl\u0131\u011f\u0131&#8217;n\u0131n T\u00fcrkiye&#8217;ye kar\u015f\u0131 baz\u0131 planlar\u0131n haz\u0131rl\u0131\u011f\u0131 i\u00e7inde oldu\u011fu yolundaki haberini yalanlad\u0131.<!--more--><\/p>\n<p style=\"text-align: justify;\">Kanal 2 televizyonunda, \u0130srail&#8217;in tan\u0131nm\u0131\u015f gazeteci ve analistlerinden Ehud Yaari ile birlikte konuk olan Lieberman&#8217;a, \u201cBakanl\u0131\u011f\u0131 d\u00f6neminde hem T\u00fcrkiye hem de M\u0131s\u0131r&#8217;dan b\u00fcy\u00fckel\u00e7ilerin kovuldu\u011funa\u201d i\u015faret edilerek, gazetede yay\u0131mlanan haberin do\u011fru olup olmad\u0131\u011f\u0131 soruldu. Haberin do\u011fru olmad\u0131\u011f\u0131n\u0131 s\u00f6yleyen lieberman&#8217;a, bu kez, \u201cPeki (D\u0131\u015fi\u015fleri&#8217;nde) b\u00f6yle \u015feyler konu\u015ftunuz mu?\u201d sorusu y\u00f6neltildi. Lieberman, bu soruya, \u201cD\u0131\u015fi\u015fleri Bakanl\u0131\u011f\u0131&#8217;nda her g\u00fcn y\u00fczlerce fikir tart\u0131\u015fma konusu edilir\u201d yan\u0131t\u0131n\u0131 verdi.<\/p>\n<p style=\"text-align: justify;\">Bunun \u00fczerine, Ehud Yaari, \u201cA\u00e7\u0131k\u00e7a s\u00f6yleyin, PKK ter\u00f6r \u00f6rg\u00fct\u00fcne silah vs. sa\u011flama gibi, yard\u0131m etme konusu konu\u015fuldu mu?\u201d diyerek, sorusunu yineledi. Lieberman, soruya bu kez \u201cHay\u0131r, kesinlikle konu\u015fulmad\u0131\u201d kar\u015f\u0131l\u0131\u011f\u0131n\u0131 verdi. Lieberman, Palmer Komisyonu raporunun \u201cMavi Marmara\u201d bask\u0131n\u0131 ile ilgili olarak \u0130srail&#8217;in eyleminin ve Gazze&#8217;ye ablukan\u0131n hakl\u0131 oldu\u011funu a\u00e7\u0131k\u00e7a ortaya koydu\u011funu da ifade etti. Lieberman, T\u00fcrkiye ile ili\u015fkilerin normalle\u015ftirilmesinin yeniden sa\u011flanaca\u011f\u0131 ve T\u00fcrkiye&#8217;nin, b\u00f6yle bir normalle\u015fmenin \u00e7\u0131kar\u0131na olaca\u011f\u0131n\u0131 g\u00f6rece\u011fi umudunda oldu\u011funu da kaydetti.<\/p>\n<p style=\"text-align: justify;\"><a href=\"http:\/\/www.radikal.com.tr\/Radikal.aspx?aType=RadikalDetayV3&amp;ArticleID=1062974&amp;Date=11.09.2011&amp;CategoryID=81\" target=\"_blank\">Kaynak : Radikal.com.tr<\/a><\/p>\n","protected":false},"excerpt":{"rendered":"<p style=\"text-align: center;\">\n<p style=\"text-align: justify;\">\u0130srail D\u0131\u015fi\u015fleri Bakan\u0131 Avigdor Lieberman, d\u00fcn \u0130srail&#8217;in Yedioth Ahronot gazetesinin \u0130srail D\u0131\u015fi\u015fleri Bakanl\u0131\u011f\u0131&#8217;n\u0131n T\u00fcrkiye&#8217;ye kar\u015f\u0131 baz\u0131 planlar\u0131n haz\u0131rl\u0131\u011f\u0131 i\u00e7inde oldu\u011fu yolundaki haberini yalanlad\u0131.<\/p>\n","protected":false},"author":1,"featured_media":0,"comment_status":"open","ping_status":"open","sticky":false,"template":"","format":"standard","meta":{"footnotes":""},"categories":[105],"tags":[],"class_list":["post-39763","post","type-post","status-publish","format-standard","hentry","category-gundem","odd"],"_links":{"self":[{"href":"http:\/\/www.korhanyilmaz.com\/index.php?rest_route=\/wp\/v2\/posts\/39763","targetHints":{"allow":["GET"]}}],"collection":[{"href":"http:\/\/www.korhanyilmaz.com\/index.php?rest_route=\/wp\/v2\/posts"}],"about":[{"href":"http:\/\/www.korhanyilmaz.com\/index.php?rest_route=\/wp\/v2\/types\/post"}],"author":[{"embeddable":true,"href":"http:\/\/www.korhanyilmaz.com\/index.php?rest_route=\/wp\/v2\/users\/1"}],"replies":[{"embeddable":true,"href":"http:\/\/www.korhanyilmaz.com\/index.php?rest_route=%2Fwp%2Fv2%2Fcomments&post=39763"}],"version-history":[{"count":0,"href":"http:\/\/www.korhanyilmaz.com\/index.php?rest_route=\/wp\/v2\/posts\/39763\/revisions"}],"wp:attachment":[{"href":"http:\/\/www.korhanyilmaz.com\/index.php?rest_route=%2Fwp%2Fv2%2Fmedia&parent=39763"}],"wp:term":[{"taxonomy":"category","embeddable":true,"href":"http:\/\/www.korhanyilmaz.com\/index.php?rest_route=%2Fwp%2Fv2%2Fcategories&post=39763"},{"taxonomy":"post_tag","embeddable":true,"href":"http:\/\/www.korhanyilmaz.com\/index.php?rest_route=%2Fwp%2Fv2%2Ftags&post=39763"}],"curies":[{"name":"wp","href":"https:\/\/api.w.org\/{rel}","templated":true}]}}