{"id":39755,"date":"2011-09-10T16:26:05","date_gmt":"2011-09-10T13:26:05","guid":{"rendered":"http:\/\/www.korhanyilmaz.com\/?p=39755"},"modified":"2011-09-11T02:11:40","modified_gmt":"2011-09-10T23:11:40","slug":"basbakan-ihh-baskanini-israile-jurnalledi","status":"publish","type":"post","link":"http:\/\/www.korhanyilmaz.com\/?p=39755","title":{"rendered":"&#8216;Ba\u015fbakan \u0130HH Ba\u015fkan\u0131&#8217;n\u0131 \u0130srail&#8217;e jurnalledi&#8217;"},"content":{"rendered":"<p style=\"text-align: center;\"><a href=\"http:\/\/www.korhanyilmaz.com\/wp-content\/uploads\/2011\/09\/5055.jpg\"  class=\"lightview\"><img loading=\"lazy\" decoding=\"async\" class=\"aligncenter size-full wp-image-39756\" src=\"http:\/\/www.korhanyilmaz.com\/wp-content\/uploads\/2011\/09\/5055.jpg\" alt=\"\" width=\"420\" height=\"210\" \/><\/a><\/p>\n<p style=\"text-align: justify;\">CHP&#8217;li G\u00fcrsel Tekin, Ba\u015fbakan erdo\u011fan&#8217;a sordu: &#8220;Perdenin \u00f6n\u00fcnde Mavi Marmara&#8217;y\u0131 sahiplenirken, perdenin arkas\u0131nda \u0130srail&#8217;e \u015firin g\u00f6r\u00fcnmek i\u00e7in bu yard\u0131m faaliyetini organize eden \u0130HH Ba\u015fkan\u0131&#8217;n\u0131 &#8216;\u0130ran servisinin adam\u0131d\u0131r. Benim ona s\u00f6z\u00fcm ge\u00e7miyor&#8217; diyerek \u0130srail h\u00fck\u00fcmetine jurnalledin mi jurnallemedin mi?&#8221;\u00a0<!--more--><\/p>\n<p style=\"text-align: justify;\">\u0130STANBUL- CHP Genel Ba\u015fkan Yard\u0131mc\u0131s\u0131 ve \u0130stanbul Milletvekili G\u00fcrsel Tekin, partisinin \u0130stanbul \u0130l Ba\u015fkanl\u0131\u011f\u0131nda bir bas\u0131n toplant\u0131s\u0131 d\u00fczenledi. Bas\u0131n toplant\u0131s\u0131na CHP \u0130stanbul \u0130l Ba\u015fkan\u0131 Bahri \u015eahin ile il y\u00f6neticileri de kat\u0131ld\u0131. Tekin, bas\u0131n toplant\u0131s\u0131nda Ba\u015fbakan Recep Tayyip Erdo\u011fan ile D\u0131\u015fi\u015fleri Bakan\u0131 Ahmet Davuto\u011flu&#8217;na \u0130srail &#8211; T\u00fcrkiye ili\u015fkilerinde tak\u0131nd\u0131klar\u0131 tutum nedeniyle ele\u015ftirilerde bulundu.<\/p>\n<p style=\"text-align: justify;\"><strong>&#8220;BA\u015eBAKAN VE DAVUTO\u011eLU SU\u00c7 \u0130\u015eLEM\u0130\u015eLERD\u0130R&#8221;\u00a0<\/strong><\/p>\n<p style=\"text-align: justify;\">Tekin, Ba\u015fbakan Recep Tayyip Erdo\u011fan&#8217;\u0131n CHP Genel Ba\u015fkan\u0131 Kemal K\u0131l\u0131\u00e7daro\u011flu&#8217;na y\u00f6nelik s\u00f6yledi\u011fi &#8220;\u0130srail&#8217;in avukatl\u0131\u011f\u0131n\u0131 yap\u0131yor &#8221; c\u00fcmlelerine cevaben bir a\u00e7\u0131klama yapt\u0131. Ba\u015fbakan Erdo\u011fan ve D\u0131\u015fi\u015fleri Bakan\u0131 Ahmet Davuto\u011flu&#8217;nun son a\u00e7\u0131klamalar\u0131n\u0131n \u00e7aresizliklerini yans\u0131tt\u0131\u011f\u0131n\u0131 belirten Tekin, \u015f\u00f6yle konu\u015ftu:<\/p>\n<p style=\"text-align: justify;\">&#8220;Sadece beceriksiz ve basiretsiz davranmam\u0131\u015flar; ayn\u0131 zamanda g\u00f6revlerini ihmal ederek su\u00e7 i\u015flemi\u015flerdir. Ba\u015fbakan ve D\u0131\u015fi\u015fleri Bakan\u0131, Say\u0131n K\u0131l\u0131\u00e7daro\u011flu ve CHP&#8217;yi susturmaya \u00e7al\u0131\u015faca\u011f\u0131na koskoca T\u00fcrkiye Cumhuriyeti&#8217;ne ve Gazze&#8217;deki karde\u015flerimize ya\u015fatt\u0131klar\u0131 hezimetin hesab\u0131n\u0131 vermelidirler.&#8221;<\/p>\n<p style=\"text-align: justify;\"><strong>&#8220;BA\u015eBAKAN, PERDEN\u0130N \u00d6N\u00dcNDE BA\u015eKA ARKASINDA BA\u015eKA&#8221;\u00a0<\/strong><\/p>\n<p style=\"text-align: justify;\">Ba\u015fbakan Erdo\u011fan&#8217;a Mavi Marmara raporunun ne zaman eline ge\u00e7ti\u011fini de soran Tekin, &#8220;Ba\u015fbakan bu rapor hakk\u0131nda ne biliyordu? Ne zamandan beri biliyordu ve ne yapt\u0131? M\u00fczakerelerdeki temsilcimiz Say\u0131n \u00d6zdem Sanberk&#8217;in 29 Nisan 2011 tarihinde bu rapor hakk\u0131nda kamuoyuna verdi\u011fi bilgiden Ba\u015fbakan&#8217;\u0131n haberi var m\u0131yd\u0131 yok muydu? Neden bu rapor hukuki bir belgeye d\u00f6n\u00fc\u015f\u00fcne kadar masada kald\u0131? Bu bir g\u00f6rev ihmali de\u011fildir de nedir? Bu bir basiretsizlik \u00f6rne\u011fi de\u011fildir de nedir? Bu 15 ayl\u0131k m\u00fczakere s\u00fcreci hakk\u0131nda kamuyouna ya da muhalefete ya da parlamentoya en ufak bir bilgi verilmedi&#8221; diye konu\u015ftu.<\/p>\n<p style=\"text-align: justify;\">Tekin, Ba\u015fbakan Erdo\u011fan&#8217;\u0131 da ele\u015ftirerek, &#8220;Say\u0131n Ba\u015fbakan her olayda oldu\u011fu gibi T\u00fcrkiye&#8217;nin en \u00f6nemli d\u0131\u015f sorunlar\u0131n\u0131 da bir PR konusu olarak g\u00f6rmektedir. Mentalitesi budur. Say\u0131n Ba\u015fbakan&#8217;\u0131n kafas\u0131n\u0131n \u00e7al\u0131\u015fma \u015fekli budur. Perdenin \u00f6n\u00fcnde ba\u015fka adamd\u0131r; perdenin arkas\u0131nda bamba\u015fka adamd\u0131r &#8221; diye konu\u015ftu.<\/p>\n<p style=\"text-align: justify;\"><strong>&#8220;\u0130HH BA\u015eKANI&#8217;NI \u0130SRA\u0130L&#8217;E JURNALLED\u0130N M\u0130?&#8221;\u00a0<\/strong><\/p>\n<p style=\"text-align: justify;\">Tekin, Ba\u015fbakan Erdo\u011fan&#8217;a sorular\u0131n\u0131 s\u00fcrd\u00fcrerek, &#8220;Say\u0131n Ba\u015fbakan&#8217;a soruyorum. Perdenin \u00f6n\u00fcnde Mavi Marmara&#8217;y\u0131 sahiplenirken, perdenin arkas\u0131nda \u0130srail&#8217;e \u015firin g\u00f6r\u00fcnmek i\u00e7in bu yard\u0131m faaliyetini organize eden \u0130HH Ba\u015fkan\u0131&#8217;n\u0131 &#8216;\u0130ran servisinin adam\u0131d\u0131r. Benim ona s\u00f6z\u00fcm ge\u00e7miyor&#8217; diyerek \u0130srail h\u00fck\u00fcmetine jurnalledin mi jurnallemedin mi ? Say\u0131n B\u00fclent Y\u0131ld\u0131r\u0131m&#8217;\u0131, Mossad&#8217;\u0131n \u00f6n\u00fcne yem olarak att\u0131n m\u0131 atmad\u0131n m\u0131 ? &#8221; diye sordu.<\/p>\n<p style=\"text-align: justify;\"><strong>DAVUTO\u011eLU &#8220;FUZUL\u0130 \u0130\u015eGALC\u0130&#8221;\u00a0<\/strong><\/p>\n<p style=\"text-align: justify;\">Ba\u015fbakan Erdo\u011fan&#8217;\u0131n Yahudi Cesaret \u00d6d\u00fcl\u00fc olan &#8216;Davut Boynuzu&#8217; \u00f6d\u00fcl\u00fcn\u00fc alan tek T\u00fcrk oldu\u011funu hat\u0131rlatarak, &#8220;Ba\u015fbakan bu \u00f6d\u00fcl\u00fc neyin kar\u015f\u0131l\u0131\u011f\u0131nda hak etti\u011fini eminim \u00e7ok iyi biliyor. \u015eimdi Ba\u015fbakan&#8217;\u0131n hak etti\u011fi iki yeni Davut Boynuzu \u00f6d\u00fcl\u00fc daha var. Bunlardan biri son a\u00e7\u0131klanan Birlemi\u015f Milletler ( BM ) Mavi Marmara raporunda &#8216;Gazze&#8217;ye abluka uygulamak \u0130srail&#8217;in hakk\u0131d\u0131r&#8217; karar\u0131n\u0131n \u00e7\u0131kmas\u0131na neden oldu\u011fu i\u00e7indir. Bir di\u011feri ise, \u0130srail&#8217;in g\u00fcvenli\u011fini sa\u011flamak i\u00e7in, T\u00fcrkiye topraklar\u0131nda f\u00fcze kalkan\u0131 kurulmas\u0131na izin verdi\u011fi i\u00e7indir&#8221; diye konu\u015ftu.<\/p>\n<p style=\"text-align: justify;\">Konu\u015fmas\u0131nda D\u0131\u015fi\u015fleri Bakan\u0131 Ahmet Davuto\u011flu&#8217;nu da ele\u015ftiren Tekin, Mavi Marmara raporunun ka\u00e7 sayfal\u0131k eki oldu\u011funu sorarak, &#8220;Bu layika ( ek ) tamamlan\u0131ncaya kadar neden g\u00f6r\u00fc\u015fme masas\u0131ndan kalkmad\u0131n\u0131z? \u0130\u015flem tamamlans\u0131n, \u0130srail Gazze ablukas\u0131n\u0131 me\u015frula\u015ft\u0131ran hukuki bir belgeye sahip olsun diye mi? Hangi avukat ya da ka\u00e7 avukat \u0130srail&#8217;e b\u00f6yle bir hizmet sunabilirdi? Bu \u015fartlar alt\u0131nda \u0130srail&#8217;in avukat\u0131 kim oluyor siz mi biz mi?&#8221; diye sordu.<\/p>\n<p style=\"text-align: justify;\">G\u00fcrsel Tekin, &#8220;Say\u0131n D\u0131\u015fi\u015fleri Bakan\u0131 yanl\u0131\u015fa yanl\u0131\u015f dedi\u011fimiz i\u00e7in bizi k\u0131nam\u0131\u015ft\u0131r. Say\u0131n Bakan \u015fu andan itibaren o makamda &#8216;fuzuli \u015fagil&#8217; (fuzuli i\u015fgalci ) konumundad\u0131r&#8221; dedi. Davuto\u011flu&#8217;nun elinde sadece &#8216;Davut Boynuzu&#8217; \u00f6d\u00fcl\u00fcn\u00fcn kald\u0131\u011f\u0131n\u0131 dile getiren Tekin, &#8220;Say\u0131n Davuto\u011flu bundan sonra ger\u00e7ekten T\u00fcrkiye Cumhuriyeti Devleti&#8217;nin D\u0131\u015fi\u015fleri Bakan\u0131 olmak niyetindeyse, bu boynuzu iade ederek i\u015fe ba\u015flamal\u0131d\u0131r &#8221; \u015feklinde konu\u015ftu.<\/p>\n<p style=\"text-align: justify;\"><a href=\"http:\/\/haber.gazetevatan.com\/basbakan-ihh-baskanini-israile-jurnalledi\/398909\/9\/Siyaset\" target=\"_blank\">Kaynak : VATAN Gazetesi<\/a><\/p>\n<p style=\"text-align: justify;\">\n","protected":false},"excerpt":{"rendered":"<p style=\"text-align: center;\">\n<p style=\"text-align: justify;\">CHP&#8217;li G\u00fcrsel Tekin, Ba\u015fbakan erdo\u011fan&#8217;a sordu: &#8220;Perdenin \u00f6n\u00fcnde Mavi Marmara&#8217;y\u0131 sahiplenirken, perdenin arkas\u0131nda \u0130srail&#8217;e \u015firin g\u00f6r\u00fcnmek i\u00e7in bu yard\u0131m faaliyetini organize eden \u0130HH Ba\u015fkan\u0131&#8217;n\u0131 &#8216;\u0130ran servisinin adam\u0131d\u0131r. Benim ona s\u00f6z\u00fcm ge\u00e7miyor&#8217; diyerek \u0130srail h\u00fck\u00fcmetine jurnalledin mi jurnallemedin mi?&#8221; <\/p>\n","protected":false},"author":1,"featured_media":0,"comment_status":"open","ping_status":"open","sticky":false,"template":"","format":"standard","meta":{"footnotes":""},"categories":[105],"tags":[],"class_list":["post-39755","post","type-post","status-publish","format-standard","hentry","category-gundem","odd"],"_links":{"self":[{"href":"http:\/\/www.korhanyilmaz.com\/index.php?rest_route=\/wp\/v2\/posts\/39755","targetHints":{"allow":["GET"]}}],"collection":[{"href":"http:\/\/www.korhanyilmaz.com\/index.php?rest_route=\/wp\/v2\/posts"}],"about":[{"href":"http:\/\/www.korhanyilmaz.com\/index.php?rest_route=\/wp\/v2\/types\/post"}],"author":[{"embeddable":true,"href":"http:\/\/www.korhanyilmaz.com\/index.php?rest_route=\/wp\/v2\/users\/1"}],"replies":[{"embeddable":true,"href":"http:\/\/www.korhanyilmaz.com\/index.php?rest_route=%2Fwp%2Fv2%2Fcomments&post=39755"}],"version-history":[{"count":0,"href":"http:\/\/www.korhanyilmaz.com\/index.php?rest_route=\/wp\/v2\/posts\/39755\/revisions"}],"wp:attachment":[{"href":"http:\/\/www.korhanyilmaz.com\/index.php?rest_route=%2Fwp%2Fv2%2Fmedia&parent=39755"}],"wp:term":[{"taxonomy":"category","embeddable":true,"href":"http:\/\/www.korhanyilmaz.com\/index.php?rest_route=%2Fwp%2Fv2%2Fcategories&post=39755"},{"taxonomy":"post_tag","embeddable":true,"href":"http:\/\/www.korhanyilmaz.com\/index.php?rest_route=%2Fwp%2Fv2%2Ftags&post=39755"}],"curies":[{"name":"wp","href":"https:\/\/api.w.org\/{rel}","templated":true}]}}