{"id":39747,"date":"2011-09-10T15:27:22","date_gmt":"2011-09-10T12:27:22","guid":{"rendered":"http:\/\/www.korhanyilmaz.com\/?p=39747"},"modified":"2011-09-11T02:07:07","modified_gmt":"2011-09-10T23:07:07","slug":"erdogan-ve-davutoglu-suc-islediler","status":"publish","type":"post","link":"http:\/\/www.korhanyilmaz.com\/?p=39747","title":{"rendered":"&#8220;Erdo\u011fan ve Davuto\u011flu su\u00e7 i\u015flediler&#8221;"},"content":{"rendered":"<p style=\"text-align: justify;\"><a href=\"http:\/\/www.korhanyilmaz.com\/wp-content\/uploads\/2011\/09\/5054.jpg\"  class=\"lightview\"><img loading=\"lazy\" decoding=\"async\" class=\"aligncenter size-full wp-image-39749\" title=\"\" src=\"http:\/\/www.korhanyilmaz.com\/wp-content\/uploads\/2011\/09\/5054.jpg\" alt=\"\" width=\"313\" height=\"221\" \/><\/a><\/p>\n<p style=\"text-align: justify;\">CHP Genel Ba\u015fkan Yard\u0131mc\u0131s\u0131 G\u00fcrsel Tekin, &#8220;Ba\u015fbakan Recep Tayyip Erdo\u011fan ve D\u0131\u015fi\u015fleri Bakan\u0131 Ahmet Davuto\u011flu&#8217;nun g\u00f6revlerini ihmal ederek su\u00e7 i\u015flediklerini&#8221; savundu.<\/p>\n<p style=\"text-align: justify;\">Tekin, partisinin \u0130stanbul \u0130l Ba\u015fkanl\u0131\u011f\u0131nda d\u00fczenledi\u011fi bas\u0131n toplant\u0131s\u0131nda, Ba\u015fbakan Erdo\u011fan ve D\u0131\u015fi\u015fleri Bakan\u0131 Davuto\u011flu&#8217;nun, CHP Genel Ba\u015fkan\u0131 Kemal K\u0131l\u0131\u00e7daro\u011flu ve CHP&#8217;yi susturmaya \u00e7al\u0131\u015faca\u011f\u0131na, T\u00fcrkiye Cumhuriyeti&#8217;ni ve Gazze&#8217;dekilere ya\u015fatt\u0131klar\u0131 hezimetin hesab\u0131n\u0131 vermeleri gerekti\u011fini s\u00f6yleyerek, &#8220;Bu hesap onlardan sorulacakt\u0131r. Bu hezimetin sorumlular\u0131 i\u015fledikleri g\u00fcnah\u0131n bedelini \u00f6deyinceye kadar yakalar\u0131n\u0131 b\u0131rakmayaca\u011f\u0131z&#8221; dedi.\u00a0<!--more--><\/p>\n<p style=\"text-align: justify;\"><a href=\"http:\/\/www.korhanyilmaz.com\/wp-content\/uploads\/2011\/09\/5053.jpg\"  class=\"lightview\"><img loading=\"lazy\" decoding=\"async\" class=\"alignleft size-full wp-image-39748\" style=\"margin-left: 10px; margin-right: 10px;\" src=\"http:\/\/www.korhanyilmaz.com\/wp-content\/uploads\/2011\/09\/5053.jpg\" alt=\"\" width=\"230\" height=\"177\" \/><\/a>&#8220;Ba\u015fbakan Recep Tayyip Erdo\u011fan ve D\u0131\u015fi\u015fleri Bakan\u0131 Ahmet Davuto\u011flu&#8217;nun son a\u00e7\u0131klamalar\u0131n\u0131n su\u00e7lulu\u011fu, ezikli\u011fi ve \u00e7aresizli\u011fi yans\u0131tt\u0131\u011f\u0131n\u0131&#8221; da \u00f6ne s\u00fcren Tekin, &#8220;Ba\u015fbakan Erdo\u011fan ve D\u0131\u015fi\u015fleri Bakan\u0131 sadece beceriksiz ve basiretsiz davranmam\u0131\u015flar ayn\u0131 zamanda g\u00f6revlerini ihmal ederek, su\u00e7 i\u015flemi\u015flerdir&#8221; diye konu\u015ftu.<\/p>\n<p style=\"text-align: justify;\">Ba\u015fbakan Erdo\u011fan&#8217;\u0131n &#8220;Bu rapor ellerine ne zaman ge\u00e7mi\u015ftir? Ba\u015fbakan bu rapor hakk\u0131nda ne biliyordu? Ne zamandan beri biliyordu ve ne yapt\u0131?<\/p>\n<p style=\"text-align: justify;\">M\u00fczakerelerde temsilcimiz Sanberk&#8217;in 29 Nisan 2011 tarihinde bu rapor hakk\u0131nda kamuoyuna verdi\u011fi bilgilerden ba\u015fbakan\u0131n haberi var m\u0131yd\u0131, yok muydu? Bir ba\u015fbakan\u0131n b\u00f6ylesine \u00f6nemli bir konuda devleti temsil eden ki\u015finin a\u00e7\u0131klamas\u0131n\u0131 g\u00f6rmemesi m\u00fcmk\u00fcn olmayaca\u011f\u0131na g\u00f6re neden m\u00fczakereleri o noktada kestirmedi? Neden bu rapor hukuki bir belgeye d\u00f6n\u00fc\u015fene kadar masada kald\u0131?&#8221; sorular\u0131na yan\u0131t vermesini isteyen Tekin, 15 ayl\u0131k m\u00fczakere s\u00fcreci hakk\u0131nda kamuoyuna, muhalefete ve parlamentoya en ufak bir bilgi verilmedi\u011fini s\u00f6yledi.<\/p>\n<p style=\"text-align: justify;\"><strong>-&#8220;DI\u015e POL\u0130T\u0130KAYI PR KONUSU OLARAK G\u00d6R\u00dcYOR&#8221;-\u00a0<\/strong><\/p>\n<p style=\"text-align: justify;\">G\u00fcrsel Tekin, &#8220;Ba\u015fbakan Erdo\u011fan&#8217;\u0131n her olayda oldu\u011fu gibi T\u00fcrkiye&#8217;nin en \u00f6nemli d\u0131\u015f sorunlar\u0131n\u0131 bir PR konusu olarak g\u00f6rd\u00fc\u011f\u00fcn\u00fc, mantalitesi ve kafas\u0131n\u0131n \u00e7al\u0131\u015fma \u015feklinin b\u00f6yle oldu\u011funu&#8221; savunarak, \u015f\u00f6yle konu\u015ftu:<\/p>\n<p style=\"text-align: justify;\">&#8220;Ba\u015fbakan Erdo\u011fan, perdenin \u00f6n\u00fcnde ba\u015fkad\u0131r, arkas\u0131nda bamba\u015fka bir adamd\u0131r. Say\u0131n ba\u015fbakana soruyorum; perdenin \u00f6n\u00fcnde Mavi Marmara&#8217;y\u0131 sahiplenirken, perdenin arkas\u0131nda \u0130srail&#8217;e \u015firin g\u00f6r\u00fcnmek i\u00e7in bu yard\u0131m faaliyetini organize eden \u0130HH ba\u015fkan\u0131n\u0131 &#8216;\u0130ran servisinin adam\u0131d\u0131r, benim ona s\u00f6z\u00fcm ge\u00e7miyor&#8217; diyerek, \u0130srail h\u00fck\u00fcmetine jurnalledin mi, jurnallemedin mi? Say\u0131n B\u00fclent Y\u0131ld\u0131r\u0131m&#8217;\u0131 MOSSAD&#8217;\u0131n \u00f6n\u00fcne yem olarak att\u0131n m\u0131, atmad\u0131n m\u0131? Say\u0131n d\u0131\u015fi\u015fleri bakan\u0131na soruyorum; bu raporun ka\u00e7 sayfal\u0131k lahikas\u0131 var? Bu lahikada neden bahsediyor? Bu lahika tamamlan\u0131ncaya kadar neden g\u00f6r\u00fc\u015fme masas\u0131ndan kalkmad\u0131n\u0131z? \u0130\u015flem tamamlans\u0131n, \u0130srail Gazze ablukas\u0131n\u0131 me\u015frula\u015ft\u0131ran hukuki bir belgeye sahip olsun diye mi? Hangi avukat ya da ka\u00e7 avukat \u0130srail&#8217;e b\u00f6yle bir hizmeti sunabilirdi? Bu \u015fartlar alt\u0131nda \u0130srail&#8217;in avukat\u0131 kim oluyor, siz mi, biz mi? Ba\u015fkalar\u0131na \u00e7amur atarken, zannediyorlar ki, milletin haf\u0131zas\u0131 bal\u0131k haf\u0131zas\u0131d\u0131r ve her \u015feyi hemen unutur.&#8221;<\/p>\n<p style=\"text-align: justify;\">CHP Genel Ba\u015fkan Yard\u0131mc\u0131s\u0131 G\u00fcrsel Tekin, Ba\u015fbakan Erdo\u011fan&#8217;\u0131n, &#8220;Yahudi Cesaret \u00d6d\u00fcl\u00fc&#8221; olan &#8220;Davut Boynuzu \u00d6d\u00fcl\u00fc&#8221;n\u00fc 2004 y\u0131l\u0131 Ocak ay\u0131nda ABD&#8217;de ald\u0131\u011f\u0131n\u0131, bu \u00f6d\u00fcl\u00fcn tarihinde ilk kez bir T\u00fcrk&#8217;e verildi\u011fini an\u0131msatarak, &#8220;Ba\u015fbakan bu \u00f6d\u00fcl\u00fc neyin kar\u015f\u0131l\u0131\u011f\u0131nda hak etti\u011fini eminim \u00e7ok iyi biliyor. \u015eimdi ba\u015fbakan\u0131n hak etti\u011fi 2 yeni Davut Boynuzu \u00f6d\u00fcl\u00fc daha var. Bunlardan birisi son a\u00e7\u0131klanan BM Mavi Marmara raporunda &#8216;Gazze&#8217;ye abluka uygulamak \u0130srail hakk\u0131d\u0131r&#8217; karar\u0131n\u0131n \u00e7\u0131kmas\u0131na neden oldu\u011fu i\u00e7indir. Bir di\u011feri ise \u0130srail&#8217;in g\u00fcvenli\u011fini sa\u011flamak i\u00e7in T\u00fcrkiye topraklar\u0131nda f\u00fcze kalkan\u0131 kurulmas\u0131na izin verdi\u011fi i\u00e7indir&#8221; diye konu\u015ftu.<\/p>\n<p style=\"text-align: justify;\">T\u00fcrkiye&#8217;ye \u0130srail kar\u015f\u0131s\u0131nda ya\u015fatt\u0131\u011f\u0131 tarihi hezimet dolay\u0131s\u0131yla Erdo\u011fan kadar Davuto\u011flu&#8217;nun da bu \u00f6d\u00fcl\u00fc almaya hak kazand\u0131\u011f\u0131n\u0131 kaydeden Tekin, \u015funlar\u0131 kaydetti:<\/p>\n<p style=\"text-align: justify;\">&#8220;Say\u0131n D\u0131\u015fi\u015fleri Bakan\u0131 yanl\u0131\u015fa yanl\u0131\u015f dedi\u011fimiz i\u00e7in bizi k\u0131nam\u0131\u015f. Say\u0131n bakan, \u015fu andan itibaren o makamda fuzuli i\u015fgalci konumundad\u0131r. Bu kadar k\u0131sa zamanda nas\u0131l bu noktaya geldi\u011fini, T\u00fcrk d\u0131\u015f politikas\u0131n\u0131 nas\u0131l eline y\u00fcz\u00fcne bula\u015ft\u0131rd\u0131\u011f\u0131n\u0131, o me\u015fhur politik \u00f6ng\u00f6r\u00fclerinin nas\u0131l birer birer iflas etti\u011fini iyi tahlil etmelidir. Say\u0131n Davuto\u011flu ile birlikte T\u00fcrk d\u0131\u015f politikas\u0131nda ger\u00e7ekli\u011fin yerini megalomani alm\u0131\u015ft\u0131r. D\u0131\u015f politika bir Davuto\u011flu \u015fova d\u00f6n\u00fc\u015ft\u00fcr\u00fclm\u00fc\u015f, d\u0131\u015f politika ve T\u00fcrkiye&#8217;nin y\u00fcksek \u00e7\u0131karlar\u0131yla ilgisi olmayan hesaplara kurban edilmi\u015ftir.<\/p>\n<p style=\"text-align: justify;\">AKP s\u00f6zc\u00fclerinden birisi &#8216;K\u00fcresel iradenin bir par\u00e7as\u0131&#8217; olmaktan s\u00f6z ediyor. Kimdir bu k\u00fcresel irade? K\u00fcresel iradeye ram olmu\u015f bir d\u0131\u015f politikan\u0131n milli menfaatlere hizmet etmesi beklenebilir mi? Beklenmez ama &#8216;Beni deli\u011fe s\u00fcp\u00fcrmeyin, ben daha \u00e7ok i\u015finize yarar\u0131m&#8217; diyen bir ba\u015fbakan\u0131n s\u00f6zc\u00fcs\u00fcnden de ba\u015fka bir a\u00e7\u0131klama beklenemez. Millet iradesinin de\u011fil, gayri milli bir iradenin par\u00e7as\u0131 olursan\u0131z, &#8216;s\u0131f\u0131r sorun&#8217; politikan\u0131z, &#8216;elde var s\u0131f\u0131r&#8217; politikas\u0131na d\u00f6n\u00fc\u015f\u00fcr. \u0130tiraf etmeliyiz ki say\u0131n Ali Babacan bile Davuto\u011flu&#8217;ndan daha ba\u015far\u0131l\u0131d\u0131r, hi\u00e7 de\u011filse etliye s\u00fctl\u00fcye kar\u0131\u015fmam\u0131\u015f, h\u00fck\u00fcmetin ve T\u00fcrkiye&#8217;nin ba\u015f\u0131na ekstra gaileler a\u00e7mam\u0131\u015ft\u0131r. \u0130srail ve Yahudi lobisiyle ili\u015fkilerinden ellerinde sadece &#8216;Davut Boynuzu&#8217; isimli &#8216;Yahudi Cesaret \u00d6d\u00fcl\u00fc&#8217; kalm\u0131\u015ft\u0131r. Say\u0131n Davuto\u011flu bundan sonra ger\u00e7ekten T\u00fcrkiye Cumhuriyeti devletinin d\u0131\u015fi\u015fleri bakan\u0131 olmak niyetindeyse bu boynuzu iade ederek i\u015fe ba\u015flamal\u0131d\u0131r.&#8221;<\/p>\n<p style=\"text-align: justify;\"><a href=\"http:\/\/www.cnnturk.com\/2011\/turkiye\/09\/10\/erdogan.ve.davutoglu.suc.islediler\/628842.0\/index.html\" target=\"_blank\">Kaynak : CNN T\u00dcRK<\/a><\/p>\n","protected":false},"excerpt":{"rendered":"<p style=\"text-align: justify;\">\n<p style=\"text-align: justify;\">CHP Genel Ba\u015fkan Yard\u0131mc\u0131s\u0131 G\u00fcrsel Tekin, &#8220;Ba\u015fbakan Recep Tayyip Erdo\u011fan ve D\u0131\u015fi\u015fleri Bakan\u0131 Ahmet Davuto\u011flu&#8217;nun g\u00f6revlerini ihmal ederek su\u00e7 i\u015flediklerini&#8221; savundu.<\/p>\n<p style=\"text-align: justify;\">Tekin, partisinin \u0130stanbul \u0130l Ba\u015fkanl\u0131\u011f\u0131nda d\u00fczenledi\u011fi bas\u0131n toplant\u0131s\u0131nda, Ba\u015fbakan Erdo\u011fan ve D\u0131\u015fi\u015fleri Bakan\u0131 Davuto\u011flu&#8217;nun, CHP Genel Ba\u015fkan\u0131 Kemal K\u0131l\u0131\u00e7daro\u011flu ve CHP&#8217;yi susturmaya \u00e7al\u0131\u015faca\u011f\u0131na, T\u00fcrkiye Cumhuriyeti&#8217;ni ve Gazze&#8217;dekilere <\/p>\n","protected":false},"author":1,"featured_media":0,"comment_status":"open","ping_status":"open","sticky":false,"template":"","format":"standard","meta":{"footnotes":""},"categories":[105],"tags":[],"class_list":["post-39747","post","type-post","status-publish","format-standard","hentry","category-gundem","odd"],"_links":{"self":[{"href":"http:\/\/www.korhanyilmaz.com\/index.php?rest_route=\/wp\/v2\/posts\/39747","targetHints":{"allow":["GET"]}}],"collection":[{"href":"http:\/\/www.korhanyilmaz.com\/index.php?rest_route=\/wp\/v2\/posts"}],"about":[{"href":"http:\/\/www.korhanyilmaz.com\/index.php?rest_route=\/wp\/v2\/types\/post"}],"author":[{"embeddable":true,"href":"http:\/\/www.korhanyilmaz.com\/index.php?rest_route=\/wp\/v2\/users\/1"}],"replies":[{"embeddable":true,"href":"http:\/\/www.korhanyilmaz.com\/index.php?rest_route=%2Fwp%2Fv2%2Fcomments&post=39747"}],"version-history":[{"count":0,"href":"http:\/\/www.korhanyilmaz.com\/index.php?rest_route=\/wp\/v2\/posts\/39747\/revisions"}],"wp:attachment":[{"href":"http:\/\/www.korhanyilmaz.com\/index.php?rest_route=%2Fwp%2Fv2%2Fmedia&parent=39747"}],"wp:term":[{"taxonomy":"category","embeddable":true,"href":"http:\/\/www.korhanyilmaz.com\/index.php?rest_route=%2Fwp%2Fv2%2Fcategories&post=39747"},{"taxonomy":"post_tag","embeddable":true,"href":"http:\/\/www.korhanyilmaz.com\/index.php?rest_route=%2Fwp%2Fv2%2Ftags&post=39747"}],"curies":[{"name":"wp","href":"https:\/\/api.w.org\/{rel}","templated":true}]}}