{"id":39742,"date":"2011-09-10T20:44:21","date_gmt":"2011-09-10T17:44:21","guid":{"rendered":"http:\/\/www.korhanyilmaz.com\/?p=39742"},"modified":"2011-09-11T02:07:51","modified_gmt":"2011-09-10T23:07:51","slug":"akpnin-kulagi-buyudu","status":"publish","type":"post","link":"http:\/\/www.korhanyilmaz.com\/?p=39742","title":{"rendered":"AKP&#8217;nin kula\u011f\u0131 b\u00fcy\u00fcd\u00fc"},"content":{"rendered":"<p style=\"text-align: center;\"><a href=\"http:\/\/www.korhanyilmaz.com\/wp-content\/uploads\/2011\/09\/5052.jpg\"  class=\"lightview\"><img loading=\"lazy\" decoding=\"async\" class=\"aligncenter size-full wp-image-39743\" src=\"http:\/\/www.korhanyilmaz.com\/wp-content\/uploads\/2011\/09\/5052.jpg\" alt=\"\" width=\"333\" height=\"249\" \/><\/a><\/p>\n<p style=\"text-align: justify;\">Hemen her yurtta\u015f\u0131n telefonunun dinlendi\u011fi korkusu ya\u015fad\u0131\u011f\u0131 T\u00fcrkiye\u2019de yeni bir dinleme dairesi daha kuruldu. Bu ilan\u0131n; Adalet Bakanl\u0131\u011f\u0131\u2019n\u0131n haftalar \u00f6nce \u015fikayetler baz al\u0131narak telefon dinlemeleriyle ilgili yeni d\u00fczenlemelere gidilece\u011fi a\u00e7\u0131klamas\u0131n\u0131n ve TSK\u2019nin elinden dileme cihazlar\u0131n\u0131n M\u0130T\u2019e devredilmesi karar\u0131n\u0131n ard\u0131ndan ger\u00e7ekle\u015fmesi dikkat \u00e7ekti.<!--more--><\/p>\n<p style=\"text-align: justify;\"><strong>24 SAAT \u00c7ALI\u015eMA ESASI VARMI\u015e!<\/strong><\/p>\n<p style=\"text-align: justify;\">Telefonlar\u0131n dinlenmesi, kayda al\u0131nmas\u0131 ve sinyal bilgilerinin de\u011ferlendirilmesi hususunda Ba\u015fbakanl\u0131k taraf\u0131ndan yeni bir daire kuruldu. Ad\u0131 \u201cBilgi Sistemleri Daire Ba\u015fkanl\u0131\u011f\u0131\u201d olan birimin g\u00f6revleri aras\u0131nda \u201cKaydedilen ses, faks, veri ve internet d\u00e2hil her t\u00fcrl\u00fc ileti\u015fim bilgilerinin ilgili kurumlar\u0131n taleplerine g\u00f6re \u00e7\u00f6z\u00fcmlenmi\u015f ya da ham olarak ortak formatta ula\u015ft\u0131r\u0131lmas\u0131n\u0131 ve sistemin 24 saat esas\u0131na g\u00f6re \u00e7al\u0131\u015fmas\u0131n\u0131 sa\u011flamak\u201d maddesi de yer al\u0131yor.<\/p>\n<p style=\"text-align: justify;\"><strong>BA\u015eBAKANLI\u011eIN FAAL\u0130YETLER\u0130 \u0130\u00c7\u0130N \u00c7ALI\u015eACAK<\/strong><\/p>\n<p style=\"text-align: justify;\">Resmi Gazete\u2019de yay\u0131mlanan yeni y\u00f6netmelikle Teknik \u0130\u015fletme Daire Ba\u015fkanl\u0131\u011f\u0131\u2019n\u0131n g\u00f6revlerinde de de\u011fi\u015fikli\u011fe gidildi. Y\u00f6netmelik\u2019te yer alan baz\u0131 maddeler ayn\u0131 kalmak \u00fczere, Daire\u2019nin g\u00f6revleri aras\u0131na baz\u0131 yeni maddeler de eklendi. Buna g\u00f6re, Daire\u2019nin g\u00f6revleri aras\u0131nda ilgili kanunlar \u00e7er\u00e7evesindeki taleplerin Y\u00f6netmeli\u011fe uygun \u015fekilde yerine getirilmesini sa\u011flamak; Ba\u015fkanl\u0131\u011f\u0131n faaliyetleri i\u00e7in gerekli alt yap\u0131y\u0131 kurmak, kurdurmak, geli\u015ftirmek, i\u015fletmek, bak\u0131m ve onar\u0131mlar\u0131n\u0131 yapmak veya yapt\u0131rmak, bu alandaki teknolojik geli\u015fmeleri takip etmek ve Ba\u015fkana g\u00f6r\u00fc\u015f bildirmek de yer al\u0131yor.<\/p>\n<p style=\"text-align: justify;\"><strong>B\u00dcT\u00dcN KAYITLAR MUHAFAZA ED\u0130LECEK<\/strong><\/p>\n<p style=\"text-align: justify;\">Ayr\u0131ca, ilgili kurumlarca sisteme kesintisiz, h\u0131zl\u0131 ve ger\u00e7ek zamanl\u0131 eri\u015fim i\u00e7in talep edilecek miktar ve kapasitede, ihtiya\u00e7 duyulan noktalar aras\u0131nda g\u00fcvenli ileti\u015fim alt yap\u0131s\u0131n\u0131 kurmak veya kurdurmak; ilgili kurumlara ait kay\u0131tlar\u0131, Ba\u015fkanl\u0131k ve ilgili kurumlar\u0131n sistem \u00fczerinde ger\u00e7ekle\u015ftirdikleri her t\u00fcrl\u00fc faaliyete ait bilgisayar kay\u0131t ve bilgilerini kompart\u0131mantasyon ilkeleri \u00e7er\u00e7evesinde muhafaza etmek, olu\u015fturulacak yetki seviyeleri do\u011frultusunda ilgili kurumlara g\u00f6ndermek veya eri\u015fimlerine a\u00e7mak; kurulan ve i\u015fletilen sistemlerin g\u00fcvenli\u011fini sa\u011flamak da Daire\u2019nin g\u00f6revleri aras\u0131nda.<\/p>\n<p style=\"text-align: justify;\">Daire bunlarla birlikte Ba\u015fkanl\u0131k i\u00e7in kurulacak ayr\u0131 ve \u00f6zel bir a\u011f \u00fczerinden bilgi ak\u0131\u015f\u0131n\u0131n d\u00fczenli ve g\u00fcvenli bir \u015fekilde yap\u0131lmas\u0131n\u0131 ve ilgili kurumlarca Ba\u015fkanl\u0131\u011fa yap\u0131lacak ba\u011flant\u0131lar\u0131n g\u00fcvenli\u011fini sa\u011flamak i\u00e7in de g\u00f6revlendirildi.<\/p>\n<p style=\"text-align: justify;\">\u0130lgili kurumlar taraf\u0131ndan al\u0131nan kay\u0131tlar\u0131n \u00e7\u00f6z\u00fcm\u00fcnde kriptolu haberle\u015fmeye rastlan\u0131lmas\u0131 halinde, ilgili kurumun talebi \u00fczerine kripto \u00e7\u00f6z\u00fcm mekanizmas\u0131n\u0131n sisteme d\u00e2hil edilmesini de sa\u011flayacak olan Daire, kaydedilen verilerin g\u00fcvenli\u011fini sa\u011flamakla da sorumlu tutulacak.<\/p>\n<p style=\"text-align: justify;\"><strong>\u201c12 Eyl\u00fcl\u2019deki fi\u015flemenin teknolojik hali\u201d<\/strong><\/p>\n<p style=\"text-align: justify;\">Daha \u00f6nce yasad\u0131\u015f\u0131 ve \u2018yasal\u2019 dinlemelerin artmas\u0131na g\u00f6sterdi\u011fi tepkilerle g\u00fcndeme gelen CHP eski Milletvekili \u00c7etin Soysal, yeni y\u00f6netmeli\u011fi ve getirdiklerini BirG\u00fcn\u2019e yorumlad\u0131.<\/p>\n<p style=\"text-align: justify;\">\u201cDevlet insanlar\u0131n mahrumiyetine \u00f6zel hayat\u0131na giremez, girmemesi gerekir. Bu hak ve \u00f6zg\u00fcrl\u00fckleri k\u0131s\u0131tlay\u0131c\u0131 bir tutum ve yakla\u015f\u0131m olurken, bu da demokratik bir \u00fclkede ya\u015fayanlar\u0131n ya\u015fam hakk\u0131n\u0131, \u00f6zel hayat\u0131n\u0131 elinden al\u0131r ve Anayasaya da ayk\u0131r\u0131d\u0131r. Burada orduyu daha pasifize edip daha kontrol alt\u0131nda tutabilecekleri bir cephe olu\u015fturuyorlar. Bu uygulama 12 Eyl\u00fcl 1980\u2019deki ve sonras\u0131ndaki fi\u015flemelerin bir ba\u015fka boyutu. T\u00fcrkiye bir s\u0131k\u0131y\u00f6netim anlay\u0131\u015f\u0131 i\u00e7indedir. Muhaliflere s\u00f6z hakk\u0131 tan\u0131mamak i\u00e7in t\u00fcm ara\u00e7lar kullan\u0131l\u0131yor, a\u00e7\u0131lan davalar ve savc\u0131lar\u0131n yer de\u011fi\u015fikli\u011fi de bu ileri demokrasiyi g\u00f6steriyor zaten bize\u201d<\/p>\n<p style=\"text-align: justify;\">Kendisinin daha \u00f6nce bahsetti\u011fi aralar\u0131nda i\u015f d\u00fcnyas\u0131ndan ve siyasetten \u00f6nemli isimlerin yer ald\u0131\u011f\u0131 3 bin ki\u015filik dinleme listesinin gayri resmi oldu\u011funu belirten Soysal, CHP Genel Ba\u015fkan\u0131 K\u0131l\u0131\u00e7daro\u011flu\u2019nun \u00e7ok \u00f6nce dile getirdi\u011fi \u201cErdo\u011fan\u2019a ba\u011fl\u0131 gayri yasal bir dinleme ekibi var\u201d iddias\u0131n\u0131n bu y\u00f6netmelikle de paralellik g\u00f6sterdi\u011finin alt\u0131n\u0131 \u00e7izdi. Soysal, CHP\u2019nin daha \u00f6nce de yapt\u0131\u011f\u0131 gibi bu hak gasp\u0131 i\u00e7eren uygulamalara kar\u015f\u0131 hesap sorar pozisyonda olmas\u0131 gerekti\u011fini belirtti.<\/p>\n<p style=\"text-align: justify;\"><a href=\"http:\/\/www.birgun.net\/actuels_index.php?news_code=1315648699&amp;year=2011&amp;month=09&amp;day=10\" target=\"_blank\">Kaynak : Onurkan Avc\u0131 &#8211; BirG\u00fcn<\/a><\/p>\n","protected":false},"excerpt":{"rendered":"<p style=\"text-align: center;\">\n<p style=\"text-align: justify;\">Hemen her yurtta\u015f\u0131n telefonunun dinlendi\u011fi korkusu ya\u015fad\u0131\u011f\u0131 T\u00fcrkiye\u2019de yeni bir dinleme dairesi daha kuruldu. Bu ilan\u0131n; Adalet Bakanl\u0131\u011f\u0131\u2019n\u0131n haftalar \u00f6nce \u015fikayetler baz al\u0131narak telefon dinlemeleriyle ilgili yeni d\u00fczenlemelere gidilece\u011fi a\u00e7\u0131klamas\u0131n\u0131n ve TSK\u2019nin elinden dileme cihazlar\u0131n\u0131n M\u0130T\u2019e devredilmesi karar\u0131n\u0131n ard\u0131ndan ger\u00e7ekle\u015fmesi dikkat \u00e7ekti.<\/p>\n","protected":false},"author":1,"featured_media":0,"comment_status":"open","ping_status":"open","sticky":false,"template":"","format":"standard","meta":{"footnotes":""},"categories":[105],"tags":[],"class_list":["post-39742","post","type-post","status-publish","format-standard","hentry","category-gundem","odd"],"_links":{"self":[{"href":"http:\/\/www.korhanyilmaz.com\/index.php?rest_route=\/wp\/v2\/posts\/39742","targetHints":{"allow":["GET"]}}],"collection":[{"href":"http:\/\/www.korhanyilmaz.com\/index.php?rest_route=\/wp\/v2\/posts"}],"about":[{"href":"http:\/\/www.korhanyilmaz.com\/index.php?rest_route=\/wp\/v2\/types\/post"}],"author":[{"embeddable":true,"href":"http:\/\/www.korhanyilmaz.com\/index.php?rest_route=\/wp\/v2\/users\/1"}],"replies":[{"embeddable":true,"href":"http:\/\/www.korhanyilmaz.com\/index.php?rest_route=%2Fwp%2Fv2%2Fcomments&post=39742"}],"version-history":[{"count":0,"href":"http:\/\/www.korhanyilmaz.com\/index.php?rest_route=\/wp\/v2\/posts\/39742\/revisions"}],"wp:attachment":[{"href":"http:\/\/www.korhanyilmaz.com\/index.php?rest_route=%2Fwp%2Fv2%2Fmedia&parent=39742"}],"wp:term":[{"taxonomy":"category","embeddable":true,"href":"http:\/\/www.korhanyilmaz.com\/index.php?rest_route=%2Fwp%2Fv2%2Fcategories&post=39742"},{"taxonomy":"post_tag","embeddable":true,"href":"http:\/\/www.korhanyilmaz.com\/index.php?rest_route=%2Fwp%2Fv2%2Ftags&post=39742"}],"curies":[{"name":"wp","href":"https:\/\/api.w.org\/{rel}","templated":true}]}}