{"id":39738,"date":"2011-09-10T16:53:25","date_gmt":"2011-09-10T13:53:25","guid":{"rendered":"http:\/\/www.korhanyilmaz.com\/?p=39738"},"modified":"2011-09-11T02:08:13","modified_gmt":"2011-09-10T23:08:13","slug":"basarili-dis-politika-bu-mu","status":"publish","type":"post","link":"http:\/\/www.korhanyilmaz.com\/?p=39738","title":{"rendered":"&#8220;Ba\u015far\u0131l\u0131 d\u0131\u015f politika bu mu?&#8221;"},"content":{"rendered":"<p style=\"text-align: center;\"><a href=\"http:\/\/www.korhanyilmaz.com\/wp-content\/uploads\/2011\/09\/5051.jpg\"  class=\"lightview\"><img loading=\"lazy\" decoding=\"async\" class=\"aligncenter size-full wp-image-39739\" src=\"http:\/\/www.korhanyilmaz.com\/wp-content\/uploads\/2011\/09\/5051.jpg\" alt=\"\" width=\"346\" height=\"229\" \/><\/a><\/p>\n<p style=\"text-align: justify;\">CHP Genel Ba\u015fkan\u0131 Kemal K\u0131l\u0131\u00e7daro\u011flu, &#8220;\u0130ran ve Suriye \u0130srail&#8217;e d\u00fc\u015fmand\u0131. \u015eimdi \u0130ran, Suriye ve \u0130srail, T\u00fcrkiye&#8217;ye d\u00fc\u015fman. Ba\u015far\u0131l\u0131 d\u0131\u015f politika bu mu&#8221; ifadelerini kulland\u0131.<\/p>\n<p style=\"text-align: justify;\">CHP Bas\u0131n Birimi&#8217;nden yap\u0131lan a\u00e7\u0131klamaya g\u00f6re, K\u0131l\u0131\u00e7daro\u011flu, Twitter&#8217;deki hesab\u0131ndan h\u00fckemetin d\u0131\u015f politikas\u0131n\u0131 ele\u015ftirdi. K\u0131l\u0131\u00e7daro\u011flu, \u015funlar\u0131 kaydetti:<\/p>\n<p style=\"text-align: justify;\">\u201c\u0130ran ve Suriye \u0130srail&#8217;e d\u00fc\u015fmand\u0131. \u015eimdi \u0130ran, Suriye ve \u0130srail, T\u00fcrkiye&#8217;ye d\u00fc\u015fman. Ba\u015far\u0131l\u0131 d\u0131\u015f politika bu mu? Dost de\u011fil, daha fazla d\u00fc\u015fman kazanmak m\u0131?\u201d\u00a0<!--more--><\/p>\n<p style=\"text-align: justify;\"><strong>\u0130SRA\u0130L&#8217;E SERT TEPK\u0130<\/strong><\/p>\n<p style=\"text-align: justify;\">\u00d6te yandan K\u0131l\u0131\u00e7daro\u011flu, \u0130srail D\u0131\u015fi\u015fleri Bakan\u0131 Avidor Lieberman\u2019\u0131n T\u00fcrkiye\u2019yi cezaland\u0131rmak i\u00e7in PKK\u2019ya yard\u0131m etme planlar\u0131na sert tepki g\u00f6stererek \u201cT\u00fcrkiye tehdit edilecek ve tehditlere boyun e\u011fecek bir devlet de\u011fildir. \u0130srail AKP H\u00fck\u00fcmeti\u2019nin acizli\u011fini f\u0131rsat bilerek T\u00fcrkiye\u2019nin hassasiyetlerini ka\u015f\u0131maktan ka\u00e7\u0131nmal\u0131d\u0131r. \u00c7\u00fcnk\u00fc \u0130srail bunun alt\u0131nda kal\u0131r\u201d dedi.<\/p>\n<p style=\"text-align: justify;\">K\u0131l\u0131\u00e7daro\u011flu, yaz\u0131l\u0131 bir a\u00e7\u0131klama yaparak \u0130srail D\u0131\u015fi\u015fleri Bakan\u0131 Avidor Lieberman\u2019\u0131n, T\u00fcrkiye\u2019nin \u0130srail\u2019e y\u00f6nelik yapt\u0131r\u0131mlar\u0131na kar\u015f\u0131 T\u00fcrkiye\u2019yi cezaland\u0131rmak i\u00e7in PKK\u2019ya askeri yard\u0131m yapma ve \u0130srail, 1915 Ermeni tehcirinin soyk\u0131r\u0131m olarak tan\u0131nmas\u0131 i\u00e7in uluslararas\u0131 alanda \u00e7aba g\u00f6sterme planlar\u0131na sert tepki g\u00f6sterdi. K\u0131l\u0131\u00e7daro\u011flu, a\u00e7\u0131klamas\u0131nda \u201c\u0130srail D\u0131\u015fi\u015fleri Bakan\u0131 son demeciyle boyunu ve haddini a\u015fm\u0131\u015ft\u0131r. Bu tav\u0131r \u0130srail\u2019i ter\u00f6rist devlet yapar. T\u00fcrkiye tehdit edilecek ve tehditlere boyun e\u011fecek bir devlet de\u011fildir. \u0130srail AKP H\u00fck\u00fcmeti\u2019nin acizli\u011fini f\u0131rsat bilerek T\u00fcrkiye\u2019nin hassasiyetlerini ka\u015f\u0131maktan ka\u00e7\u0131nmal\u0131d\u0131r. \u00c7\u00fcnk\u00fc \u0130srail bunun alt\u0131nda kal\u0131r\u201d dedi.<\/p>\n<p style=\"text-align: justify;\"><a href=\"http:\/\/www.radikal.com.tr\/Radikal.aspx?aType=RadikalDetayV3&amp;ArticleID=1062919&amp;Date=11.09.2011&amp;CategoryID=78\" target=\"_blank\">Kaynak : Radikal.com.tr<\/a><\/p>\n","protected":false},"excerpt":{"rendered":"<p style=\"text-align: center;\">\n<p style=\"text-align: justify;\">CHP Genel Ba\u015fkan\u0131 Kemal K\u0131l\u0131\u00e7daro\u011flu, &#8220;\u0130ran ve Suriye \u0130srail&#8217;e d\u00fc\u015fmand\u0131. \u015eimdi \u0130ran, Suriye ve \u0130srail, T\u00fcrkiye&#8217;ye d\u00fc\u015fman. Ba\u015far\u0131l\u0131 d\u0131\u015f politika bu mu&#8221; ifadelerini kulland\u0131.<\/p>\n<p style=\"text-align: justify;\">CHP Bas\u0131n Birimi&#8217;nden yap\u0131lan a\u00e7\u0131klamaya g\u00f6re, K\u0131l\u0131\u00e7daro\u011flu, Twitter&#8217;deki hesab\u0131ndan h\u00fckemetin d\u0131\u015f politikas\u0131n\u0131 ele\u015ftirdi. K\u0131l\u0131\u00e7daro\u011flu, \u015funlar\u0131 kaydetti:<\/p>\n<p style=\"text-align: justify;\">\u201c\u0130ran ve Suriye \u0130srail&#8217;e d\u00fc\u015fmand\u0131. \u015eimdi <\/p>\n","protected":false},"author":1,"featured_media":0,"comment_status":"open","ping_status":"open","sticky":false,"template":"","format":"standard","meta":{"footnotes":""},"categories":[105],"tags":[],"class_list":["post-39738","post","type-post","status-publish","format-standard","hentry","category-gundem","odd"],"_links":{"self":[{"href":"http:\/\/www.korhanyilmaz.com\/index.php?rest_route=\/wp\/v2\/posts\/39738","targetHints":{"allow":["GET"]}}],"collection":[{"href":"http:\/\/www.korhanyilmaz.com\/index.php?rest_route=\/wp\/v2\/posts"}],"about":[{"href":"http:\/\/www.korhanyilmaz.com\/index.php?rest_route=\/wp\/v2\/types\/post"}],"author":[{"embeddable":true,"href":"http:\/\/www.korhanyilmaz.com\/index.php?rest_route=\/wp\/v2\/users\/1"}],"replies":[{"embeddable":true,"href":"http:\/\/www.korhanyilmaz.com\/index.php?rest_route=%2Fwp%2Fv2%2Fcomments&post=39738"}],"version-history":[{"count":0,"href":"http:\/\/www.korhanyilmaz.com\/index.php?rest_route=\/wp\/v2\/posts\/39738\/revisions"}],"wp:attachment":[{"href":"http:\/\/www.korhanyilmaz.com\/index.php?rest_route=%2Fwp%2Fv2%2Fmedia&parent=39738"}],"wp:term":[{"taxonomy":"category","embeddable":true,"href":"http:\/\/www.korhanyilmaz.com\/index.php?rest_route=%2Fwp%2Fv2%2Fcategories&post=39738"},{"taxonomy":"post_tag","embeddable":true,"href":"http:\/\/www.korhanyilmaz.com\/index.php?rest_route=%2Fwp%2Fv2%2Ftags&post=39738"}],"curies":[{"name":"wp","href":"https:\/\/api.w.org\/{rel}","templated":true}]}}