{"id":39734,"date":"2011-09-10T14:49:48","date_gmt":"2011-09-10T11:49:48","guid":{"rendered":"http:\/\/www.korhanyilmaz.com\/?p=39734"},"modified":"2011-09-11T01:38:14","modified_gmt":"2011-09-10T22:38:14","slug":"tertemiz-alnima-lekeli-dudagini-surdurmem","status":"publish","type":"post","link":"http:\/\/www.korhanyilmaz.com\/?p=39734","title":{"rendered":"&#8216;Tertemiz aln\u0131ma lekeli duda\u011f\u0131n\u0131 s\u00fcrd\u00fcrmem&#8217;"},"content":{"rendered":"<p style=\"text-align: center;\"><a href=\"http:\/\/www.korhanyilmaz.com\/wp-content\/uploads\/2011\/09\/5050.jpg\"  class=\"lightview\"><img loading=\"lazy\" decoding=\"async\" class=\"aligncenter size-full wp-image-39735\" src=\"http:\/\/www.korhanyilmaz.com\/wp-content\/uploads\/2011\/09\/5050.jpg\" alt=\"\" width=\"384\" height=\"254\" \/><\/a><\/p>\n<p style=\"text-align: justify;\">Ba\u015fbakan Erdo\u011fan, CHP lideri K\u0131l\u0131\u00e7daro\u011flu&#8217;na y\u00fcklendi: &#8216;Gemilerle Gazze&#8217;ye gidersen aln\u0131ndan \u00f6perim&#8217; diyen CHP lideri K\u0131l\u0131\u00e7daro\u011flu&#8217;na &#8216;Tertemiz aln\u0131m\u0131 senin lekeli dudaklar\u0131na s\u00fcrd\u00fcrmem.<!--more--><\/p>\n<p style=\"text-align: justify;\">KAYSER\u0130 &#8211; Ba\u015fbakan Recep Tayyip Erdo\u011fan, Kayseri\u2019de sivil toplum kurulu\u015fu ve i\u015f d\u00fcnyas\u0131 yetkililerine Mirado Del Lago Otel\u2019de hitap etti. Erdo\u011fan, &#8220;Anamuhalefet partisinin Genel Ba\u015fkan\u0131 \u00e7\u0131k\u0131yor, \u0130srail\u2019in avukatl\u0131\u011f\u0131n\u0131 yap\u0131yor. Sana m\u0131 kald\u0131 bu i\u015f? B\u0131rak orada zaten T\u00fcrkiye\u2019ye vurmak isteyen var. Sen de mi ayn\u0131 \u015feyi yap\u0131yorsun? Onun avukatl\u0131\u011f\u0131n\u0131 yapt\u0131\u011f\u0131n zaman oylar\u0131n\u0131 arttaca\u011f\u0131n\u0131 m\u0131 zannediyorsun veya sana onun bir g\u00fc\u00e7 kataca\u011f\u0131n\u0131 m\u0131 zannediyorsun?&#8221; dedi.<\/p>\n<p style=\"text-align: justify;\"><strong>TERTEM\u0130Z ALNIMI LEKEL\u0130 DUDAKLARINA S\u00dcRD\u00dcRMEM\u00a0<\/strong><\/p>\n<p style=\"text-align: justify;\">Erdo\u011fan, CHP Genel Ba\u015fkan\u0131 Kemal K\u0131l\u0131\u00e7daro\u011flu\u2019na y\u00f6nelik olarak &#8220;(Gemiyi, h\u00fccum botlar\u0131m\u0131z\u0131 vesairemizi Gazze\u2019ye g\u00f6t\u00fcr\u00fcrse aln\u0131ndan \u00f6perim) diyor. Kusura bakma ben bu tertemiz aln\u0131m\u0131, senin o lekeli dudaklar\u0131na s\u00fcrd\u00fcrmem. Buna ihtiyac\u0131m\u0131z yok, biz yapt\u0131\u011f\u0131m\u0131z i\u015fi ni\u00e7in yapt\u0131\u011f\u0131m\u0131z\u0131 biliriz&#8221; dedi.<\/p>\n<p style=\"text-align: justify;\"><strong>BAH\u00c7EL\u0130\u2019YE: K\u00dc\u00c7\u00dcK D\u00dc\u015e\u00dcN\u00dcYORSUN\u00a0<\/strong><\/p>\n<p style=\"text-align: justify;\">Ba\u015fbakan Recep Tayyip Erdo\u011fan, &#8220;MHP\u2019nin Genel Ba\u015fkan\u0131 \u00e7\u0131k\u0131yor, \u2019Somali ile, \u015furayla burayla u\u011fra\u015faca\u011f\u0131na PKK ile u\u011fra\u015f\u2019 diyor. Bunlar\u0131n ne kadar k\u00fc\u00e7\u00fck d\u00fc\u015f\u00fcnd\u00fc\u011f\u00fcn\u00fc g\u00f6rebiliyor musunuz? Biz b\u00fcy\u00fck bir devletiz, Sel\u00e7uklu\u2019nun Osmanl\u0131\u2019n\u0131n bakiyesi \u00fczerine kurulmu\u015f bir devletiz. Bizi \u00f6yle k\u00fc\u00e7\u00fck, k\u0131s\u0131r bir zihniyetle tan\u0131mlamaya Say\u0131n Bah\u00e7eli senin g\u00fcc\u00fcn yetmez, buna m\u00fcsaade etmeyiz. Biz PKK ile de m\u00fccadelemizi s\u00fcrd\u00fcr\u00fcr\u00fcz, ama d\u0131\u015far\u0131da da yard\u0131m elimizi, yard\u0131m eli uzanmayan karde\u015flerimize de uzat\u0131r\u0131z. Ald\u0131\u011f\u0131m\u0131z terbiye budur, miras\u0131n gere\u011fi budur&#8221; dedi.<\/p>\n<p style=\"text-align: justify;\"><a href=\"http:\/\/www.radikal.com.tr\/Radikal.aspx?aType=RadikalDetayV3&amp;ArticleID=1062916&amp;Date=11.09.2011&amp;CategoryID=78\" target=\"_blank\">Kaynak : Radikal.com.tr<\/a><\/p>\n","protected":false},"excerpt":{"rendered":"<p style=\"text-align: center;\">\n<p style=\"text-align: justify;\">Ba\u015fbakan Erdo\u011fan, CHP lideri K\u0131l\u0131\u00e7daro\u011flu&#8217;na y\u00fcklendi: &#8216;Gemilerle Gazze&#8217;ye gidersen aln\u0131ndan \u00f6perim&#8217; diyen CHP lideri K\u0131l\u0131\u00e7daro\u011flu&#8217;na &#8216;Tertemiz aln\u0131m\u0131 senin lekeli dudaklar\u0131na s\u00fcrd\u00fcrmem.<\/p>\n","protected":false},"author":1,"featured_media":0,"comment_status":"open","ping_status":"open","sticky":false,"template":"","format":"standard","meta":{"footnotes":""},"categories":[105],"tags":[],"class_list":["post-39734","post","type-post","status-publish","format-standard","hentry","category-gundem","odd"],"_links":{"self":[{"href":"http:\/\/www.korhanyilmaz.com\/index.php?rest_route=\/wp\/v2\/posts\/39734","targetHints":{"allow":["GET"]}}],"collection":[{"href":"http:\/\/www.korhanyilmaz.com\/index.php?rest_route=\/wp\/v2\/posts"}],"about":[{"href":"http:\/\/www.korhanyilmaz.com\/index.php?rest_route=\/wp\/v2\/types\/post"}],"author":[{"embeddable":true,"href":"http:\/\/www.korhanyilmaz.com\/index.php?rest_route=\/wp\/v2\/users\/1"}],"replies":[{"embeddable":true,"href":"http:\/\/www.korhanyilmaz.com\/index.php?rest_route=%2Fwp%2Fv2%2Fcomments&post=39734"}],"version-history":[{"count":0,"href":"http:\/\/www.korhanyilmaz.com\/index.php?rest_route=\/wp\/v2\/posts\/39734\/revisions"}],"wp:attachment":[{"href":"http:\/\/www.korhanyilmaz.com\/index.php?rest_route=%2Fwp%2Fv2%2Fmedia&parent=39734"}],"wp:term":[{"taxonomy":"category","embeddable":true,"href":"http:\/\/www.korhanyilmaz.com\/index.php?rest_route=%2Fwp%2Fv2%2Fcategories&post=39734"},{"taxonomy":"post_tag","embeddable":true,"href":"http:\/\/www.korhanyilmaz.com\/index.php?rest_route=%2Fwp%2Fv2%2Ftags&post=39734"}],"curies":[{"name":"wp","href":"https:\/\/api.w.org\/{rel}","templated":true}]}}