{"id":39729,"date":"2011-09-10T10:58:17","date_gmt":"2011-09-10T07:58:17","guid":{"rendered":"http:\/\/www.korhanyilmaz.com\/?p=39729"},"modified":"2011-09-10T11:46:34","modified_gmt":"2011-09-10T08:46:34","slug":"bu-ne-bilirkisi-raporu-bu-ne-delil","status":"publish","type":"post","link":"http:\/\/www.korhanyilmaz.com\/?p=39729","title":{"rendered":"Bu ne bilirki\u015fi raporu bu ne delil"},"content":{"rendered":"<p style=\"text-align: center;\"><a href=\"http:\/\/www.korhanyilmaz.com\/wp-content\/uploads\/2011\/09\/5049.jpg\"  class=\"lightview\"><img loading=\"lazy\" decoding=\"async\" class=\"aligncenter size-full wp-image-39730\" src=\"http:\/\/www.korhanyilmaz.com\/wp-content\/uploads\/2011\/09\/5049.jpg\" alt=\"\" width=\"346\" height=\"266\" \/><\/a><\/p>\n<p style=\"text-align: justify;\">\u0130stanbul 16. A\u011f\u0131r Ceza Mahkemesince kabul edilen ve Oda TV&#8217;nin Ergenekon&#8217;un yay\u0131n organ\u0131 oldu\u011fu \u00f6ne s\u00fcr\u00fclen iddianamede, delillerin d\u00f6k\u00fcm\u00fc yap\u0131lmadan \u00f6nce delilleri \u015f\u00fcpheli konuma d\u00fc\u015f\u00fcren teknik bilirki\u015fi raporundan bahsediliyor. Ard\u0131ndan da iddialara dayanak olu\u015fturan o dijital deliller say\u0131l\u0131yor.\u00a0<!--more--><\/p>\n<p style=\"text-align: justify;\">Oda TV \u0130ddianamesinde toplanan delillerin say\u0131ld\u0131\u011f\u0131 k\u0131s\u0131mda san\u0131k avukatlar\u0131n\u0131n ba\u015fvurusuyla Bo\u011fazi\u00e7i \u00dcniversitesi M\u00fchendislik Fak\u00fcltesinden bilirki\u015filerce haz\u0131rlanan &#8220;Teknik Rapor&#8221;da belirtilen hususlara da yer verildi. Buna g\u00f6re, incelemelerin Oda TV&#8217;ye ait as\u0131l dijital imajlar \u00fczerinden yap\u0131lmad\u0131\u011f\u0131 belirtilerek, \u015f\u00f6yle deniliyor: &#8220;\u0130maj olmadan yap\u0131lan i\u015flemler veya varsay\u0131mlarla yap\u0131lan yorumlar\u0131n adli bili\u015fim incelemesi olamayaca\u011f\u0131, kullan\u0131lan &#8216;Active Undelete&#8217; adl\u0131 program\u0131n adli bili\u015fim incelemelerinde delil b\u00fct\u00fcnl\u00fc\u011f\u00fcn\u00fc bozabilece\u011fi ve uluslararas\u0131 ge\u00e7erlili\u011finin olmad\u0131\u011f\u0131, ayr\u0131ca s\u00f6z konusu program\u0131n &#8216;Silinme Tarihi&#8217; olarak verdi\u011fi tarihin &#8216;Son Eri\u015fim Tarihi&#8217; bilgisi oldu\u011fu, ayr\u0131ca ele ge\u00e7irilen \u00f6rg\u00fct dok\u00fcmanlar\u0131n\u0131n baz\u0131lar\u0131n\u0131n birden fazla \u015f\u00fcphelinin bilgisayar\u0131nda tespit edildi\u011fi anla\u015f\u0131lm\u0131\u015ft\u0131r.&#8221; denildi.<\/p>\n<p style=\"text-align: justify;\"><strong>Temel dayanak &#8220;Ulusal Medya 2010&#8221;\u00a0<\/strong><\/p>\n<p style=\"text-align: justify;\">\u0130ddianameye dayanak olu\u015fturan delillerden &#8220;Ulusal Medya 2010&#8221; isimli dok\u00fcman\u0131n, daha \u00f6nce Ergenekon davas\u0131 kapsam\u0131nda g\u00fcndeme gelen &#8220;Ulusal Medya 2001&#8221; ile benzerlik g\u00f6sterdi\u011fi belirtildi. Bu belgede &#8220;ulusal medya&#8221; olu\u015fturulmas\u0131n\u0131n zorunlulu\u011fundan s\u00f6z edildi\u011fi ve Oda TV&#8217;nin de bunun internet kanad\u0131n\u0131 olu\u015fturaca\u011f\u0131 \u015feklindeki ifadelerine yer verildi. Ayr\u0131ca, bu belge ile kamuoyunu y\u00f6nlendirmek ve davay\u0131 y\u00fcr\u00fcten kurumlar\u0131 y\u0131pratmak amac\u0131yla &#8220;Oda TV, Halk TV, Ulusal TV, Avrasya TV, Kanal B ve S\u00f6zc\u00fc gibi yay\u0131n organlar\u0131n\u0131n&#8221; aleyhte yay\u0131n yapmas\u0131n\u0131n vurguland\u0131\u011f\u0131 iddia edildi.<\/p>\n<p style=\"text-align: justify;\">&#8220;Ulusal Medya 2010&#8221; belgesine dayan\u0131larak iddianamede CHP&#8217;den de s\u00f6z edildi. S\u00f6z konusu belgeden al\u0131nt\u0131yla iddianameye giren CHP&#8217;ye ili\u015fkin \u015funlar yer ald\u0131: &#8220;Ancak objektif ve ba\u011f\u0131ms\u0131z olarak lanse edilen ve CHP\u2019nin g\u00fcc\u00fcn\u00fc arkas\u0131na alm\u0131\u015f bir HALK TV ile ayd\u0131n \u00e7evrelerce kabul g\u00f6rm\u00fc\u015f ODATV ve S\u00d6ZC\u00dc GAZETES\u0130 gibi yap\u0131land\u0131r\u0131lm\u0131\u015f, ba\u011f\u0131ms\u0131z olarak g\u00f6sterilen okuma ve izlenme oranlar\u0131 y\u00fcksek yay\u0131n organlar\u0131 geni\u015f kitleleri ulusal \u00e7\u0131karlar do\u011frultusunda hareket edecek bir platformda toplayabilir.&#8221;<\/p>\n<p style=\"text-align: justify;\"><strong>CHP ve YARSAV da iddianamede\u00a0<\/strong><\/p>\n<p style=\"text-align: justify;\">\u0130ddianamede \u00fcniversite gen\u00e7li\u011finin eylemleri de Yal\u00e7\u0131n K\u00fc\u00e7\u00fck&#8217;\u00fcn talimat\u0131yla Ergenekon&#8217;un marifetiymi\u015f gibi g\u00f6steriliyor. \u0130ddianamede yer verilen &#8220;Yal\u00e7\u0131n Hoca ile G\u00f6r\u00fc\u015f\u00fcld\u00fc&#8221; adl\u0131 dok\u00fcmanda, &#8220;gen\u00e7lik hareketleri ile ilgili haz\u0131rl\u0131klar&#8221;, &#8220;altyap\u0131 eksikleri&#8221;, &#8220;60 \u00f6ncesi olaylar\u0131n tekrar incelenmesi&#8221; gibi konularla &#8220;AKP&#8217;nin \u00e7ok zora sokulaca\u011f\u0131&#8221; ifadeleri deliller aras\u0131nda say\u0131ld\u0131. \u0130ddianamede yer alan s\u00f6z konusu bu dok\u00fcmanla gen\u00e7lik hareketlerinin ba\u015flat\u0131lmas\u0131 i\u00e7in taktiklerin s\u0131raland\u0131\u011f\u0131 g\u00f6r\u00fcl\u00fcyor.<\/p>\n<p style=\"text-align: justify;\">Yal\u00e7\u0131n K\u00fc\u00e7\u00fck&#8217;\u00fcn &#8220;\u00f6rg\u00fctsel talimatlar\u0131&#8221; oldu\u011fu \u00f6ne s\u00fcr\u00fclen dok\u00fcmanlarla CHP, YARSAV, T\u00fcrkiye Gen\u00e7lik Birli\u011fi (TGB) gibi parti ve kurulu\u015flar da iddianameye girdi. Buna g\u00f6re, CHP&#8217;nin &#8220;Halkevlerinin \u015fubelerini harekete ge\u00e7irmekte ge\u00e7 kald\u0131\u011f\u0131&#8221;; TGB&#8217;nin, &#8220;Ergenekon organize ediyor&#8221; derler diye olaylara kat\u0131lmamas\u0131; YARSAV i\u00e7in &#8220;birlikte \u00e7al\u0131\u015f\u0131lmaya devam edilmesi&#8221; gibi ifadeler kullan\u0131l\u0131yor.<\/p>\n<p style=\"text-align: justify;\"><strong>&#8220;Kod isim&#8221; iddias\u0131\u00a0<\/strong><\/p>\n<p style=\"text-align: justify;\">\u00d6te yandan Oda TV&#8217;den ele ge\u00e7irildi\u011fi ileri s\u00fcr\u00fclen &#8220;Toplant\u0131&#8221; isimli dok\u00fcmanda toplant\u0131lar\u0131n de\u015fifre olmamas\u0131 i\u00e7in, \u015f\u00fcphelilerin kod isim kullanmas\u0131n\u0131n yer ald\u0131\u011f\u0131 iddia edildi. Ayr\u0131ca telefon konu\u015fmalar\u0131nda dikkatli olunmas\u0131, zorunlu olmad\u0131k\u00e7a e-maille haberle\u015filmemesi \u00e7\u00fcnk\u00fc polisin ciddi takibinin oldu\u011fu \u015feklindeki notlara yer verildi. Ayn\u0131 belgedeki Silivri, PKK, \u00c7etin Do\u011fan hakk\u0131ndaki haberlerin &#8220;kritik&#8221; olarak adland\u0131r\u0131ld\u0131\u011f\u0131 ve mutlaka Yal\u00e7\u0131n K\u00fc\u00e7\u00fck&#8217;e sorulmas\u0131 gerekti\u011fi bilgileri de iddianameye girdi. .<\/p>\n<p style=\"text-align: justify;\"><strong>AK Parti&#8217;ye muhalefet program\u0131 delil\u00a0<\/strong><\/p>\n<p style=\"text-align: justify;\">\u0130ddianamede yer verilen &#8220;Tertemiz&#8221; isimli dok\u00fcmanda say\u0131lan AK Parti&#8217;ye muhalefet ama\u00e7l\u0131 faaliyetler de deliller aras\u0131nda say\u0131ld\u0131. Belgede say\u0131lanlardan baz\u0131lar\u0131 \u015funlar:<\/p>\n<p style=\"text-align: justify;\">&#8211; &#8220;AKP kadrola\u015fmas\u0131n\u0131 g\u00f6z \u00f6n\u00fcne sermek.<\/p>\n<p style=\"text-align: justify;\">-AKP yasalar\u0131n\u0131n Atat\u00fcrk devrimlerine ayk\u0131r\u0131 y\u00f6nlerini if\u015fa etmek.<\/p>\n<p style=\"text-align: justify;\">&#8211; AKP&#8217;nin devletin kendi kurumlar\u0131 ile \u00e7at\u0131\u015ft\u0131\u011f\u0131n\u0131 g\u00f6stermek.<\/p>\n<p style=\"text-align: justify;\">&#8211; Bunun i\u00e7in emekli ya da g\u00f6revde \u00fcst d\u00fczey kamu g\u00f6revlilerinin tepkilerine yer vermek.<\/p>\n<p style=\"text-align: justify;\">&#8211; AKP&#8217;nin ger\u00e7ek maksad\u0131n\u0131n \u015feriat devleti kurmak oldu\u011funu g\u00fcndemde tutmak.<\/p>\n<p style=\"text-align: justify;\">&#8211; Ergenekon davas\u0131n\u0131n BOP kapsam\u0131nda TSK&#8217;y\u0131 y\u0131pratma amac\u0131nda oldu\u011fu.<\/p>\n<p style=\"text-align: justify;\">&#8211; AKP kar\u015f\u0131t\u0131 s\u00f6ylemlere yer vermek.<\/p>\n<p style=\"text-align: justify;\">&#8211; AKP&#8217;nin \u00f6zelle\u015ftirmelerine yer vermek.<\/p>\n<p style=\"text-align: justify;\">&#8211; AKP&#8217;ye kar\u015f\u0131 emek\u00e7i, \u00f6\u011frenci ve STK&#8217;lar\u0131n d\u00fczenledi\u011fi eylem, g\u00f6steri ve mitinglerin \u00f6ne \u00e7\u0131kart\u0131lmas\u0131.<\/p>\n<p style=\"text-align: justify;\">&#8211; AKP ve yanda\u015flar\u0131n\u0131n yolsuzluklar\u0131n\u0131n \u00f6ne \u00e7\u0131kart\u0131lmas\u0131.<\/p>\n<p style=\"text-align: justify;\">&#8211; Milletvekili dokunulmazl\u0131klar\u0131n\u0131n g\u00fcndemde tutulmas\u0131.<\/p>\n<p style=\"text-align: justify;\">\u00a0&#8211; Halk\u0131n tepkili oldu\u011funun \u00f6ne \u00e7\u0131kart\u0131lmas\u0131.<\/p>\n<p style=\"text-align: justify;\">&#8211; T\u00fcrban konusu ve AKP&#8217;li vekillerin e\u015fleri.&#8221;<\/p>\n<p style=\"text-align: justify;\"><strong>&#8220;CHP&#8217;yi y\u0131prat\u0131n&#8221;\u00a0<\/strong><\/p>\n<p style=\"text-align: justify;\">Deliller aras\u0131nda &#8220;\u00f6rg\u00fctsel not&#8221; olarak say\u0131lan &#8220;K\u0131l\u0131\u00e7daro\u011flu&#8217;na Destek Zorunlu&#8221; adl\u0131 dok\u00fcmandaki, CHP&#8217;deki kaset skandal\u0131 ile ili\u015fkili g\u00f6r\u00fcnen ifadelere yer verildi. \u0130ddianamede dok\u00fcmandaki notlar \u015fu \u015fekilde bulunuyor:<\/p>\n<p style=\"text-align: justify;\">&#8211; &#8220;K\u0131l\u0131\u00e7daro\u011flu\u2019na destek zorunlu. Liderlik \u00e7eki\u015fmesi yarat\u0131lmak istendi\u011fi a\u00e7\u0131k. Haber i\u00e7eriklerine dikkat! (\u2026) (Burada \u00fcst d\u00fczey bir CHP y\u00f6neticisinin ad\u0131 belirtilmektedir) o\u011flunun gay ili\u015fkileri\u2026 CHP \u2019ye zarar verilmemeli.&#8221;<\/p>\n<p style=\"text-align: justify;\">&#8211; &#8220;M\u00fcyesserin Baykal sevdas\u0131 ODATV yay\u0131n politikas\u0131 ile ba\u011fda\u015fm\u0131yor&#8230;. Hanefi ile ilgilenmeye devam etsin\u2026 Avukatlarla irtibat\u0131na dikkat etsin.&#8221;<\/p>\n<p style=\"text-align: justify;\">&#8211; &#8220;Halk TV\u2019yi devral\u0131rsak parasal s\u0131k\u0131nt\u0131m\u0131z kalmaz. K\u0131l\u0131\u00e7daro\u011flu da istekli, her t\u00fcrl\u00fc deste\u011fi al\u0131r\u0131z ama Baykal direniyor, Baykal engelini a\u015fmal\u0131y\u0131z. \u0130kna i\u00e7in varan 2\u2026&#8221;<\/p>\n<p style=\"text-align: justify;\">\u00a0&#8211; &#8220;G\u00fcrsel bize yak\u0131n halk Tv i\u00e7in de \u00e7abal\u0131yor ancak hoca sevmiyor, fetullah\u00e7\u0131 diyor.&#8221;<\/p>\n<p style=\"text-align: justify;\">&#8211; &#8220;G\u00f6r\u00fc\u015fmeler olumlu, K\u0131l\u0131\u00e7daro\u011flu se\u00e7imlerden \u00f6nce bu i\u015f bitsin dedi. Ayr\u0131ca hocan\u0131n talepleri kendisine iletildi. KCK konusuna da \u0131l\u0131ml\u0131&#8221;<\/p>\n<p style=\"text-align: justify;\">\u0130ddianamede daha \u00f6nce kamuoyuna yans\u0131yan ve gazeteci Nedim \u015eener&#8217;in tutuklanmas\u0131na esas olu\u015fturan &#8220;Hanefi&#8221; isimli dok\u00fcman\u0131n ayr\u0131nt\u0131lar\u0131 da var. &#8220;Soner Yal\u00e7\u0131n&#8217;\u0131n talimatlar\u0131n\u0131 i\u00e7erdi\u011fi ileri s\u00fcr\u00fclen belgeden Sabih Kanado\u011flu, \u0130lhan Cihaner ve Do\u011fu Perin\u00e7ek&#8217;in de isimleri yer al\u0131yor. Dok\u00fcmandan aktar\u0131lan \u015fu ifadeler iddianamede yer ald\u0131:<\/p>\n<p style=\"text-align: justify;\">&#8211; &#8220;Hanefi\u2019nin kitab\u0131 ne durumda, referandum \u00f6ncesi yeti\u015ftirmeli. Nedim\u2019i s\u0131k\u0131\u015ft\u0131r\u0131n h\u0131zland\u0131rs\u0131n.. Referandum s\u00fcrecinde Cemaati y\u0131pratmal\u0131 ve kamuoyu \u00fczerinde g\u00fcvenilirlili\u011fini azaltmal\u0131; Hanefi kullan\u0131lmal\u0131. B\u00f6yle bir \u015feyi kendini ortaya koyarak teklif etmesi \u00f6nemli.&#8221;<\/p>\n<p style=\"text-align: justify;\">&#8211; &#8220;Avc\u0131 ile direkt g\u00f6r\u00fc\u015fmeyelim, Nedim\u2019i ve Cumhur\u2019u kullanal\u0131m. M\u00fcyesserin emniyet ba\u011flant\u0131lar\u0131ndan yararlanal\u0131m. Tepkiler \u00e7ok b\u00fcy\u00fck olacak, g\u00fcvenilirli\u011fini y\u0131pratmaya \u00e7al\u0131\u015facaklard\u0131r, yay\u0131n sonras\u0131 d\u00fcr\u00fcstl\u00fc\u011f\u00fc \u00f6n plana \u00e7\u0131kart\u0131lmal\u0131. Sabih \u00dcstat da \u0130lhan Cihaner olay\u0131 kitapta muhakkak i\u015flenmeli diyor. Cihaner\u2019i bayrakla\u015ft\u0131ral\u0131m.&#8221;<\/p>\n<p style=\"text-align: justify;\">&#8211; &#8220;Do\u011fu Hanefi\u2019nin a\u011fz\u0131ndan Ergenekon\u2019un bo\u015f bir dava olarak anlat\u0131lmas\u0131 sa\u011flanmal\u0131 diyor. Do\u011funun \u00e7al\u0131\u015fmalar\u0131ndan faydalan\u0131lmal\u0131. Hanefi\u2019ye g\u00fcvence verilmeli. Do\u011fu cemaatle ilgili M. Cengiz\u2019de kullan\u0131labilecek yeni belgelerin oldu\u011fu haberini g\u00f6nderdi. Muhakkak g\u00f6r\u00fc\u015f\u00fclmeli, bu belgelerde cemaat i\u00e7i kavga ba\u015flatacak bilgiler oldu\u011funu s\u00f6yl\u00fcyor. Kitaba eklenmeli. Kitapta Ergenekon, Cihaner, Balyoz, Poyrazk\u00f6y gibi operasyonlar\u0131 poliste ve savc\u0131da ki F tipi yapt\u0131 vurgusu iyi kurgulanmal\u0131. Cemaat operasyonu, hukuki olarak hi\u00e7bir de\u011feri yok alg\u0131s\u0131 olu\u015fturulacak.&#8221;<\/p>\n<p style=\"text-align: justify;\">&#8211; &#8220;Dan\u0131\u015ftay\u2019\u0131n t\u00fcrban eylemi oldu\u011fu Hanefi\u2019nin a\u011fz\u0131ndan net bir \u015fekilde vurgulanmal\u0131. Hanefi\u2019nin b\u00f6yle de\u011ferlendirmesi kamuoyunda ciddi bir etki b\u0131rak\u0131r.&#8221;<\/p>\n<p style=\"text-align: justify;\">&#8211; &#8220;\u00c7etin Do\u011fan\u2019\u0131n verdi\u011fi bilgiler kitapta muhakkak yer almal\u0131, balyozun normal bir seminer oldu\u011fu \u00fclke g\u00fcvenli\u011fi i\u00e7in gerekli oldu\u011fu vurgusu i\u015flenmeli. M.Cengiz\u2019deki yeni bilgiler ve Hanefi\u2019nin g\u00f6nderdikleri \u00fczerinden, emniyeti ele ge\u00e7irmi\u015f F tipi yap\u0131lanmay\u0131 kitapta i\u015fleyelim.\u201d ifadelerine yer verildi\u011fi g\u00f6r\u00fclm\u00fc\u015ft\u00fcr.&#8221;<\/p>\n<p style=\"text-align: justify;\"><a href=\"http:\/\/www.cnnturk.com\/2011\/yazarlar\/09\/10\/bu.ne.bilirkisi.raporu.bu.ne.delil\/628803.0\/index.html\" target=\"_blank\">Kaynak : CNN T\u00dcRK<\/a><\/p>\n","protected":false},"excerpt":{"rendered":"<p style=\"text-align: center;\">\n<p style=\"text-align: justify;\">\u0130stanbul 16. A\u011f\u0131r Ceza Mahkemesince kabul edilen ve Oda TV&#8217;nin Ergenekon&#8217;un yay\u0131n organ\u0131 oldu\u011fu \u00f6ne s\u00fcr\u00fclen iddianamede, delillerin d\u00f6k\u00fcm\u00fc yap\u0131lmadan \u00f6nce delilleri \u015f\u00fcpheli konuma d\u00fc\u015f\u00fcren teknik bilirki\u015fi raporundan bahsediliyor. Ard\u0131ndan da iddialara dayanak olu\u015fturan o dijital deliller say\u0131l\u0131yor. <\/p>\n","protected":false},"author":1,"featured_media":0,"comment_status":"open","ping_status":"open","sticky":false,"template":"","format":"standard","meta":{"footnotes":""},"categories":[105],"tags":[],"class_list":["post-39729","post","type-post","status-publish","format-standard","hentry","category-gundem","odd"],"_links":{"self":[{"href":"http:\/\/www.korhanyilmaz.com\/index.php?rest_route=\/wp\/v2\/posts\/39729","targetHints":{"allow":["GET"]}}],"collection":[{"href":"http:\/\/www.korhanyilmaz.com\/index.php?rest_route=\/wp\/v2\/posts"}],"about":[{"href":"http:\/\/www.korhanyilmaz.com\/index.php?rest_route=\/wp\/v2\/types\/post"}],"author":[{"embeddable":true,"href":"http:\/\/www.korhanyilmaz.com\/index.php?rest_route=\/wp\/v2\/users\/1"}],"replies":[{"embeddable":true,"href":"http:\/\/www.korhanyilmaz.com\/index.php?rest_route=%2Fwp%2Fv2%2Fcomments&post=39729"}],"version-history":[{"count":0,"href":"http:\/\/www.korhanyilmaz.com\/index.php?rest_route=\/wp\/v2\/posts\/39729\/revisions"}],"wp:attachment":[{"href":"http:\/\/www.korhanyilmaz.com\/index.php?rest_route=%2Fwp%2Fv2%2Fmedia&parent=39729"}],"wp:term":[{"taxonomy":"category","embeddable":true,"href":"http:\/\/www.korhanyilmaz.com\/index.php?rest_route=%2Fwp%2Fv2%2Fcategories&post=39729"},{"taxonomy":"post_tag","embeddable":true,"href":"http:\/\/www.korhanyilmaz.com\/index.php?rest_route=%2Fwp%2Fv2%2Ftags&post=39729"}],"curies":[{"name":"wp","href":"https:\/\/api.w.org\/{rel}","templated":true}]}}