{"id":39721,"date":"2011-09-10T02:02:42","date_gmt":"2011-09-09T23:02:42","guid":{"rendered":"http:\/\/www.korhanyilmaz.com\/?p=39721"},"modified":"2011-09-10T11:31:29","modified_gmt":"2011-09-10T08:31:29","slug":"savci-15-yil-istedi","status":"publish","type":"post","link":"http:\/\/www.korhanyilmaz.com\/?p=39721","title":{"rendered":"Savc\u0131 15 y\u0131l istedi"},"content":{"rendered":"<p style=\"text-align: center;\"><a href=\"http:\/\/www.korhanyilmaz.com\/wp-content\/uploads\/2011\/09\/5047.jpg\"  class=\"lightview\"><img loading=\"lazy\" decoding=\"async\" class=\"aligncenter size-full wp-image-39722\" src=\"http:\/\/www.korhanyilmaz.com\/wp-content\/uploads\/2011\/09\/5047.jpg\" alt=\"\" width=\"336\" height=\"223\" \/><\/a><\/p>\n<p style=\"text-align: justify;\">Aralar\u0131nda gazeteciler Nedim \u015eener ve Ahmet \u015e\u0131k&#8217;\u0131n da bulundu\u011fu 12&#8217;si tutuklu 14 san\u0131k hakk\u0131ndaki &#8216;Odatv iddianamesi&#8217; kabul edildi. Yal\u00e7\u0131n K\u00fc\u00e7\u00fck&#8217;\u00fcn \u00f6rg\u00fct y\u00f6neticisi oldu\u011fu \u00f6ne s\u00fcr\u00fclen iddianamede \u015eener ve \u015e\u0131k i\u00e7in 15 y\u0131l hapis istendi.<!--more--><\/p>\n<p style=\"text-align: justify;\">Ergenekon soru\u015fturmalar\u0131 kapsam\u0131nda, aralar\u0131nda <strong>Prof. Dr. Yal\u00e7\u0131n K\u00fc\u00e7\u00fck<\/strong>, gazeteciler <strong>Soner Yal\u00e7\u0131n<\/strong>, <strong>Nedim \u015eener<\/strong> ve <strong>Ahmet \u015e\u0131k<\/strong>\u2019\u0131n da bulundu\u011fu 12\u2019si tutuklu 14 san\u0131kl\u0131 134 sayfal\u0131k \u2018Odatv iddianamesi\u2019 \u0130stanbul \u00d6zel Yetkili 16. A\u011f\u0131r Ceza Mahkemesi taraf\u0131ndan kabul edildi. \u0130ddianamede Ergenekon \u00f6rg\u00fct\u00fc y\u00f6neticisi oldu\u011fu iddia edilen Yal\u00e7\u0131n K\u00fc\u00e7\u00fck\u2019\u00fcn Odatv internet sitesinin imtiyaz sahibi Soner Yal\u00e7\u0131n ve \u00e7al\u0131\u015fanlar\u0131yla \u00f6rg\u00fctsel irtibatta oldu\u011fu, Odatv\u2019de Ergenekon\u2019un hedefleri do\u011frultusunda yay\u0131n yap\u0131ld\u0131\u011f\u0131 iddia edildi. Yal\u00e7\u0131n K\u00fc\u00e7\u00fck\u2019\u00fcn \u2018\u00f6rg\u00fct y\u00f6neticili\u011fi\u2019, di\u011fer san\u0131klar\u0131n ise \u2018\u00fcyelikten\u2019 yarg\u0131lanmas\u0131 istenen iddianamede gazeteciler Ahmet \u015e\u0131k ve Nedim \u015eener\u2019in \u201cter\u00f6r \u00f6rg\u00fct\u00fcne yard\u0131m\u201d su\u00e7undan 15 y\u0131la kadar hapisleri istendi.<\/p>\n<p style=\"text-align: justify;\"><strong>Nazl\u0131 Il\u0131cak \u015fik\u00e2yet\u00e7i<\/strong><\/p>\n<p style=\"text-align: justify;\">\u00d6zellikle Odatv\u2019de yap\u0131lan aramalarda ele ge\u00e7irilen Ulusal Medya 2010 dok\u00fcman\u0131na at\u0131f yap\u0131lan iddianamede, tutuklu Yal\u00e7\u0131n K\u00fc\u00e7\u00fck, Soner Yal\u00e7\u0131n, Ahmet \u015e\u0131k, Hanefi Avc\u0131, Nedim \u015eener, Bar\u0131\u015f Terko\u011flu, Bar\u0131\u015f Pehlivan, Do\u011fan Yurdakul, M\u00fcesser U\u011fur, Co\u015fkun Musluk, Sait \u00c7ak\u0131r ve Ka\u015fif Kozino\u011flu ile tutuksuz san\u0131klar Ahmet M\u00fcmtaz \u0130dil ve \u0130klim Ayfer Kaleli, \u201cSilahl\u0131 ter\u00f6r \u00f6rg\u00fct\u00fc kurmak, y\u00f6netmek, \u00fcye olmak, yard\u0131m etmek, halk\u0131 kin ve d\u00fc\u015fmanl\u0131\u011fa alenen tahrik etmek, devletin g\u00fcvenli\u011fine ili\u015fkin belgeleri temin etmek, a\u00e7\u0131klanmas\u0131 yasaklanan belgeleri temin etmek, \u00f6zel hayat\u0131n gizlili\u011fini ihlal etmek, ki\u015fisel verileri kaydetmek ve adil yarg\u0131lamay\u0131 etkilemeye te\u015febb\u00fcs etmek\u201d gibi iddialarla su\u00e7lan\u0131yor. Hakk\u0131nda i\u015flem yap\u0131lan 9 ki\u015fi hakk\u0131nda da takipsizlik karar\u0131 verildi. Davan\u0131n tek m\u00fc\u015ftekisi ise gazeteci Nazl\u0131 Il\u0131cak. Odatv\u2019de yap\u0131lan aramalarda Il\u0131cak ile ilgili \u00f6zel hayat\u0131n gizlili\u011fini ihlal mahiyetinde de\u011ferlendirilen notlar ele ge\u00e7irilmi\u015fti.<\/p>\n<p style=\"text-align: justify;\"><strong>\u2018\u0130yi bizden etkileniyor\u2019<\/strong><\/p>\n<p style=\"text-align: justify;\">\u0130ddianamede Yal\u00e7\u0131n K\u00fc\u00e7\u00fck\u2019\u00fcn teknik takibe tak\u0131lan konu\u015fmalar\u0131 geni\u015f yer buldu. Bunlar aras\u0131nda CHP lideri Kemal K\u0131l\u0131\u00e7daro\u011flu ile ilgili kulland\u0131\u011f\u0131 ifadeler dikkat \u00e7ekti. K\u00fc\u00e7\u00fck\u2019\u00fcn 15 \u015eubat 2011\u2019de telefonla konu\u015ftu\u011fu L.E\u2019ye, K\u0131l\u0131\u00e7daro\u011flu\u2019nun, \u2018Ergenekon neredeyse gidip \u00fcye olaca\u011f\u0131m\u2019 s\u00f6zleriyle ilgili olarak, \u201c\u0130yi bizden etkileniyor\u201d dedi\u011fi iddia ediliyor. Odatv\u2019deki bir hard diskin silinmi\u015f b\u00f6lgesinde bulundu\u011fu iddia edilen \u2018Hocadan notlar\u2019 isimli belgede ise Yal\u00e7\u0131n K\u00fc\u00e7\u00fck\u2019\u00fcn, \u201c\u00d6calan ile ayn\u0131 safta g\u00f6r\u00fcnmemiz s\u00fcrece zarar veriyor, \u00d6calan\u2019a M. \u00d6zt\u00fcz\u00fcn \u00fczerinden AKP\u2019ye s\u0131cak mesajlar vermesi iletilsin. (M\u00fcyesser bakacak) Turgut Kazan\u2019\u0131n Demirta\u015f ile g\u00f6r\u00fc\u015fmesinin de\u015fifre olmas\u0131 ters tepti, her yere s\u0131zm\u0131\u015flar daha dikkatli olmal\u0131\u201d diye yazd\u0131\u011f\u0131 da iddianamede yer ald\u0131.<\/p>\n<p style=\"text-align: justify;\">Yine bir hard diskte ele ge\u00e7irilen bir baka belgede ise Soner Yal\u00e7\u0131n taraf\u0131ndan, \u201cRusya ve \u00d6zbekistan\u2019daki cemaat operasyonlar\u0131 hakk\u0131nda (Ka\u015fif) Kozino\u011flu\u2019ndan gelen belgeleri mutlaka g\u00fcndeme ta\u015f\u0131yal\u0131m. Kozino\u011flu\u2019ndan gelen di\u011fer belgeleri de de\u011ferlendirelim\u201d \u0130fadeleri yer al\u0131yor. Belgenin devam\u0131nda Nedim \u015eener i\u00e7in de \u201cNedim\u2019in emniyet ba\u011flant\u0131lar\u0131 \u00f6nemli, irtibatlar\u0131n\u0131 devam ettirsin. Toygun\u2019un gazete ile problemleri var, Nedim \u00e7\u00f6zebilir mi? Haber yay\u0131nlatam\u0131yorsa biz neden de\u011ferlendirmiyoruz, Hanefi ve ekibini \u00e7ok iyi tan\u0131yor. Nedim ile Hanefi\u2019nin Dink konusundaki g\u00f6r\u00fc\u015f ayr\u0131l\u0131klar\u0131 g\u00fcndem yap\u0131lmamal\u0131, \u00fczerinde durulursa savunmam\u0131z ve etkisini art\u0131rmam\u0131z zor olabilir\u201d yazd\u0131\u011f\u0131 belirtiliyor.<\/p>\n<p style=\"text-align: justify;\"><span style=\"text-decoration: underline;\"><strong>Su\u00e7lamalar :<\/strong><\/span><\/p>\n<p style=\"text-align: justify;\"><strong>1-<\/strong> Halk\u0131 Kin Ve D\u00fc\u015fmanl\u0131\u011fa Tahrik Etmek Ama\u00e7l\u0131 Y\u00fcr\u00fct\u00fclen Faaliyetler<\/p>\n<p style=\"text-align: justify;\"><strong>2-<\/strong> TSK\u2019y\u0131 Darbe Yapmaya Te\u015fvik Etme Ama\u00e7l\u0131 Y\u00fcr\u00fct\u00fclen Faaliyetler<\/p>\n<p style=\"text-align: justify;\"><strong>3-<\/strong> PKK Ter\u00f6r \u00d6rg\u00fct\u00fcne Destek Ama\u00e7l\u0131 Y\u00fcr\u00fct\u00fclen Faaliyetler<\/p>\n<p style=\"text-align: justify;\"><strong>4-<\/strong> Siyaset D\u00fcnyas\u0131na Y\u00f6n Vermek Ama\u00e7l\u0131 Y\u00fcr\u00fct\u00fclen Faaliyetler, Ak Partiye ve CHP\u2019ye Y\u00f6nelik Y\u00fcr\u00fct\u00fclen Faaliyetler<\/p>\n<p style=\"text-align: justify;\"><strong>5-<\/strong> Medya Yap\u0131lanmas\u0131 Faaliyetleri Kapsam\u0131nda Halk TV \u0130le \u0130lgili Faaliyetler<\/p>\n<p style=\"text-align: justify;\"><strong>6-<\/strong> Ergenekon Soru\u015fturmas\u0131 ve Dava S\u00fcrecini Etkilemeye Y\u00f6nelik Faaliyetler<\/p>\n<p style=\"text-align: justify;\"><strong>7-<\/strong> Devlet G\u00fcvenli\u011fine \u0130li\u015fkin Bilgi ve Belgelerin Temin Edilmesi<\/p>\n<p style=\"text-align: justify;\"><strong>8-<\/strong> Ki\u015fisel Verilerin Hukuka Ayk\u0131r\u0131 Olarak Kaydedilmesi ve \u00d6zel Hayat\u0131n Gizlili\u011fini \u0130hlal<\/p>\n<p style=\"text-align: justify;\"><strong>K\u0131l\u0131\u00e7daro\u011flu da dinlemeye tak\u0131lm\u0131\u015f<\/strong><\/p>\n<p style=\"text-align: justify;\">CHP Genel Ba\u015fkan\u0131 Kemal K\u0131l\u0131\u00e7daro\u011flu\u2019nun da telefon dinlemesine tak\u0131ld\u0131\u011f\u0131 ortaya \u00e7\u0131kt\u0131. K\u0131l\u0131\u00e7daro\u011flu\u2019nun 2 \u015eubat 2011 g\u00fcn\u00fc saat 11.14\u2019de Soner Yal\u00e7\u0131n ile yapt\u0131\u011f\u0131 telefon konu\u015fmas\u0131n\u0131n \u00f6zeti iddianamede yer ald\u0131. Bu konu\u015fman\u0131n d\u00f6k\u00fcm\u00fcnde, K\u0131l\u0131\u00e7daro\u011flu bir Kahramanmara\u015f milletvekilinin \u0130stanbul\u2019a gidece\u011fini s\u00f6yleyerek Soner Yal\u00e7\u0131n\u2019a \u201cSizin telefonunuzu ona verebilir miyim\u201d derken, Yal\u00e7\u0131n da bu talebe onay veriyor.<\/p>\n<p style=\"text-align: justify;\"><a href=\"http:\/\/www.radikal.com.tr\/Radikal.aspx?aType=RadikalHaberDetayV3&amp;ArticleID=1062886&amp;Date=10.09.2011&amp;CategoryID=77\" target=\"_blank\">Kaynak : Radikal.com.tr<\/a><\/p>\n","protected":false},"excerpt":{"rendered":"<p style=\"text-align: center;\">\n<p style=\"text-align: justify;\">Aralar\u0131nda gazeteciler Nedim \u015eener ve Ahmet \u015e\u0131k&#8217;\u0131n da bulundu\u011fu 12&#8217;si tutuklu 14 san\u0131k hakk\u0131ndaki &#8216;Odatv iddianamesi&#8217; kabul edildi. Yal\u00e7\u0131n K\u00fc\u00e7\u00fck&#8217;\u00fcn \u00f6rg\u00fct y\u00f6neticisi oldu\u011fu \u00f6ne s\u00fcr\u00fclen iddianamede \u015eener ve \u015e\u0131k i\u00e7in 15 y\u0131l hapis istendi.<\/p>\n","protected":false},"author":1,"featured_media":0,"comment_status":"open","ping_status":"open","sticky":false,"template":"","format":"standard","meta":{"footnotes":""},"categories":[105],"tags":[],"class_list":["post-39721","post","type-post","status-publish","format-standard","hentry","category-gundem","odd"],"_links":{"self":[{"href":"http:\/\/www.korhanyilmaz.com\/index.php?rest_route=\/wp\/v2\/posts\/39721","targetHints":{"allow":["GET"]}}],"collection":[{"href":"http:\/\/www.korhanyilmaz.com\/index.php?rest_route=\/wp\/v2\/posts"}],"about":[{"href":"http:\/\/www.korhanyilmaz.com\/index.php?rest_route=\/wp\/v2\/types\/post"}],"author":[{"embeddable":true,"href":"http:\/\/www.korhanyilmaz.com\/index.php?rest_route=\/wp\/v2\/users\/1"}],"replies":[{"embeddable":true,"href":"http:\/\/www.korhanyilmaz.com\/index.php?rest_route=%2Fwp%2Fv2%2Fcomments&post=39721"}],"version-history":[{"count":0,"href":"http:\/\/www.korhanyilmaz.com\/index.php?rest_route=\/wp\/v2\/posts\/39721\/revisions"}],"wp:attachment":[{"href":"http:\/\/www.korhanyilmaz.com\/index.php?rest_route=%2Fwp%2Fv2%2Fmedia&parent=39721"}],"wp:term":[{"taxonomy":"category","embeddable":true,"href":"http:\/\/www.korhanyilmaz.com\/index.php?rest_route=%2Fwp%2Fv2%2Fcategories&post=39721"},{"taxonomy":"post_tag","embeddable":true,"href":"http:\/\/www.korhanyilmaz.com\/index.php?rest_route=%2Fwp%2Fv2%2Ftags&post=39721"}],"curies":[{"name":"wp","href":"https:\/\/api.w.org\/{rel}","templated":true}]}}