{"id":39718,"date":"2011-09-09T22:41:24","date_gmt":"2011-09-09T19:41:24","guid":{"rendered":"http:\/\/www.korhanyilmaz.com\/?p=39718"},"modified":"2011-09-10T11:22:59","modified_gmt":"2011-09-10T08:22:59","slug":"buyuk-oynuyor","status":"publish","type":"post","link":"http:\/\/www.korhanyilmaz.com\/?p=39718","title":{"rendered":"B\u00fcy\u00fck oynuyor!"},"content":{"rendered":"<p style=\"text-align: center;\"><a href=\"http:\/\/www.korhanyilmaz.com\/wp-content\/uploads\/2011\/09\/5046.jpg\"  class=\"lightview\"><img loading=\"lazy\" decoding=\"async\" class=\"aligncenter size-full wp-image-39719\" src=\"http:\/\/www.korhanyilmaz.com\/wp-content\/uploads\/2011\/09\/5046.jpg\" alt=\"\" width=\"306\" height=\"235\" \/><\/a><\/p>\n<p style=\"text-align: justify;\">ABD&#8217;nin \u00f6nemli gazetelerinden Wall Street Journal (WSJ), &#8220;T\u00fcrkiye&#8217;nin Ortado\u011fu&#8217;da ve Kuzey Afrika&#8217;da en \u00f6nemli g\u00fc\u00e7 olma y\u00f6n\u00fcndeki amac\u0131n\u0131 yerine getirme y\u00f6n\u00fcnde d\u0131\u015f politikada daha sert bir \u00e7izgi izlemeye ba\u015flad\u0131\u011f\u0131n\u0131&#8221; iddia etti.<\/p>\n<p style=\"text-align: justify;\">Gazete bu iddiaya kar\u015f\u0131l\u0131k Ba\u015fbakanl\u0131k Ba\u015fdan\u0131\u015fman\u0131 \u0130brahim Kal\u0131n&#8217;\u0131n ise T\u00fcrkiye&#8217;nin &#8220;ak\u0131ll\u0131 g\u00fc\u00e7&#8221; kulland\u0131\u011f\u0131n\u0131 s\u00f6yledi\u011fini aktard\u0131.\u00a0<!--more--><\/p>\n<p style=\"text-align: justify;\">Gazetenin \u0130stanbul mahre\u00e7li haberinde, T\u00fcrkiye&#8217;nin d\u0131\u015f politikada &#8220;kom\u015fularla s\u0131f\u0131r problem politikas\u0131&#8221; yerine daha sert bir politika izlemeye ba\u015flad\u0131\u011f\u0131na y\u00f6nelik baz\u0131 i\u015faretler bulundu\u011fu yorumu yap\u0131ld\u0131.<\/p>\n<p style=\"text-align: justify;\">Gazete, siyasi analistlere ve diplomatlara g\u00f6re, T\u00fcrkiye&#8217;nin d\u0131\u015f politikas\u0131ndaki bu y\u00f6nde bir kayman\u0131n \u0130srail ile ihtilaf\u0131 tetikleyebilece\u011fini ve ABD&#8217;nin b\u00f6lgedeki en yak\u0131n iki m\u00fcttefikinden birini se\u00e7me zorunda b\u0131rakabilece\u011fini yazarken Ba\u015fbakan Recep Tayyip Erdo\u011fan&#8217;\u0131n ba\u015fdan\u0131\u015fman\u0131 \u0130brahim Kal\u0131n&#8217;\u0131n konuya ili\u015fkin g\u00f6r\u00fc\u015flerine de yer verdi. Gazetenin kendisiyle telefonda yap\u0131lan m\u00fclakatta, T\u00fcrkiye&#8217;nin &#8220;yumu\u015fak g\u00fc\u00e7ten sert g\u00fcce ge\u00e7medi\u011fini, ancak gerekli olursa g\u00fc\u00e7 kullanmaya da y\u00f6nelebilen ak\u0131ll\u0131 g\u00fc\u00e7 kulland\u0131\u011f\u0131n\u0131&#8221; s\u00f6yleyen Kal\u0131n&#8217;\u0131n, &#8220;T\u00fcrkiye&#8217;nin yumu\u015fak g\u00fcc\u00fc hala orada&#8221; dedi\u011fi kaydedildi.<\/p>\n<p style=\"text-align: justify;\">Erdo\u011fan&#8217;\u0131n haftaya M\u0131s\u0131r, Tunus ve Libya&#8217;ya gidece\u011fi an\u0131msat\u0131lan gazete haberinde, Arap Bahar\u0131&#8217;n\u0131n, T\u00fcrkiye&#8217;yi, kom\u015fularla s\u0131f\u0131r problem anlay\u0131\u015f\u0131na dayal\u0131 d\u0131\u015f politikas\u0131n\u0131 yeniden g\u00f6zden ge\u00e7irmeye zorlad\u0131\u011f\u0131 yorumu da yap\u0131ld\u0131.<\/p>\n<p style=\"text-align: justify;\">Buna kar\u015f\u0131l\u0131k T\u00fcrk yetkililerin Arap Bahar\u0131&#8217;n\u0131n T\u00fcrkiye&#8217;nin M\u00fcsl\u00fcman demokrasi modeli olarak \u00fclkenin g\u00fcc\u00fcn\u00fc bir kez daha g\u00f6sterdi\u011fini, bu kapsamda s\u0131f\u0131r sorun politikas\u0131n\u0131n Arap Bahar\u0131 ile uyumlu oldu\u011funu, \u00e7\u00fcnk\u00fc politikan\u0131n de\u011ferlerinin Arap protestocularla ayn\u0131 oldu\u011funu s\u00f6yledikleri belirtildi. T\u00fcrk yetkililerin bu kapsamda \u00fclkenin elindeki avantajlar\u0131n Erdo\u011fan&#8217;\u0131n haftaya yapaca\u011f\u0131 b\u00f6lge ziyaretinde g\u00f6sterilece\u011fini s\u00f6ylediklerini de yazan gazete, \u0130brahim Kal\u0131n&#8217;\u0131n &#8220;Biz hi\u00e7bir zaman emperyal niyetlerimizin olmad\u0131\u011f\u0131n\u0131 \u00e7ok a\u00e7\u0131k s\u00f6yledik, ancak bu noktada Araplar&#8217;dan talep var&#8221; dedi\u011fini de aktard\u0131. Haberde Ba\u015fbakan Erdo\u011fan&#8217;\u0131n \u00f6n\u00fcm\u00fczdeki Pazartesi g\u00fcn\u00fc Kahire \u00dcniversitesinde T\u00fcrkiye&#8217;nin b\u00f6lgenin gelece\u011fine y\u00f6nelik vizyonunu ortaya koyaca\u011f\u0131n\u0131 da bildiren Kal\u0131n&#8217;\u0131n bu vizyonun &#8220;i\u015fgale, otoriteryalizme ve diktat\u00f6rl\u00fc\u011fe dayanmad\u0131\u011f\u0131n\u0131&#8221; s\u00f6yledi\u011fi de kaydedildi.<\/p>\n<p style=\"text-align: justify;\">Ba\u015fbakan Erdo\u011fan&#8217;\u0131n Ortado\u011fu&#8217;nun en pop\u00fcler lideri oldu\u011funu yap\u0131lan kamuoyu yoklamalar\u0131n\u0131n g\u00f6sterdi\u011fini yazan gazete, Amerika&#8217;n\u0131n Leigh \u00dcniversitesinde uluslararas\u0131 ili\u015fkiler profes\u00f6r\u00fc olan Henri Barkey&#8217;in de, &#8220;T\u00fcrkiye&#8217;nin b\u00f6lgesel liderlik i\u00e7in u\u011fra\u015ft\u0131\u011f\u0131n\u0131, ABD&#8217;yi b\u00f6lgedeki en yak\u0131n iki m\u00fcttefikinden birini se\u00e7meye zorlad\u0131\u011f\u0131n\u0131, bu anlamda T\u00fcrkiye&#8217;nin b\u00fcy\u00fck oynad\u0131\u011f\u0131n\u0131, ama kendinden de son derece emin oldu\u011funu&#8221; s\u00f6yledi\u011fini de aktard\u0131.<\/p>\n<p style=\"text-align: justify;\"><a href=\"http:\/\/www.cnnturk.com\/2011\/turkiye\/09\/09\/buyuk.oynuyor\/628794.0\/index.html\" target=\"_blank\">Kaynak : CNN T\u00dcRK<\/a><\/p>\n","protected":false},"excerpt":{"rendered":"<p style=\"text-align: center;\">\n<p style=\"text-align: justify;\">ABD&#8217;nin \u00f6nemli gazetelerinden Wall Street Journal (WSJ), &#8220;T\u00fcrkiye&#8217;nin Ortado\u011fu&#8217;da ve Kuzey Afrika&#8217;da en \u00f6nemli g\u00fc\u00e7 olma y\u00f6n\u00fcndeki amac\u0131n\u0131 yerine getirme y\u00f6n\u00fcnde d\u0131\u015f politikada daha sert bir \u00e7izgi izlemeye ba\u015flad\u0131\u011f\u0131n\u0131&#8221; iddia etti.<\/p>\n<p style=\"text-align: justify;\">Gazete bu iddiaya kar\u015f\u0131l\u0131k Ba\u015fbakanl\u0131k Ba\u015fdan\u0131\u015fman\u0131 \u0130brahim Kal\u0131n&#8217;\u0131n ise T\u00fcrkiye&#8217;nin &#8220;ak\u0131ll\u0131 g\u00fc\u00e7&#8221; kulland\u0131\u011f\u0131n\u0131 s\u00f6yledi\u011fini aktard\u0131. <\/p>\n","protected":false},"author":1,"featured_media":0,"comment_status":"open","ping_status":"open","sticky":false,"template":"","format":"standard","meta":{"footnotes":""},"categories":[105],"tags":[],"class_list":["post-39718","post","type-post","status-publish","format-standard","hentry","category-gundem","odd"],"_links":{"self":[{"href":"http:\/\/www.korhanyilmaz.com\/index.php?rest_route=\/wp\/v2\/posts\/39718","targetHints":{"allow":["GET"]}}],"collection":[{"href":"http:\/\/www.korhanyilmaz.com\/index.php?rest_route=\/wp\/v2\/posts"}],"about":[{"href":"http:\/\/www.korhanyilmaz.com\/index.php?rest_route=\/wp\/v2\/types\/post"}],"author":[{"embeddable":true,"href":"http:\/\/www.korhanyilmaz.com\/index.php?rest_route=\/wp\/v2\/users\/1"}],"replies":[{"embeddable":true,"href":"http:\/\/www.korhanyilmaz.com\/index.php?rest_route=%2Fwp%2Fv2%2Fcomments&post=39718"}],"version-history":[{"count":0,"href":"http:\/\/www.korhanyilmaz.com\/index.php?rest_route=\/wp\/v2\/posts\/39718\/revisions"}],"wp:attachment":[{"href":"http:\/\/www.korhanyilmaz.com\/index.php?rest_route=%2Fwp%2Fv2%2Fmedia&parent=39718"}],"wp:term":[{"taxonomy":"category","embeddable":true,"href":"http:\/\/www.korhanyilmaz.com\/index.php?rest_route=%2Fwp%2Fv2%2Fcategories&post=39718"},{"taxonomy":"post_tag","embeddable":true,"href":"http:\/\/www.korhanyilmaz.com\/index.php?rest_route=%2Fwp%2Fv2%2Ftags&post=39718"}],"curies":[{"name":"wp","href":"https:\/\/api.w.org\/{rel}","templated":true}]}}