{"id":39714,"date":"2011-09-09T10:52:46","date_gmt":"2011-09-09T07:52:46","guid":{"rendered":"http:\/\/www.korhanyilmaz.com\/?p=39714"},"modified":"2011-09-09T11:15:21","modified_gmt":"2011-09-09T08:15:21","slug":"tckda-degisiklige-hazirlaniyoruz","status":"publish","type":"post","link":"http:\/\/www.korhanyilmaz.com\/?p=39714","title":{"rendered":"&#8220;TCK&#8217;da de\u011fi\u015fikli\u011fe haz\u0131rlan\u0131yoruz&#8221;"},"content":{"rendered":"<p style=\"text-align: center;\"><a href=\"http:\/\/www.korhanyilmaz.com\/wp-content\/uploads\/2011\/09\/5044.jpg\"  class=\"lightview\"><img loading=\"lazy\" decoding=\"async\" class=\"aligncenter size-full wp-image-39715\" src=\"http:\/\/www.korhanyilmaz.com\/wp-content\/uploads\/2011\/09\/5044-e1315556049523.jpg\" alt=\"\" width=\"313\" height=\"240\" \/><\/a><\/p>\n<p style=\"text-align: justify;\">B\u00fclent Ar\u0131n\u00e7, gazetecilerin hapiste olmas\u0131n\u0131n &#8220;sevimsiz&#8221; bir konu oldu\u011funu belirterek, TCK&#8217;da de\u011fi\u015fiklik yapma haz\u0131rl\u0131klar\u0131 bulundu\u011funu s\u00f6yledi. Gazetecileriin &#8220;ter\u00f6r su\u00e7lamas\u0131yla&#8221; tutuklu bulundu\u011funu hat\u0131rlatan B\u00fclent Ar\u0131n\u00e7, &#8220;TMK&#8217;n\u0131n de\u011fi\u015fmesi isteniyorsa bu y\u00fcksek sesle s\u00f6ylensin&#8221; dedi.\u00a0<!--more--><\/p>\n<p style=\"text-align: justify;\">Ba\u015fbakanl\u0131k Bas\u0131n Yay\u0131n ve Enformasyon Genel M\u00fcd\u00fcrl\u00fc\u011f\u00fc&#8217;n\u00fcn (BYEGM) 91. kurulu\u015f y\u0131ld\u00f6n\u00fcm\u00fc kutlamas\u0131 ve &#8216;Anadolu Bas\u0131n\u0131 \u00d6zendirme Yar\u0131\u015fmas\u0131 2010&#8217; \u00f6d\u00fcl t\u00f6reni Ba\u015fbakan Yard\u0131mc\u0131s\u0131 B\u00fclent Ar\u0131n\u00e7&#8217;\u0131n kat\u0131l\u0131m\u0131yla Dolmabah\u00e7e Ba\u015fbakanl\u0131k \u00c7al\u0131\u015fma Ofisi&#8217;nde ger\u00e7ekle\u015fti. Ba\u015fbakan Yard\u0131mc\u0131s\u0131 B\u00fclent Ar\u0131n\u00e7 burada yapt\u0131\u011f\u0131 konu\u015fmada, yerel bas\u0131n\u0131n \u00f6nemine de\u011findi. Yerel medyan\u0131n daha \u00e7ok g\u00f6r\u00fcn\u00fcm\u00fcn\u00fc art\u0131rmak i\u00e7in TRT Anadolu kanal\u0131yla yay\u0131nlar yap\u0131ld\u0131\u011f\u0131n\u0131 belirten Ar\u0131n\u00e7, orada yerel medyan\u0131n gazeteleri konu\u015fuldu\u011funu ifade etti.<\/p>\n<p style=\"text-align: justify;\"><strong>&#8220;\u00d6zg\u00fcr bas\u0131n var m\u0131, yok mu?&#8221;\u00a0<\/strong><\/p>\n<p style=\"text-align: justify;\">Ba\u015fbakan Yard\u0131mc\u0131s\u0131 Ar\u0131n\u00e7 cezaevlerinde bulunan gazeteciler hakk\u0131nda, &#8220;\u00d6zg\u00fcr bas\u0131n var m\u0131 yok mu? \u00d6zg\u00fcr bas\u0131n\u0131n \u015fartlar\u0131 nedir? Gazeteciler ni\u00e7in hapiste? Gazeteciler ni\u00e7in sorgulan\u0131yor? Bu konular\u0131n g\u00fcndemin tart\u0131\u015fmal\u0131 sevimsiz konular&#8221; dedi. Bir gazetecinin mesle\u011fini yaparken hi\u00e7bir zaman tutuklanmamas\u0131, sorgulanmamas\u0131 gerekti\u011fini belirten Ar\u0131n\u00e7 s\u00f6zlerine \u015f\u00f6yle devam etti:<\/p>\n<p style=\"text-align: justify;\">&#8220;Benim bu s\u00f6zlerime kar\u015f\u0131l\u0131k &#8216;Peki i\u00e7eridekiler?&#8217; diye bir soru sorulabilir. \u0130\u00e7eridekiler tart\u0131\u015fmal\u0131 bir durum. \u0130\u00e7eri\u011fine girmeyece\u011fim. TCK&#8217;da ilgili maddelerde mutlaka bir iyile\u015ftirme yapmam\u0131z gerekiyor. Belli ba\u015fl\u0131 3-5 maddelik bir i\u015ftir bu. Bunu yapmak da zor de\u011fildir. Haz\u0131rl\u0131\u011f\u0131m\u0131z vard\u0131r tart\u0131\u015fmaya a\u00e7t\u0131k. Daha \u00e7ok be\u011fenmeyenler konu\u015ftu. Yetersiz bulanlar konu\u015ftu. Neresi, ne kadar yetersiz? dedi\u011fimizde herkes kendi konumuna uygun bir \u015feyler s\u00f6yledi. Biz ki\u015fiye bir kanun \u00e7\u0131karmak durumunda de\u011filiz. Ortalama su\u00e7un unsurlar\u0131n\u0131 daha netle\u015ftiren, cezalar\u0131 daha azaltan ve buna ba\u011fl\u0131 unsurlar\u0131n\u0131 mu\u011flakl\u0131ktan \u00e7\u0131karacak bir d\u00fczenleme yapm\u0131\u015ft\u0131k. Umar\u0131m \u015fimdi be\u011fenilen \u015fekliyle ekimden sonra tekrar g\u00fcndeme getirece\u011fiz.&#8221;<\/p>\n<p style=\"text-align: justify;\"><strong>\u00a0&#8220;TMK&#8217;da de\u011fi\u015fiklik isteniyor y\u00fcksek sesle s\u00f6ylensin&#8221;\u00a0<\/strong><\/p>\n<p style=\"text-align: justify;\">Ba\u015fbakan Yard\u0131mc\u0131s\u0131 Ar\u0131n\u00e7, &#8220;Bug\u00fcn cezaevinde bulunan ve mesle\u011finin kar\u015f\u0131l\u0131\u011f\u0131nda &#8216;gazeteci&#8217; yazan 60&#8217;tan fazla insan\u0131n, y\u00fczde 95&#8217;inin su\u00e7 kapsam\u0131n\u0131n kar\u015f\u0131l\u0131\u011f\u0131nda Ter\u00f6rle M\u00fccadele yaz\u0131yor&#8221; dedi. Her g\u00fcn g\u00fcndeme gelen bu gazetecilerin de bunlar i\u00e7erisinde yer ald\u0131\u011f\u0131n\u0131 kaydeden Ar\u0131n\u00e7, \u015funlar\u0131 s\u00f6yledi:<\/p>\n<p style=\"text-align: justify;\">&#8220;E\u011fer, &#8216;TCK&#8217;da yap\u0131lan de\u011fi\u015fiklik yeterli de\u011fil, biz asl\u0131nda Ter\u00f6rle M\u00fccadele Kanunu&#8217;nda de\u011fi\u015fiklik istiyoruz&#8217; deniyorsa bug\u00fcne kadar y\u00fcksek sesle s\u00f6ylenmedi. Sadece kula\u011f\u0131m\u0131za \u00fcflendi. L\u00fctfen bunu savunanlar y\u00fcksek sesle <strong>Ter\u00f6rle M\u00fccadele Kanunu<\/strong>&#8216;nda ne de\u011fi\u015fmesi gerekti\u011fini, hangi maddenin hangi sebeple \u00f6zg\u00fcrl\u00fckleri k\u0131s\u0131tlad\u0131\u011f\u0131n\u0131 s\u00f6ylesin. Bunun \u00fczerinde bir tart\u0131\u015fma ba\u015flatal\u0131m. Ama gazetelerde bir t\u00fcrl\u00fc yaz\u0131l\u0131p ba\u015fka yerlerde ba\u015fka t\u00fcrl\u00fc konu\u015fulmaya devam edilirse, ter\u00f6rle m\u00fccadelede kritik bir noktaya gelmi\u015f T\u00fcrkiye&#8217;de bu samimiyetsizlik demektir. \u0130fade \u00f6zg\u00fcrl\u00fc\u011f\u00fcn\u00fc k\u0131s\u0131tlayan h\u00fck\u00fcmler Ter\u00f6rle M\u00fccadele Kanunu&#8217;nda vard\u0131r. Bunlar\u0131 kald\u0131ral\u0131m diyebiliriz, bunlar\u0131 de\u011fi\u015ftirelim diyebiliriz. Ama bunu ben gazetelerin k\u00f6\u015fe yaz\u0131lar\u0131nda, meslek \u00f6rg\u00fctlerinin ba\u015fkanlar\u0131n\u0131n yada y\u00f6neticilerinin haz\u0131rlad\u0131klar\u0131 raporlarda ve konu\u015fmalarda g\u00f6rmek istiyorum. Bizi ne olur bu konularda uyar\u0131n ve samimi d\u00fc\u015f\u00fcncelerinizi ortaya koyun. Ter\u00f6rle M\u00fccadele Kanunu konunu de\u011fi\u015fmeli midir?, De\u011fi\u015fmemeli midir? De\u011fi\u015fecekse ni\u00e7in? De\u011fi\u015fmeyecekse ni\u00e7in? Bunu ben kendi vicdan\u0131mda bir muhasebesini yap\u0131yorum. Gazeteciler hapiste diyerek topu taca atman\u0131n veya hedef sapt\u0131rman\u0131n bu meslekta\u015flar\u0131m\u0131za da iyilik oldu\u011funu d\u00fc\u015f\u00fcnm\u00fcyorum.&#8221;<\/p>\n<p style=\"text-align: justify;\"><a href=\"http:\/\/www.cnnturk.com\/2011\/turkiye\/09\/09\/tckda.degisiklige.hazirlaniyoruz\/628710.0\/index.html\" target=\"_blank\">Kaynak : CNN T\u00dcRK<\/a><\/p>\n","protected":false},"excerpt":{"rendered":"<p style=\"text-align: center;\">\n<p style=\"text-align: justify;\">B\u00fclent Ar\u0131n\u00e7, gazetecilerin hapiste olmas\u0131n\u0131n &#8220;sevimsiz&#8221; bir konu oldu\u011funu belirterek, TCK&#8217;da de\u011fi\u015fiklik yapma haz\u0131rl\u0131klar\u0131 bulundu\u011funu s\u00f6yledi. Gazetecileriin &#8220;ter\u00f6r su\u00e7lamas\u0131yla&#8221; tutuklu bulundu\u011funu hat\u0131rlatan B\u00fclent Ar\u0131n\u00e7, &#8220;TMK&#8217;n\u0131n de\u011fi\u015fmesi isteniyorsa bu y\u00fcksek sesle s\u00f6ylensin&#8221; dedi. <\/p>\n","protected":false},"author":1,"featured_media":0,"comment_status":"open","ping_status":"open","sticky":false,"template":"","format":"standard","meta":{"footnotes":""},"categories":[105],"tags":[],"class_list":["post-39714","post","type-post","status-publish","format-standard","hentry","category-gundem","odd"],"_links":{"self":[{"href":"http:\/\/www.korhanyilmaz.com\/index.php?rest_route=\/wp\/v2\/posts\/39714","targetHints":{"allow":["GET"]}}],"collection":[{"href":"http:\/\/www.korhanyilmaz.com\/index.php?rest_route=\/wp\/v2\/posts"}],"about":[{"href":"http:\/\/www.korhanyilmaz.com\/index.php?rest_route=\/wp\/v2\/types\/post"}],"author":[{"embeddable":true,"href":"http:\/\/www.korhanyilmaz.com\/index.php?rest_route=\/wp\/v2\/users\/1"}],"replies":[{"embeddable":true,"href":"http:\/\/www.korhanyilmaz.com\/index.php?rest_route=%2Fwp%2Fv2%2Fcomments&post=39714"}],"version-history":[{"count":0,"href":"http:\/\/www.korhanyilmaz.com\/index.php?rest_route=\/wp\/v2\/posts\/39714\/revisions"}],"wp:attachment":[{"href":"http:\/\/www.korhanyilmaz.com\/index.php?rest_route=%2Fwp%2Fv2%2Fmedia&parent=39714"}],"wp:term":[{"taxonomy":"category","embeddable":true,"href":"http:\/\/www.korhanyilmaz.com\/index.php?rest_route=%2Fwp%2Fv2%2Fcategories&post=39714"},{"taxonomy":"post_tag","embeddable":true,"href":"http:\/\/www.korhanyilmaz.com\/index.php?rest_route=%2Fwp%2Fv2%2Ftags&post=39714"}],"curies":[{"name":"wp","href":"https:\/\/api.w.org\/{rel}","templated":true}]}}