{"id":39710,"date":"2011-09-08T20:43:51","date_gmt":"2011-09-08T17:43:51","guid":{"rendered":"http:\/\/www.korhanyilmaz.com\/?p=39710"},"modified":"2011-09-09T11:10:05","modified_gmt":"2011-09-09T08:10:05","slug":"metinerden-o-sozlere-yine-aciklama","status":"publish","type":"post","link":"http:\/\/www.korhanyilmaz.com\/?p=39710","title":{"rendered":"Metiner&#8217;den o s\u00f6zlere yine a\u00e7\u0131klama"},"content":{"rendered":"<p style=\"text-align: justify;\"><a href=\"http:\/\/www.korhanyilmaz.com\/wp-content\/uploads\/2011\/09\/50341.jpg\"  class=\"lightview\"><img loading=\"lazy\" decoding=\"async\" class=\"aligncenter size-full wp-image-39712\" title=\"\" src=\"http:\/\/www.korhanyilmaz.com\/wp-content\/uploads\/2011\/09\/50341.jpg\" alt=\"\" width=\"313\" height=\"240\" \/><\/a><\/p>\n<p style=\"text-align: justify;\">AK Parti Ad\u0131yaman Milletvekili Mehmet Metiner, 2001 y\u0131l\u0131nda yapt\u0131\u011f\u0131 bir konu\u015fma nedeniyle ortaya \u00e7\u0131kan tart\u0131\u015fmalarla ilgili olarak, &#8220;\u00d6z\u00fcr dilemek erdemliliktir. O g\u00fcnk\u00fc analizlerim o g\u00fcne dairdi&#8221; dedi.<\/p>\n<p style=\"text-align: justify;\">Metiner, yapt\u0131\u011f\u0131 yaz\u0131l\u0131 a\u00e7\u0131klamada, ge\u00e7mi\u015fte yapt\u0131\u011f\u0131 bir konu\u015fman\u0131n, &#8220;Bug\u00fcn&#8221; diye servis edilmesini hi\u00e7 ahlaki bulmad\u0131\u011f\u0131n\u0131 ifade etti.\u00a0<!--more--><\/p>\n<p style=\"text-align: justify;\">\u00d6z\u00fcr dilemenin bir erdemlilik oldu\u011funu belirten Metiner, \u015f\u00f6yle dedi: &#8220;Benim Ba\u015fbakandan binlerce kez \u00f6z\u00fcr diledi\u011fimi sanki bir ay\u0131p i\u015flemi\u015fim gibi sunanlara ac\u0131yorum. \u00d6z\u00fcr dilemek, bir erdemliliktir. O birileri kalk\u0131p &#8216;yalakal\u0131k&#8217; bi\u00e7iminde bir su\u00e7lamaya d\u00f6n\u00fc\u015ft\u00fcr\u00fcyorlar, bu insani davran\u0131\u015f\u0131. Ayn\u0131 ki\u015fi ve \u00e7evreler yaz\u0131lar\u0131mda ve televizyon konu\u015fmalar\u0131mda AK Parti&#8217;yi ve Ba\u015fbakan Erdo\u011fan&#8217;\u0131 savundu\u011fumda da &#8216;yalaka&#8217; diyorlard\u0131. O mahallede de\u011fi\u015fen bir \u015fey yok yani. Vars\u0131n s\u00f6ylemeye devam etsinler. \u0130sterse bin y\u0131l \u00f6nce s\u00f6ylenmi\u015f olsun, bug\u00fcn fark etti\u011finizde yanl\u0131\u015f ve incitici buldu\u011funuz bir ifadeniz varsa, \u00f6z\u00fcr dilemekten ka\u00e7\u0131n\u0131yorsan\u0131z insanl\u0131\u011f\u0131n\u0131z\u0131 sorgulamal\u0131s\u0131n\u0131z as\u0131l.<\/p>\n<p style=\"text-align: justify;\">Evet, s\u0131rf bu nedenle Ba\u015fbakandan bir de\u011fil binlerce kez \u00f6z\u00fcr dilemekten ka\u00e7\u0131nmam. Vars\u0131n o birileri nas\u0131l yorumlarsa yorumlas\u0131n. O g\u00fcnk\u00fc analizlerim o g\u00fcne dairdi. O analizlerimin yanl\u0131\u015f \u00e7\u0131km\u0131\u015f olmas\u0131ndan da ayr\u0131ca duydu\u011fum memnuniyeti beni arayan herkesle i\u00e7tenlikle payla\u015fm\u0131\u015f\u0131md\u0131r. Medyada \u00e7\u0131kan kimi haber ve yorumlar, malum \u00e7evrelerin bilin\u00e7li ve maksatl\u0131 olarak bir bilgi kirlili\u011fi olu\u015fturarak, bulan\u0131k suda bal\u0131k avlamak istediklerini g\u00f6steriyor. \u0130\u015fte bu a\u00e7\u0131klamay\u0131 yapma zorunlulu\u011funu duymam\u0131n sebebi bu. Benim a\u011fz\u0131mdan yap\u0131lan ilk ve son yaz\u0131l\u0131 a\u00e7\u0131klamad\u0131r bu. Bu a\u00e7\u0131klamadan sonra kendi a\u00e7\u0131mdan konuyu bir daha hi\u00e7 konu\u015fmamak \u00fczere kapatt\u0131\u011f\u0131m\u0131 \u00f6zellikle belirtmek isterim. Kamuoyunun bilgisine sayg\u0131yla arz ederim.&#8221;<\/p>\n<p style=\"text-align: justify;\"><strong>10 y\u0131l \u00f6nceki konu\u015fmalar\u0131\u00a0<\/strong><\/p>\n<p style=\"text-align: justify;\">Metiner, ses kasetinin 10 y\u0131l \u00f6ncesine dayand\u0131\u011f\u0131na i\u015faret ederek, \u015fu bilgileri verdi: &#8220;Bu kaset, o birilerince \u0131srarla iddia edildi\u011fi gibi yasa d\u0131\u015f\u0131 dinleme yoluyla elde edilmi\u015f bir kaset de\u011fildir. Muhtemelen 10 y\u0131l \u00f6nce HADEP&#8217;te siyaset yaparken ayn\u0131 cenaha yak\u0131n yay\u0131n organlar\u0131ndan birine verdi\u011fim bir r\u00f6portaj\u0131n oras\u0131ndan, buras\u0131ndan k\u0131rp\u0131larak veya eklemeler yap\u0131larak servis edilmi\u015f halidir. Bu s\u00f6zleri sarf etti\u011fim d\u00f6nemde hen\u00fcz AK Parti kurulmu\u015f de\u011fildi. Dolay\u0131s\u0131yla kimi k\u00f6\u015fe yazarlar\u0131n\u0131n benim AK Parti h\u00fck\u00fcmetine kar\u015f\u0131 televizyonlarda buna benzer s\u00f6zleri en sert ifadelerle dile getirdi\u011fim iddias\u0131 hilaf-\u0131 hakikatten ibarettir. Benim HADEP&#8217;teki varl\u0131\u011f\u0131m topu topu 11 aydan ibarettir. Ben HADEP&#8217;ten istifa ettikten sonra AK Parti h\u00fck\u00fcmet olmu\u015ftu. 2002 y\u0131l\u0131ndan itibaren de AK Parti&#8217;yi ve Say\u0131n Ba\u015fbakan Recep Tayyip Erdo\u011fan&#8217;\u0131 nas\u0131l savundu\u011fumu herkes bilir.&#8221;<\/p>\n<p style=\"text-align: justify;\"><strong>&#8220;Tipik bir PKK komplosu&#8221;\u00a0<\/strong><\/p>\n<p style=\"text-align: justify;\">Bas\u0131nda s\u0131k\u00e7a yer alan &#8216;ses benim, ifade benim de\u011fil&#8217; s\u00f6zlerini de hat\u0131rlatan Metiner, \u015funlar\u0131 kaydetti: &#8220;(Ses benim, ifade bana ait de\u011fil) s\u00f6zleri, kasetin PKK&#8217;ya yak\u0131n internet sitesinde yay\u0131nland\u0131\u011f\u0131 bayram\u0131n ikinci g\u00fcn\u00fc beni telefonla aray\u0131p bilgi edinmek isteyen kimi gazetecilerin ba\u015fl\u0131\u011fa \u00e7ekti\u011fi s\u00f6zlerden ibarettir. Ben arayanlara \u00f6zetle \u015funu s\u00f6yledim; Ses bana ait. Muhtemelen bu s\u00f6zleri 10 y\u0131l \u00f6ncesinde benimle yap\u0131lan bir s\u00f6yle\u015fide s\u00f6ylemi\u015f olabilirim. Ama kaseti dinledi\u011fimde kimi b\u00f6l\u00fcmlerinin montajland\u0131\u011f\u0131 kanaati uyand\u0131 bende. Bu, tipik bir PKK komplosu.<\/p>\n<p style=\"text-align: justify;\">Komplo diyorum, \u00e7\u00fcnk\u00fc kasette yer alan s\u00f6zlerin ba\u015f\u0131na ili\u015ftirdikleri, &#8216;Mehmet Metiner, bakanl\u0131k beklentisi ger\u00e7ekle\u015fmedi\u011fi i\u00e7in bayramda se\u00e7menleri kar\u015f\u0131s\u0131nda yumdu g\u00f6z\u00fcn\u00fc, a\u00e7t\u0131 a\u011fz\u0131n\u0131 s\u00f6zleri&#8217; tamamen iftiraya dayal\u0131 bir komployla kar\u015f\u0131 kar\u015f\u0131ya oldu\u011fumu g\u00f6steriyor. Bu s\u00f6zler, bug\u00fcne ait de\u011fil, montajlanm\u0131\u015f haliyle 10 y\u0131l \u00f6ncesine aittir. Bu mealdeki s\u00f6zlerimi telefonda dinleyen gazetecinin \u00e7arp\u0131c\u0131 bir haber ba\u015fl\u0131\u011f\u0131 olu\u015fturmak i\u00e7in, bu s\u00f6zlerimi, &#8216;Ses benim, ifade bana ait de\u011fil&#8217; bi\u00e7imine d\u00f6n\u00fc\u015ft\u00fcrm\u00fc\u015f olmas\u0131n\u0131n s\u00f6ylediklerimin i\u00e7eri\u011fiyle alakal\u0131 olmad\u0131\u011f\u0131n\u0131 s\u00f6ylemek bile gereksizdir. Niyetimden ve a\u00e7\u0131klamalar\u0131mdan ba\u011f\u0131ms\u0131z yap\u0131lan bir haber ba\u015fl\u0131\u011f\u0131n\u0131, her seferinde benim \u00e7eli\u015fkim diye sunmak en hafif tabiriyle iyi niyetle ba\u011fda\u015fmamaktad\u0131r.&#8221;<\/p>\n<p style=\"text-align: justify;\">&#8220;Bu s\u00f6zlerin bana ait oldu\u011fu ispatlan\u0131rsa istifa ederim&#8221; a\u00e7\u0131klamas\u0131na da de\u011finen Metiner, &#8220;Bu s\u00f6z\u00fc s\u00f6yledi\u011fim birilerince \u0131srarca yaz\u0131l\u0131p \u00e7iziliyor. Benim a\u00e7\u0131k\u00e7a dedi\u011fim \u015fudur, &#8216;Bu s\u00f6zlerin, PKK&#8217;ya yak\u0131n internet sitesinde iddia edildi\u011fi \u00fczere, Ramazan Bayram\u0131&#8217;nda se\u00e7menlerime yapt\u0131\u011f\u0131m bir konu\u015fmada ge\u00e7ti\u011fi ispatlan\u0131rsa istifa ederim&#8217; demi\u015ftim. \u0130kisi aras\u0131ndaki fark\u0131 anlamayacak olanlar\u0131n s\u00f6z\u00fcm ona gazetecilik yapt\u0131\u011f\u0131 bir \u00fclkede ya\u015f\u0131yor olmak sizce de utan\u00e7 verici de\u011fil midir?&#8221; dedi.<\/p>\n<p style=\"text-align: justify;\"><a href=\"http:\/\/www.cnnturk.com\/2011\/turkiye\/09\/08\/metinerden.o.sozlere.yine.aciklama\/628676.0\/index.html\" target=\"_blank\">Kaynak : CNN T\u00dcRK<\/a><\/p>\n","protected":false},"excerpt":{"rendered":"<p style=\"text-align: justify;\">\n<p style=\"text-align: justify;\">AK Parti Ad\u0131yaman Milletvekili Mehmet Metiner, 2001 y\u0131l\u0131nda yapt\u0131\u011f\u0131 bir konu\u015fma nedeniyle ortaya \u00e7\u0131kan tart\u0131\u015fmalarla ilgili olarak, &#8220;\u00d6z\u00fcr dilemek erdemliliktir. O g\u00fcnk\u00fc analizlerim o g\u00fcne dairdi&#8221; dedi.<\/p>\n<p style=\"text-align: justify;\">Metiner, yapt\u0131\u011f\u0131 yaz\u0131l\u0131 a\u00e7\u0131klamada, ge\u00e7mi\u015fte yapt\u0131\u011f\u0131 bir konu\u015fman\u0131n, &#8220;Bug\u00fcn&#8221; diye servis edilmesini hi\u00e7 ahlaki bulmad\u0131\u011f\u0131n\u0131 ifade etti. <\/p>\n","protected":false},"author":1,"featured_media":0,"comment_status":"open","ping_status":"open","sticky":false,"template":"","format":"standard","meta":{"footnotes":""},"categories":[105],"tags":[],"class_list":["post-39710","post","type-post","status-publish","format-standard","hentry","category-gundem","odd"],"_links":{"self":[{"href":"http:\/\/www.korhanyilmaz.com\/index.php?rest_route=\/wp\/v2\/posts\/39710","targetHints":{"allow":["GET"]}}],"collection":[{"href":"http:\/\/www.korhanyilmaz.com\/index.php?rest_route=\/wp\/v2\/posts"}],"about":[{"href":"http:\/\/www.korhanyilmaz.com\/index.php?rest_route=\/wp\/v2\/types\/post"}],"author":[{"embeddable":true,"href":"http:\/\/www.korhanyilmaz.com\/index.php?rest_route=\/wp\/v2\/users\/1"}],"replies":[{"embeddable":true,"href":"http:\/\/www.korhanyilmaz.com\/index.php?rest_route=%2Fwp%2Fv2%2Fcomments&post=39710"}],"version-history":[{"count":0,"href":"http:\/\/www.korhanyilmaz.com\/index.php?rest_route=\/wp\/v2\/posts\/39710\/revisions"}],"wp:attachment":[{"href":"http:\/\/www.korhanyilmaz.com\/index.php?rest_route=%2Fwp%2Fv2%2Fmedia&parent=39710"}],"wp:term":[{"taxonomy":"category","embeddable":true,"href":"http:\/\/www.korhanyilmaz.com\/index.php?rest_route=%2Fwp%2Fv2%2Fcategories&post=39710"},{"taxonomy":"post_tag","embeddable":true,"href":"http:\/\/www.korhanyilmaz.com\/index.php?rest_route=%2Fwp%2Fv2%2Ftags&post=39710"}],"curies":[{"name":"wp","href":"https:\/\/api.w.org\/{rel}","templated":true}]}}