{"id":39695,"date":"2011-09-08T13:33:35","date_gmt":"2011-09-08T10:33:35","guid":{"rendered":"http:\/\/www.korhanyilmaz.com\/?p=39695"},"modified":"2011-09-08T16:37:16","modified_gmt":"2011-09-08T13:37:16","slug":"basbakanin-tespiti-ne-yazik-ki-dogru","status":"publish","type":"post","link":"http:\/\/www.korhanyilmaz.com\/?p=39695","title":{"rendered":"Ba\u015fbakan&#8217;\u0131n tespiti ne yaz\u0131k ki do\u011fru"},"content":{"rendered":"<p style=\"text-align: center;\"><a href=\"http:\/\/www.korhanyilmaz.com\/wp-content\/uploads\/2011\/09\/5040.jpg\"  class=\"lightview\"><img loading=\"lazy\" decoding=\"async\" class=\"aligncenter size-full wp-image-39696\" src=\"http:\/\/www.korhanyilmaz.com\/wp-content\/uploads\/2011\/09\/5040.jpg\" alt=\"\" width=\"311\" height=\"239\" \/><\/a><\/p>\n<p style=\"text-align: justify;\">Ba\u015fbakan Yard\u0131mc\u0131s\u0131 B\u00fclent Ar\u0131n\u00e7, &#8220;Say\u0131n Ba\u015fbakan&#8217;\u0131n tespiti ne yaz\u0131k ki do\u011frudur. Say\u0131n K\u0131l\u0131\u00e7daro\u011flu&#8217;nun konu\u015fmas\u0131, netice itibariyle \u0130srail&#8217;in avukatl\u0131\u011f\u0131n\u0131 yapacak d\u00fczeydedir. Dolay\u0131s\u0131yla bundan vazge\u00e7melerini \u00f6neririz. \u00c7\u00fcnk\u00fc ulusal d\u0131\u015f politikadaki hedef kendi \u00e7\u0131karlar\u0131d\u0131r&#8221; dedi.<\/p>\n<p style=\"text-align: justify;\">Ba\u015fbakan Yard\u0131mc\u0131s\u0131 B\u00fclent Ar\u0131n\u00e7, &#8220;CHP&#8217;nin bir milli mesele olan d\u0131\u015f politika konusunda h\u00fck\u00fcmeti ele\u015ftirirken \u00e7ok daha dikkatli olmas\u0131 laz\u0131m. \u00c7ok daha do\u011fru tespitler yapmas\u0131 laz\u0131m&#8221; dedi.\u00a0<!--more--><\/p>\n<p style=\"text-align: justify;\">Ba\u015fbakan Yard\u0131mc\u0131s\u0131 B\u00fclent Ar\u0131n\u00e7, &#8220;Siyasal \u0130leti\u015fim Dan\u0131\u015fmanl\u0131\u011f\u0131 Sertifika Program\u0131&#8221;n\u0131n ba\u015flamas\u0131 dolay\u0131s\u0131yla d\u00fczenlenen t\u00f6rene kat\u0131ld\u0131.<\/p>\n<p style=\"text-align: justify;\">T\u00f6ren sonras\u0131nda, bir gazetecinin, &#8220;Say\u0131n CHP Genel Ba\u015fkan\u0131 K\u0131l\u0131\u00e7daro\u011flu&#8217;nun bir a\u00e7\u0131klamas\u0131 oldu \u0130srail ile ilgili. H\u00fck\u00fcmet i\u00e7in &#8216;Ba\u015far\u0131s\u0131z&#8217; dedi. Neler s\u00f6yleyeceksiniz?&#8221; sorusuna Ar\u0131n\u00e7, \u015funlar\u0131 s\u00f6yledi:<\/p>\n<p style=\"text-align: justify;\">&#8220;Fevkalade yanl\u0131\u015f bir de\u011ferlendirme. Siyaseten AK Parti&#8217;yi ele\u015ftirmek istiyor, ama kulland\u0131\u011f\u0131 arg\u00fcmanlar fevkalade yanl\u0131\u015f. \u015eunu s\u00f6ylemek isterim, Mavi Marmara olay\u0131 ile ilgili oldu\u011fu s\u00f6ylenen BM raporu resmen yay\u0131nlanmadan \u00f6nce bas\u0131na s\u0131zd\u0131r\u0131ld\u0131. Bunda kimin sorumlulu\u011fu var, bu biliniyor. Ancak s\u0131zd\u0131r\u0131lan rapora kar\u015f\u0131, T\u00fcrkiye tavr\u0131n\u0131 a\u00e7\u0131kca ortaya koydu. \u00d6nce D\u0131\u015fi\u015fleri Bakan\u0131&#8217;m\u0131z \u00f6nce 5 madde halinde yap\u0131labilecek i\u015flemleri s\u0131ralad\u0131. Say\u0131n Ba\u015fbakan&#8217;\u0131m\u0131z da<\/p>\n<p style=\"text-align: justify;\">konu\u015fmalar\u0131yla bu plana destek verdi\u011fini, bunun arkas\u0131ndan ba\u015fka yapt\u0131r\u0131mlar da olaca\u011f\u0131n\u0131 ifade etti. Bu konu hem T\u00fcrkiye&#8217;nin d\u0131\u015f politikas\u0131d\u0131r hem de H\u00fck\u00fcmetimizin karar\u0131d\u0131r. Ben de bu kararlar\u0131 do\u011fru buluyorum ve sonuna kadar\u00a0destekliyorum.&#8221;<\/p>\n<p style=\"text-align: justify;\">D\u00fcn Ba\u015fbakan&#8217;\u0131n, K\u0131l\u0131\u00e7daro\u011flu&#8217;nu, yapt\u0131\u011f\u0131 a\u00e7\u0131klamalarla ilgili olarak \u0130srail&#8217;in avukatl\u0131\u011f\u0131n\u0131 yapmakla su\u00e7lad\u0131\u011f\u0131n\u0131 an\u0131msatan Ar\u0131n\u00e7, s\u00f6zlerine \u015f\u00f6yle devam etti:<\/p>\n<p style=\"text-align: justify;\">&#8220;B\u00f6yle bir niyeti olmasa bile say\u0131n K\u0131l\u0131\u00e7daro\u011flu&#8217;nun d\u00fcn yaz\u0131l\u0131 metinden okuduklar\u0131, bu anlama kolayl\u0131kla gelecek c\u00fcmlelerdir. CHP&#8217;nin, bir milli mesele olan d\u0131\u015f politika konusunda H\u00fck\u00fcmeti ele\u015ftirirken \u00e7ok daha dikkatli olmas\u0131 laz\u0131m, \u00e7ok daha do\u011fru tespitler yapmas\u0131 laz\u0131m. Say\u0131n Ba\u015fbakan&#8217;\u0131n tespiti ne yaz\u0131k ki do\u011frudur. Say\u0131n K\u0131l\u0131\u00e7daro\u011flu&#8217;nun konu\u015fmas\u0131, netice itibariyle \u0130srail&#8217;in avukatl\u0131\u011f\u0131n\u0131 yapacak d\u00fczeydedir. Dolay\u0131s\u0131yla bundan vazge\u00e7melerini \u00f6neririz. \u00c7\u00fcnk\u00fc ulusal d\u0131\u015f politikadaki hedef, kendi \u00e7\u0131karlar\u0131d\u0131r. Bu \u00e7\u0131karlar\u0131m\u0131zla b\u00f6lge \u00fclkelerine veya d\u00fcnyadaki bir ba\u015fka \u00fclkenin \u00e7\u0131karlar\u0131 ne kadar \u00f6rt\u00fc\u015f\u00fcyorsa o konuda mutab\u0131k oluruz. Yoksa \u00f6ncelik T\u00fcrk milletinin, halk\u0131n\u0131n, devletin kendi \u00e7\u0131karlar\u0131d\u0131r.&#8221;<\/p>\n<p style=\"text-align: justify;\">T\u00fcrkiye&#8217;nin 9 vatanda\u015f\u0131n\u0131 kaybetti\u011fini an\u0131msatan B\u00fclent Ar\u0131n\u00e7, &#8220;Uluslararas\u0131 sularda m\u00fctecaviz davranan \u0130srail olmu\u015ftur. Kendi karasular\u0131nda olay cereyan etmemi\u015ftir. Bu olay oldu\u011fu zaman ben Ba\u015fbakan Vekili olarak bulunuyordum ve a\u00e7\u0131klamalar\u0131m\u0131z\u0131 yapt\u0131k. O g\u00fcn askeri yetkililerle bir araya gelmi\u015f, olay\u0131n cereyan etti\u011fi yerin ne anlam ifade etti\u011fini hem uluslararas\u0131 hukuk \u00e7er\u00e7evesinde hem yap\u0131lan olay\u0131n vehameti i\u00e7erisinde g\u00f6rm\u00fc\u015ft\u00fck. Dolay\u0131s\u0131yla b\u00f6yle bir operasyon yapan \u0130srail&#8217;in y\u00f6netimine kar\u015f\u0131 T\u00fcrkiye&#8217;nin ald\u0131\u011f\u0131 kararlara muhalefetin de destek olmas\u0131n\u0131 beklerdik. \u0130srail&#8217;in bu vurdumduymaz ve hukuk tan\u0131mazl\u0131\u011f\u0131, m\u00fctecaviz davran\u0131\u015flar\u0131 kar\u015f\u0131s\u0131nda, T\u00fcrk H\u00fck\u00fcmetinin ald\u0131\u011f\u0131 kararlar\u0131n do\u011fru ve isabetli oldu\u011funu d\u00fc\u015f\u00fcn\u00fcyorum. Say\u0131n K\u0131l\u0131\u00e7daro\u011flu bu konuda eline tutu\u015fturulan ka\u011f\u0131ttaki bilgileri yeniden \u00e7ek etsin ve e\u011fer ele\u015ftirilecek bir konu varsa bunlar\u0131 daha ger\u00e7ek\u00e7i bir y\u00f6ntemle ortaya koysun.&#8221;<\/p>\n<p style=\"text-align: justify;\"><a href=\"http:\/\/www.cnnturk.com\/2011\/turkiye\/09\/08\/basbakanin.tespiti.ne.yazik.ki.dogru\/628622.0\/index.html\" target=\"_blank\">Kaynak : CNN T\u00dcRK<\/a><\/p>\n","protected":false},"excerpt":{"rendered":"<p style=\"text-align: center;\">\n<p style=\"text-align: justify;\">Ba\u015fbakan Yard\u0131mc\u0131s\u0131 B\u00fclent Ar\u0131n\u00e7, &#8220;Say\u0131n Ba\u015fbakan&#8217;\u0131n tespiti ne yaz\u0131k ki do\u011frudur. Say\u0131n K\u0131l\u0131\u00e7daro\u011flu&#8217;nun konu\u015fmas\u0131, netice itibariyle \u0130srail&#8217;in avukatl\u0131\u011f\u0131n\u0131 yapacak d\u00fczeydedir. Dolay\u0131s\u0131yla bundan vazge\u00e7melerini \u00f6neririz. \u00c7\u00fcnk\u00fc ulusal d\u0131\u015f politikadaki hedef kendi \u00e7\u0131karlar\u0131d\u0131r&#8221; dedi.<\/p>\n<p style=\"text-align: justify;\">Ba\u015fbakan Yard\u0131mc\u0131s\u0131 B\u00fclent Ar\u0131n\u00e7, &#8220;CHP&#8217;nin bir milli mesele olan d\u0131\u015f politika konusunda h\u00fck\u00fcmeti ele\u015ftirirken \u00e7ok daha <\/p>\n","protected":false},"author":1,"featured_media":0,"comment_status":"open","ping_status":"open","sticky":false,"template":"","format":"standard","meta":{"footnotes":""},"categories":[105],"tags":[],"class_list":["post-39695","post","type-post","status-publish","format-standard","hentry","category-gundem","odd"],"_links":{"self":[{"href":"http:\/\/www.korhanyilmaz.com\/index.php?rest_route=\/wp\/v2\/posts\/39695","targetHints":{"allow":["GET"]}}],"collection":[{"href":"http:\/\/www.korhanyilmaz.com\/index.php?rest_route=\/wp\/v2\/posts"}],"about":[{"href":"http:\/\/www.korhanyilmaz.com\/index.php?rest_route=\/wp\/v2\/types\/post"}],"author":[{"embeddable":true,"href":"http:\/\/www.korhanyilmaz.com\/index.php?rest_route=\/wp\/v2\/users\/1"}],"replies":[{"embeddable":true,"href":"http:\/\/www.korhanyilmaz.com\/index.php?rest_route=%2Fwp%2Fv2%2Fcomments&post=39695"}],"version-history":[{"count":0,"href":"http:\/\/www.korhanyilmaz.com\/index.php?rest_route=\/wp\/v2\/posts\/39695\/revisions"}],"wp:attachment":[{"href":"http:\/\/www.korhanyilmaz.com\/index.php?rest_route=%2Fwp%2Fv2%2Fmedia&parent=39695"}],"wp:term":[{"taxonomy":"category","embeddable":true,"href":"http:\/\/www.korhanyilmaz.com\/index.php?rest_route=%2Fwp%2Fv2%2Fcategories&post=39695"},{"taxonomy":"post_tag","embeddable":true,"href":"http:\/\/www.korhanyilmaz.com\/index.php?rest_route=%2Fwp%2Fv2%2Ftags&post=39695"}],"curies":[{"name":"wp","href":"https:\/\/api.w.org\/{rel}","templated":true}]}}