{"id":39691,"date":"2011-09-08T14:23:42","date_gmt":"2011-09-08T11:23:42","guid":{"rendered":"http:\/\/www.korhanyilmaz.com\/?p=39691"},"modified":"2011-09-08T16:25:58","modified_gmt":"2011-09-08T13:25:58","slug":"kadin-astsubay-sehit-oldu","status":"publish","type":"post","link":"http:\/\/www.korhanyilmaz.com\/?p=39691","title":{"rendered":"Kad\u0131n astsubay \u015fehit oldu"},"content":{"rendered":"<p style=\"text-align: justify;\"><a href=\"http:\/\/www.korhanyilmaz.com\/wp-content\/uploads\/2011\/09\/5039.jpg\"  class=\"lightview\"><img loading=\"lazy\" decoding=\"async\" class=\"aligncenter size-full wp-image-39692\" title=\"\" src=\"http:\/\/www.korhanyilmaz.com\/wp-content\/uploads\/2011\/09\/5039.jpg\" alt=\"\" width=\"250\" height=\"150\" \/><\/a><\/p>\n<p style=\"text-align: justify;\">Tunceli&#8217; nin Pertek \u0130l\u00e7esi&#8217;nde g\u00f6revli oldu\u011fu \u0130l\u00e7e Jandarma Komutanl\u0131\u011f\u0131na gitmekte olan kad\u0131n astsubay ge\u00e7irdi\u011fi trafik kazas\u0131 sonucu \u015fehit oldu..<\/p>\n<p style=\"text-align: justify;\">TUNCEL\u0130\u2019nin Pertek \u0130l\u00e7esi\u2019nde g\u00f6rev yapan kad\u0131n Astsubay Hamiyet Aksoy, g\u00f6reve giderken trafik kazas\u0131nda \u015fehit oldu. Hatal\u0131 sollama sonucu meydana gelen kazada, 1\u2019i a\u011f\u0131r 5 ki\u015fi daha yaraland\u0131.\u00a0<!--more--><\/p>\n<p style=\"text-align: justify;\">Pertek il\u00e7e Jandarma Komutal\u0131\u011f\u0131nda g\u00f6rev yapan Astsubay \u00dcst\u00e7avu\u015f Hamiyet Aksoy, bu sabah saatlerinde \u00f6zel arac\u0131 ile Kaledibi mahallesindeki \u0130l\u00e7e Jandarma Komutanl\u0131\u011f\u0131\u2019na giderken So\u011fukp\u0131nar Mevkii\u2019nde kar\u015f\u0131 y\u00f6nde gelen Mazlum R\u00fczgar y\u00f6netimindeki 62 AH 250 plakal\u0131 min\u00fcb\u00fcsle \u00e7arp\u0131\u015ft\u0131. Kazada iki s\u00fcr\u00fcc\u00fc da a\u011f\u0131r, minib\u00fcstekilerden 4 ki\u015fi de hafif yaraland\u0131.<\/p>\n<p style=\"text-align: justify;\">A\u011f\u0131r yaral\u0131 Astsubay Hamiyet Aksoy,kald\u0131r\u0131ld\u0131\u011f\u0131 Pertek Devlet Hastanesi\u2019nde yap\u0131lan ilk m\u00fcdahalenin ard\u0131ndan helikopterle Elaz\u0131\u011f\u2019daki F\u0131rat \u00dcniversitesi T\u0131p Fak\u00fcltesi Hastanesi\u2019ne g\u00f6t\u00fcr\u00fcld\u00fc. Astsubay Aksoy, burada doktorlar\u0131n t\u00fcm \u00e7abas\u0131na kar\u015f\u0131n \u015fehit oldu. Min\u00fcb\u00fcs s\u00fcr\u00fcc\u00fcs\u00fc Mazlum R\u00fczgar\u2019\u0131n ise sevk edildi\u011fi Elaz\u0131\u011f\u2019da tedavisi s\u00fcr\u00fcyor.<\/p>\n<p style=\"text-align: justify;\">Kazada \u015fehit olan ve Adana nufusuna kay\u0131tl\u0131 olan Jandarma Astsubay \u00dcst\u00e7avu\u015f Hamiyet Aksoy\u2019un Pertek \u0130l\u00e7e Jandarma Komutanl\u0131\u011f\u0131\u2019nda 1 y\u0131ld\u0131r g\u00f6rev yapt\u0131\u011f\u0131, e\u015finin de \u00fcste\u011fmen r\u00fctbesi ile \u0130l\u00e7e Jandarma Komando B\u00f6l\u00fck Komutan\u0131 olarak g\u00f6rev yapt\u0131\u011f\u0131 belirtildi.<\/p>\n<p style=\"text-align: justify;\"><a href=\"http:\/\/www.hurriyet.com.tr\/gundem\/18678707.asp\" target=\"_blank\">Kaynak : H\u00fcrriyet.com.tr<\/a><\/p>\n","protected":false},"excerpt":{"rendered":"<p style=\"text-align: justify;\">\n<p style=\"text-align: justify;\">Tunceli&#8217; nin Pertek \u0130l\u00e7esi&#8217;nde g\u00f6revli oldu\u011fu \u0130l\u00e7e Jandarma Komutanl\u0131\u011f\u0131na gitmekte olan kad\u0131n astsubay ge\u00e7irdi\u011fi trafik kazas\u0131 sonucu \u015fehit oldu..<\/p>\n<p style=\"text-align: justify;\">TUNCEL\u0130\u2019nin Pertek \u0130l\u00e7esi\u2019nde g\u00f6rev yapan kad\u0131n Astsubay Hamiyet Aksoy, g\u00f6reve giderken trafik kazas\u0131nda \u015fehit oldu. Hatal\u0131 sollama sonucu meydana gelen kazada, 1\u2019i a\u011f\u0131r 5 ki\u015fi daha yaraland\u0131. <\/p>\n","protected":false},"author":1,"featured_media":0,"comment_status":"open","ping_status":"open","sticky":false,"template":"","format":"standard","meta":{"footnotes":""},"categories":[105],"tags":[],"class_list":["post-39691","post","type-post","status-publish","format-standard","hentry","category-gundem","odd"],"_links":{"self":[{"href":"http:\/\/www.korhanyilmaz.com\/index.php?rest_route=\/wp\/v2\/posts\/39691","targetHints":{"allow":["GET"]}}],"collection":[{"href":"http:\/\/www.korhanyilmaz.com\/index.php?rest_route=\/wp\/v2\/posts"}],"about":[{"href":"http:\/\/www.korhanyilmaz.com\/index.php?rest_route=\/wp\/v2\/types\/post"}],"author":[{"embeddable":true,"href":"http:\/\/www.korhanyilmaz.com\/index.php?rest_route=\/wp\/v2\/users\/1"}],"replies":[{"embeddable":true,"href":"http:\/\/www.korhanyilmaz.com\/index.php?rest_route=%2Fwp%2Fv2%2Fcomments&post=39691"}],"version-history":[{"count":0,"href":"http:\/\/www.korhanyilmaz.com\/index.php?rest_route=\/wp\/v2\/posts\/39691\/revisions"}],"wp:attachment":[{"href":"http:\/\/www.korhanyilmaz.com\/index.php?rest_route=%2Fwp%2Fv2%2Fmedia&parent=39691"}],"wp:term":[{"taxonomy":"category","embeddable":true,"href":"http:\/\/www.korhanyilmaz.com\/index.php?rest_route=%2Fwp%2Fv2%2Fcategories&post=39691"},{"taxonomy":"post_tag","embeddable":true,"href":"http:\/\/www.korhanyilmaz.com\/index.php?rest_route=%2Fwp%2Fv2%2Ftags&post=39691"}],"curies":[{"name":"wp","href":"https:\/\/api.w.org\/{rel}","templated":true}]}}