{"id":39686,"date":"2011-09-08T14:24:57","date_gmt":"2011-09-08T11:24:57","guid":{"rendered":"http:\/\/www.korhanyilmaz.com\/?p=39686"},"modified":"2011-09-08T16:21:10","modified_gmt":"2011-09-08T13:21:10","slug":"chpye-mezhepli-gonderme","status":"publish","type":"post","link":"http:\/\/www.korhanyilmaz.com\/?p=39686","title":{"rendered":"&#8216; Mezhepli &#8216; g\u00f6ndermeye CHP&#8217;den Yan\u0131t"},"content":{"rendered":"<p style=\"text-align: justify;\"><a href=\"http:\/\/www.korhanyilmaz.com\/wp-content\/uploads\/2011\/09\/5038.jpg\"  class=\"lightview\"><img loading=\"lazy\" decoding=\"async\" class=\"aligncenter size-full wp-image-39687\" title=\"\" src=\"http:\/\/www.korhanyilmaz.com\/wp-content\/uploads\/2011\/09\/5038.jpg\" alt=\"\" width=\"313\" height=\"188\" \/><\/a><\/p>\n<p style=\"text-align: justify;\">AK Parti Genel Ba\u015fkan Yard\u0131mc\u0131s\u0131 H\u00fcseyin \u00c7elik, CHP&#8217;yi T\u00fcrkiye&#8217;nin BAAS partisi olmakla itham ederek &#8221;Acaba K\u0131l\u0131\u00e7daro\u011flu mezhep yak\u0131nl\u0131\u011f\u0131 dayan\u0131\u015fmas\u0131yla m\u0131 Suriye&#8217;ye sahip \u00e7\u0131k\u0131yor?&#8221; dedi. \u00c7elik&#8217;in s\u00f6zlerine CHP Genel Ba\u015fkan Yard\u0131mc\u0131s\u0131 G\u00fcrsel Tekin yan\u0131t verdi. Tekin, 1 y\u0131l \u00f6nce Ba\u015fbakan Erdo\u011fan\u2019\u0131n Suriye\u2019ye gidip, Devlet Ba\u015fkan\u0131\u2019n\u0131 getirip \u2019S\u0131f\u0131r sorunlu ili\u015fkilerimiz var\u2019 dedi\u011fini hat\u0131rlatt\u0131 ve &#8221;T\u00fcrkiye\u2019nin i\u00e7 meselelerindeki i\u00e7 sorunlar\u0131 bir mezhep meselesine ba\u011flamalar\u0131 bunlar\u0131n nas\u0131l bir fa\u015fist kafatas\u0131na sahip olduklar\u0131n\u0131 g\u00f6steriyor&#8221; diye konu\u015ftu.\u00a0<!--more--><\/p>\n<p style=\"text-align: justify;\">Ak Parti Genel Ba\u015fkan Yard\u0131mc\u0131s\u0131 H\u00fcseyin \u00c7elik, parti genel merkezinde d\u00fczenledi\u011fi bas\u0131n toplant\u0131s\u0131nda, d\u00fcn yap\u0131lan Merkez Y\u00fcr\u00fctme Kurulu (MYK) toplant\u0131s\u0131 hakk\u0131nda bilgi verdi, g\u00fcndemdeki konulara ili\u015fkin de\u011ferlendirmelerde bulundu ve gazetecilerin sorular\u0131n\u0131 yan\u0131tlad\u0131.<\/p>\n<p style=\"text-align: justify;\">Ak Parti&#8217;nin b\u00fcy\u00fck kongre s\u00fcrecinin devam etti\u011fini, 2012 y\u0131l\u0131 Ekim veya Kas\u0131m ay\u0131nda Kongrenin ger\u00e7ekle\u015ftirilece\u011fini hat\u0131rlatan \u00c7elik, MYK toplant\u0131s\u0131nda buna ili\u015fkin de\u011ferlendirmeler ile i\u00e7 ve d\u0131\u015f geli\u015fmelerin ele al\u0131nd\u0131\u011f\u0131n\u0131 kaydetti. \u00c7elik, Ak Parti&#8217;nin her y\u0131l ger\u00e7ekle\u015ftirdi\u011fi \u0130sti\u015fare ve De\u011ferlendirme Toplant\u0131s\u0131&#8217;n\u0131n bu y\u0131l 14-16 Ekim tarihinde K\u0131z\u0131lcahamam&#8217;da ger\u00e7ekle\u015ftirilece\u011fini de duyurdu.<\/p>\n<p style=\"text-align: justify;\">T\u00fcrkiye ve \u0130srail ili\u015fkilerinin de toplant\u0131da g\u00fcndeme geldi\u011fini belirten \u00c7elik, ikili ili\u015fkilerin geldi\u011fi noktay\u0131 geriye d\u00f6n\u00fck s\u00fcreci ele alarak anlatt\u0131. \u0130srail&#8217;in Mavi Marmara Gemisi&#8217;ne y\u00f6nelik uluslararas\u0131 sulardaki sald\u0131r\u0131s\u0131n\u0131n \u201csineye \u00e7ekilecek, hazmedilecek bir olay olmad\u0131\u011f\u0131n\u0131\u201d vurgulayan \u00c7elik, \u00fclke olarak gereken tepkinin g\u00f6sterildi\u011fini belirtti. \u0130srail&#8217;in \u00f6z\u00fcr dilemesi ve Mavi Marmara Gemisi&#8217;nde hayat\u0131n\u0131 kaybedenlerin ailelerine tazminat \u00f6demesi gerekti\u011fini bir kez daha yineleyen \u00c7elik, aksi takdirde ili\u015fkilerin eskisi gibi olmayaca\u011f\u0131n\u0131 belirtti. Sald\u0131r\u0131ya y\u00f6nelik uluslararas\u0131 tepkileri de hat\u0131rlatan \u00c7elik, ancak BM&#8217;nin konuya ili\u015fkin yay\u0131nlanan Palmer Raporu ile sald\u0131r\u0131n\u0131n adeta me\u015frula\u015ft\u0131r\u0131lmaya \u00e7al\u0131\u015f\u0131ld\u0131\u011f\u0131n\u0131, bunun kabul edilemez oldu\u011funu s\u00f6yledi. \u0130srail&#8217;le diplomatik ili\u015fkilerin ikinci katip d\u00fczeyine indirildi\u011fini hat\u0131rlatan \u00c7elik, \u201cAsl\u0131nda \u0130srail&#8217;le b\u00fct\u00fcn k\u00f6pr\u00fcler at\u0131lm\u0131\u015f de\u011fil. \u0130srail ile diplomatik ili\u015fkiler tamamen kesilmi\u015f de\u011fil. \u0130srail&#8217;de b\u00fcy\u00fckel\u00e7ili\u011fimiz a\u00e7\u0131k, \u0130srail&#8217;in de Ankara&#8217;daki b\u00fcy\u00fckel\u00e7ili\u011fi a\u00e7\u0131kt\u0131r. Ancak ili\u015fkiler ikinci katip d\u00fczeyine indirilmi\u015ftir. \u0130srail&#8217;in \u00f6z\u00fcr dilemesi ve tazminat \u00f6demeyi kabul etmesi halinde ili\u015fkiler eski seyrinde devam edecektir\u201d dedi.<\/p>\n<p style=\"text-align: justify;\"><strong>\u201cCHP, T\u00dcRK\u0130YE&#8217;N\u0130N BAAS PART\u0130S\u0130D\u0130R\u201d\u00a0<\/strong><\/p>\n<p style=\"text-align: justify;\">Uluslararas\u0131 meselelerde i\u00e7 politika hesaplar\u0131n\u0131n bir tarafa b\u0131rak\u0131lmas\u0131 gerekti\u011fine dikkati \u00e7eken \u00c7elik, ancak T\u00fcrkiye&#8217;de muhalefetin bu konuda \u201ck\u00f6t\u00fc bir s\u0131nav\u201d verdi\u011fini, hatta \u201cs\u0131n\u0131fta kald\u0131\u011f\u0131n\u0131\u201d s\u00f6yledi.<\/p>\n<p style=\"text-align: justify;\">CHP Genel Ba\u015fkan\u0131 Kemal K\u0131l\u0131\u00e7daro\u011flu&#8217;nun Suriye&#8217;deki geli\u015fmelere ili\u015fkin Ba\u015fbakan Recep Tayyip Erdo\u011fan&#8217;\u0131n a\u00e7\u0131klamalar\u0131n\u0131 bu \u00fclkenin i\u00e7 i\u015flerine kar\u0131\u015fmak olarak nitelendirdi\u011fini ifade eden \u00c7elik, \u015f\u00f6yle konu\u015ftu:<\/p>\n<p style=\"text-align: justify;\">\u201cAna muhalefetin lideri &#8216;Say\u0131n Ba\u015fbakan (sabr\u0131m\u0131z ta\u015ft\u0131) diyor. Bu Suriye&#8217;nin i\u00e7 i\u015flerine m\u00fcdahaledir. Bu bizim meselemiz de\u011fildir. Efendim siz sava\u015f\u0131yor musunuz?&#8217; gibi beyanlarda bulunarak kendi elimizi g\u00fc\u00e7lendirmek yerine, bir Baas rejimini savunma refleksine girmi\u015ftir. Ni\u00e7in bunu yapm\u0131\u015ft\u0131r? Biliyorsunuz CHP ile Arap \u00fclkelerindeki Baas&#8217;c\u0131 rejimler aras\u0131nda genetik akrabal\u0131k vard\u0131r. CHP, T\u00fcrkiye&#8217;nin Baas partisidir. Ve Baas&#8217;\u00e7\u0131 rejimler biliyorsunuz otoriter yap\u0131lar\u0131 itibariyle CHP&#8217;nin ge\u00e7mi\u015fteki iktidar\u0131yla ayn\u0131 karakterdedir. T\u00fcrkiye kendi Baas&#8217;\u00e7\u0131 rejiminden 1950&#8217;de demokratik yollardan, se\u00e7imle kurtulmu\u015ftur ve bar\u0131\u015f\u00e7\u0131 bir \u015fekilde kurtulmu\u015ftur. Sand\u0131kta bunu halletmi\u015ftir. Ama \u015fimdi Arap \u00fclkeleri kendi Baas&#8217;\u00e7\u0131 rejimlerinden, hepsinin partisinin ad\u0131 Baas olmas\u0131 gerekmiyor bu bir zihniyet meselesidir, halk ayaklanmalar\u0131yla kurtulmaya \u00e7al\u0131\u015f\u0131yor. Ve biz bu s\u00fcreci destekliyoruz.\u201d<\/p>\n<p style=\"text-align: justify;\">\u00c7elik, T\u00fcrkiye&#8217;nin demokratikle\u015fme ad\u0131na \u201cArap Bahar\u0131\u201d denilen s\u00fcreci destekledi\u011fini, Arap \u00fclkelerinin bu demokratikle\u015fmeyi ger\u00e7ekle\u015ftirmesinin \u0130srail&#8217;in de i\u015fini zorla\u015ft\u0131raca\u011f\u0131n\u0131, \u0130srail&#8217;in bu demokratikle\u015fmeden rahats\u0131z oldu\u011funu s\u00f6yledi.<\/p>\n<p style=\"text-align: justify;\">\u00c7elik, muhalefetin Ortado\u011fu&#8217;daki geli\u015fmelere T\u00fcrkiye&#8217;nin yakla\u015f\u0131m\u0131n\u0131 \u201csana ne?\u201d diyerek ele\u015ftirmesinin do\u011fru olmad\u0131\u011f\u0131n\u0131 belirterek, \u201cBenim biti\u015fi\u011fimdeki kom\u015fum kendi evini yakma hakk\u0131na sahip de\u011fil. O evini yakarsa benim evim de yanar, benim evime de s\u0131\u00e7rar\u201d dedi. T\u00fcrkiye&#8217;nin bir yol ayr\u0131m\u0131nda oldu\u011funu ve bu ayr\u0131mda etkin ve aktif d\u0131\u015f politikadan yana tav\u0131r sergiledi\u011fini anlatan \u00c7elik, \u00fclkeler aras\u0131 ili\u015fkilerdeki as\u0131rl\u0131k sorunlar\u0131n bir anda \u00e7\u00f6z\u00fclemeyece\u011fini, ancak kararl\u0131 olunmas\u0131 gerekti\u011fini vurgulad\u0131.<\/p>\n<p style=\"text-align: justify;\">\u00c7elik, \u201cAna muhalefet lideri, Say\u0131n Ba\u015fbakan\u0131m\u0131z\u0131, H\u00fck\u00fcmetimizi Arap Soka\u011f\u0131na y\u00f6nelik pop\u00fclist bir politika izlemekle su\u00e7luyor. Biz kendi soka\u011f\u0131m\u0131za y\u00f6nelik bile pop\u00fclizm yapm\u0131yoruz. Pop\u00fclizmin ne oldu\u011funu biz \u00e7ok iyi biliyoruz. \u0130ngilizcede CHP&#8217;nin ad\u0131 pop\u00fclist partidir\u201d dedi.<\/p>\n<p style=\"text-align: justify;\">MHP Genel Ba\u015fkan\u0131 Devlet Bah\u00e7eli&#8217;nin \u201cBa\u015fbakan Erdo\u011fan&#8217;\u0131n Yahudilerin verdi\u011fi cesaret \u00f6d\u00fcl\u00fcn\u00fc iade etsin\u201d a\u00e7\u0131klamalar\u0131n\u0131 da ele\u015ftiren \u00c7elik, Ak Parti&#8217;nin \u0130srail H\u00fck\u00fcmetinin politikalar\u0131na itiraz etti\u011fini, \u0130srail halk\u0131yla, Yahudilerle bir sorunu olmad\u0131\u011f\u0131n\u0131 vurgulad\u0131. \u00c7elik, Ak Parti&#8217;nin hi\u00e7bir konuda toptanc\u0131 bir yakla\u015f\u0131m i\u00e7inde olmad\u0131\u011f\u0131n\u0131, toptanc\u0131l\u0131\u011f\u0131n \u0131rk\u00e7\u0131lar\u0131n bir \u00f6zelli\u011fi oldu\u011funu kaydetti. \u00c7elik, Mavi Marmara gemisine y\u00f6nelik sald\u0131r\u0131 konusunda T\u00fcrkiye&#8217;nin Lahey Adalet Divan\u0131&#8217;na ba\u015fvuru yapaca\u011f\u0131n\u0131 da hat\u0131rlatt\u0131.<\/p>\n<p style=\"text-align: justify;\"><strong>\u201cMEZHEP YAKINLI\u011eI DAYANI\u015eMASI MI?\u201d\u00a0<\/strong><\/p>\n<p style=\"text-align: justify;\">Muhalefetin d\u0131\u015f politikaya y\u00f6nelik ele\u015ftirilerinde T\u00fcrkiye&#8217;nin \u00e7\u0131karlar\u0131n\u0131 dikkate almas\u0131 gerekti\u011fini belirten \u00c7elik, \u015f\u00f6yle konu\u015ftu:<\/p>\n<p style=\"text-align: justify;\">\u201c\u0130srail&#8217;le olan meselemiz bir uluslararas\u0131 meseledir, milli meseledir. Siyasi partilerin elbette politikalar\u0131m\u0131z\u0131 ele\u015ftirmek gibi bir hakk\u0131 vard\u0131r ama bunu yaparken T\u00fcrkiye&#8217;yi haks\u0131z g\u00f6ren, di\u011fer \u00fclkeleri hakl\u0131 k\u0131lan bir tutum i\u00e7ine girmelerini yad\u0131rgar\u0131z.<\/p>\n<p style=\"text-align: justify;\">Ni\u00e7in savunuyorsunuz Suriye&#8217;deki Baas&#8217;\u00e7\u0131 rejimi? A\u00e7\u0131k\u00e7as\u0131 akl\u0131ma ba\u015fka k\u00f6t\u00fc \u015feyler de geliyor. Suriye&#8217;deki Baas&#8217;\u00e7\u0131 rejim y\u00fczde 15&#8217;lik kitleye dayan\u0131yor. Acaba Say\u0131n K\u0131l\u0131\u00e7daro\u011flu mezhep yak\u0131nl\u0131\u011f\u0131 dayan\u0131\u015fmas\u0131yla m\u0131 Suriye&#8217;ye bu manada sahip \u00e7\u0131k\u0131yor? Bu da akl\u0131m\u0131za gelir. E\u011fer b\u00f6yle bir \u015fey yap\u0131yorsa bu daha da affedilmezdir. Siyasi partilerimizin makul meselelerde, makul bir zeminde bize muhalefet etmesi en tabi haklar\u0131d\u0131r. Ama T\u00fcrkiye&#8217;nin tezlerini zay\u0131flatacak tutum ve davran\u0131\u015flardan ka\u00e7\u0131nmalar\u0131n\u0131 da talep etmek bizim en tabii hakk\u0131m\u0131zd\u0131r.\u201d<\/p>\n<p style=\"text-align: justify;\"><strong>CHP&#8217;L\u0130 G\u00dcRSEL TEK\u0130N&#8217;DEN \u00c7EL\u0130K&#8217;E YANIT\u00a0<\/strong><\/p>\n<p style=\"text-align: justify;\">A\u00e7\u0131klamalar\u0131nda, NATO taraf\u0131ndan T\u00fcrkiye&#8217;ye kurulmas\u0131 planlanan f\u00fcze kalkan\u0131 konusuna da de\u011finen \u00c7elik, \u201cF\u00fcze savunma sistemi bir NATO projesidir. Ve bu ilk g\u00fcndeme geldi\u011finde T\u00fcrkiye bu konudaki itirazlar\u0131n\u0131, tezlerini dile getirmi\u015ftir\u201d dedi. T\u00fcrkiye&#8217;nin bu tezlerinin kabul edildi\u011fini de hat\u0131rlatan \u00c7elik, T\u00fcrkiye kurulanlar\u0131n f\u00fcze rampas\u0131 de\u011fil, radar sistemi oldu\u011funun alt\u0131n\u0131 \u00e7izdi.<\/p>\n<p style=\"text-align: justify;\">\u00a0\u00c7elik, NATO&#8217;nun T\u00fcrkiye&#8217;de \u00fcye oldu\u011fu g\u00fcnden bu yana s\u00fcre\u00e7 i\u00e7inde kurulan \u00e7ok say\u0131da tesisi oldu\u011funu belirterek, NATO&#8217;nun orta\u011f\u0131 olmaya devam etti\u011fi s\u00fcrece benzerlerinin de yap\u0131laca\u011f\u0131n\u0131 kaydetti.<\/p>\n<p style=\"text-align: justify;\">\u00c7elik, \u201cBir Amerikan projesi, ABD&#8217;nin dayatmas\u0131 de de\u011fildir\u201d dedi.<\/p>\n<p style=\"text-align: justify;\"><strong>&#8216;TAKL\u0130TLER ASLINA H\u0130ZMET EDER&#8217;\u00a0<\/strong><\/p>\n<p style=\"text-align: justify;\">Ba\u015fbakan Recep Tayyip Erdo\u011fan&#8217;\u0131n M\u0131s\u0131r, Tunus ve Libya ziyaretine ili\u015fkin baz\u0131 \u00e7evrelerce yap\u0131lan ele\u015ftiriler oldu\u011funu hat\u0131rlatan \u00c7elik, Erdo\u011fan&#8217;\u0131n sorunlar ya\u015fayan karde\u015f \u00fclkelere giderek, \u00e7\u00f6z\u00fcme uluslararas\u0131 katk\u0131n\u0131n yollar\u0131n\u0131 arad\u0131\u011f\u0131n\u0131 belirtti. CHP Genel Ba\u015fkan\u0131 K\u0131l\u0131\u00e7daro\u011flu&#8217;nun Erdo\u011fan&#8217;\u0131n ziyaretlerini \u00f6nce ele\u015ftirdi\u011fini, ancak ard\u0131ndan kendisinin de bu yolu izledi\u011fini belirten \u00c7elik, \u201cSay\u0131n Ba\u015fbakan ne yap\u0131yorsa \u00f6nce Say\u0131n K\u0131l\u0131\u00e7daro\u011flu bunu ele\u015ftiriyor, arkas\u0131ndan da kendisi bunu yapmaya \u00e7al\u0131\u015f\u0131yor. B\u00fct\u00fcn taklitler asl\u0131na hizmet eder. Say\u0131n Ba\u015fbakan Somali&#8217;ye gitti. &#8216;Ben de gidiyorum&#8217; dedi. Sonra yolunu \u015fa\u015f\u0131rd\u0131 Kenya&#8217;ya gitti. Merdivene ters bindi\u011fi gibi bir bakt\u0131k ki Say\u0131n K\u0131l\u0131\u00e7daro\u011flu, Somali yerine Kenya&#8217;ya gitmi\u015f. Arkas\u0131ndan Say\u0131n K\u0131l\u0131\u00e7daro\u011flu, &#8216;Ben de M\u0131s\u0131r&#8217;a gidiyorum, Tunus&#8217;a, Libya&#8217;ya gidiyorum&#8217; derse hi\u00e7 \u015fa\u015f\u0131rmay\u0131n, gidebilir. Ke\u015fke anamuhalefet liderimiz sa\u011flam, yere basan, ak\u0131ll\u0131 politikalarla bunlar\u0131 yapsa\u201d diye konu\u015ftu.<\/p>\n<p style=\"text-align: justify;\">Erdo\u011fan&#8217;\u0131n b\u00f6lgeye y\u00f6nelik ziyaretlerinin b\u00fcy\u00fck \u00f6nem ta\u015f\u0131d\u0131\u011f\u0131n\u0131 vurgulayan \u00c7elik, \u201cD\u0131\u015f politika elbette duygusall\u0131kla yap\u0131lmaz. Ama duygular\u0131n\u0131z akl\u0131n\u0131z\u0131n emrinde olsun. Bizim duygular\u0131m\u0131z akl\u0131m\u0131z\u0131n emrindedir\u201d dedi.<\/p>\n<p style=\"text-align: justify;\">\u00c7elik, Deniz Feneri e.V ba\u011flant\u0131l\u0131 soru\u015fturmay\u0131 y\u00fcr\u00fcten savc\u0131lar\u0131n\u0131n g\u00f6revden al\u0131nmas\u0131na ili\u015fkin ele\u015ftirileri de\u011ferlendirirken de T\u00fcrkiye&#8217;de son y\u0131llarda bir\u00e7ok davan\u0131n medya \u00fczerinden y\u00fcr\u00fct\u00fcld\u00fc\u011f\u00fcn\u00fc, bundan b\u00fcy\u00fck \u00fcz\u00fcnt\u00fc duyduklar\u0131n\u0131 s\u00f6yledi. \u00c7elik, \u201cBu Ergenekon davas\u0131 i\u00e7in de b\u00f6yledir, Balyoz davas\u0131 i\u00e7in de b\u00f6yledir, Deniz Feneri davas\u0131 i\u00e7in de bir \u00e7ok dava i\u00e7in de b\u00f6yledir\u201d dedi.<\/p>\n<p style=\"text-align: justify;\">Deniz Feneri e.V ba\u011flant\u0131l\u0131 soru\u015fturmada savc\u0131lar\u0131n g\u00f6rev yerlerinin de\u011fi\u015ftirilmesi konusunda Adalet Bakan\u0131&#8217;na y\u00f6nelik ele\u015ftirilerin \u00e7ifte standart niteli\u011finde oldu\u011funu belirten \u00c7elik, \u201cBu ilk defa olmad\u0131. 2010&#8217;da Balyoz davas\u0131na bakan savc\u0131lar \u0130stanbul Cumhuriyet Ba\u015fsavc\u0131l\u0131\u011f\u0131 taraf\u0131ndan de\u011fi\u015ftirildi. \u00dcstelik bir soru\u015fturma i\u015fin i\u00e7inde yokken. Bug\u00fcn k\u0131yamet koparan baz\u0131 bas\u0131n yay\u0131n organlar\u0131, o g\u00fcn buna tek kelimeyle itiraz etmediler\u201d diye konu\u015ftu.<\/p>\n<p style=\"text-align: justify;\">T\u00dcBA&#8217;n\u0131n yap\u0131s\u0131n\u0131n yeniden d\u00fczenlenmesine ili\u015fkin ele\u015ftirileri de yan\u0131tlayan \u00c7elik, bilimsel yap\u0131n\u0131n ortadan kald\u0131r\u0131lmas\u0131n\u0131n s\u00f6z konusu olmad\u0131\u011f\u0131n\u0131, daha sa\u011fl\u0131kl\u0131 ve i\u015flevsel bir yap\u0131ya d\u00f6n\u00fc\u015ft\u00fcr\u00fcld\u00fc\u011f\u00fcn\u00fc s\u00f6yledi.<\/p>\n<p style=\"text-align: justify;\"><strong>SORULAR\u00a0<\/strong><\/p>\n<p style=\"text-align: justify;\">\u00c7elik, a\u00e7\u0131klamalar\u0131n\u0131n ard\u0131ndan gazetecilerin sorular\u0131n\u0131 da yan\u0131tlad\u0131.<\/p>\n<p style=\"text-align: justify;\">Bir gazetede dava konusu olan \u201ckamuoyunu y\u00f6nlendirme ama\u00e7l\u0131 internet siteleriyle\u201d ilgili d\u00f6nemin Genelkurmay Ba\u015fkan\u0131 Orgeneral \u0130lker Ba\u015fbu\u011f&#8217;un uyar\u0131ld\u0131\u011f\u0131, ancak dikkate al\u0131nmad\u0131\u011f\u0131\u201d y\u00f6n\u00fcnde haber oldu\u011funun ifade edilmesi \u00fczerine \u00c7elik, \u015funlar\u0131 s\u00f6yledi:<\/p>\n<p style=\"text-align: justify;\">\u201cBen daha \u00f6nce de\u011fi\u015fik vesilelerle Say\u0131n Ba\u015fbu\u011f&#8217;un Genelkurmay Ba\u015fkanl\u0131\u011f\u0131 esnas\u0131nda baz\u0131 iddialar g\u00fcndeme geldi\u011fi zaman maalesef bunun gere\u011finin yap\u0131lmad\u0131\u011f\u0131 y\u00f6n\u00fcnde g\u00f6r\u00fc\u015flerimi ifade ettim. Yer alt\u0131nda lav silahlar\u0131 \u00e7\u0131kt\u0131\u011f\u0131 zaman Say\u0131n Ba\u015fbu\u011f &#8216;bu borudur&#8217; dedi. \u0130nternet and\u0131c\u0131 ortaya \u00e7\u0131kt\u0131\u011f\u0131 zaman bunun inkar\u0131na gitti. Islak imza ortaya \u00e7\u0131kt\u0131\u011f\u0131 zaman elindeki ka\u011f\u0131d\u0131 f\u0131rlatarak &#8216;bu bir ka\u011f\u0131t par\u00e7as\u0131d\u0131r&#8217; dedi. Veya kendileri ele\u015ftirildi\u011fi, yapt\u0131klar\u0131 yanl\u0131\u015flar ortaya koydu\u011fu zaman firkateynin \u00fczerine \u00e7\u0131k\u0131p insanlar\u0131 tehdit etmeyi tercih etti, maalesef. Bunlar kabul edilebilir de\u011fildi. H\u00fck\u00fcmetimizden \u015fu tarihte, \u015fu saatte birisi Say\u0131n Ba\u015fbu\u011f&#8217;a \u015funu s\u00f6yledi mi, s\u00f6ylemedi mi onu bilmiyorum.\u201d<\/p>\n<p style=\"text-align: justify;\">\u00c7elik, bir s\u00fcre \u00f6nce g\u00fcndeme getirdi\u011fi \u201csiville\u015fme \u00f6nerilerini\u201d parti y\u00f6netimiyle payla\u015f\u0131p payla\u015fmad\u0131\u011f\u0131na ili\u015fkin soruyu yan\u0131tlarken de bunlar\u0131n bir politikac\u0131, bir akademisyen olarak kamuoyunun takdirine sundu\u011fu kendi g\u00f6r\u00fc\u015fleri oldu\u011funu belirtti.<\/p>\n<p style=\"text-align: justify;\">Her kurumda yanl\u0131\u015f yapanlar olabilece\u011fini, bu yanl\u0131\u015fl\u0131klar\u0131n t\u00fcm kuruma mal edilmemesi gerekti\u011fini vurgulayan \u00c7elik, T\u00fcrk Silahl\u0131 Kuvvetleri (TSK) i\u00e7in de bunun ge\u00e7erli oldu\u011fu belirtti. \u00c7elik, \u00f6nerilerinin TSK&#8217;da siville\u015fme de\u011fil, sivil-asker ili\u015fkilerinin demokratikle\u015fmesi oldu\u011funu kaydetti.<\/p>\n<p style=\"text-align: justify;\">\u00c7elik, bedelli askerli\u011fe ili\u015fkin haberlerin hat\u0131rlat\u0131lmas\u0131 ve buna ili\u015fkin netle\u015fen bir bilgi olup olmad\u0131\u011f\u0131n\u0131n sorulmas\u0131 \u00fczerine de \u015funlar\u0131 s\u00f6yledi:<\/p>\n<p style=\"text-align: justify;\">\u201cBen netle\u015fen bir bilgi bilmiyorum. Bedelli askerlik, askerlik s\u00fcrelerinin g\u00fcndemde oldu\u011funu biliyorum. Milli Savunma Bakanl\u0131\u011f\u0131, Genelkurmay Ba\u015fkanl\u0131\u011f\u0131, H\u00fck\u00fcmetin g\u00fcndeminde oldum olas\u0131 oldu\u011funu biliyorum. Ama ne yap\u0131ld\u0131, nereye var\u0131ld\u0131 onu bilmiyorum. Sonu\u00e7lan\u0131rsa sizlerle payla\u015f\u0131r\u0131z\u201d dedi.<\/p>\n<p style=\"text-align: justify;\">Ba\u015fbakan Erdo\u011fan&#8217;\u0131n genel se\u00e7imler \u00f6ncesinde kendisine bedelli askerlikle ilgili sorular soruldu\u011funda \u201cBiz bunu b\u00fcsb\u00fct\u00fcn yok sayar, reddeder bir durum i\u00e7erisinde de\u011filiz. T\u00fcrkiye&#8217;nin \u015fartlar\u0131, TSK&#8217;n\u0131n asker ihtiyac\u0131 vesaire b\u00fct\u00fcn bunlar g\u00f6z \u00f6n\u00fcnde bulundurulur, e\u011fer olabilecek bir \u015feyse yap\u0131l\u0131r\u201d dedi\u011fini ifade eden \u00c7elik, kendisinin de bu noktada oldu\u011funu belirtti.<\/p>\n<p style=\"text-align: justify;\">\u00c7elik, bir ba\u015fka soruyu yan\u0131tlarken de \u0130srail&#8217;in T\u00fcrkiye&#8217;den bak\u0131m i\u00e7in gelenlerle sipari\u015f edilerek paras\u0131 \u00f6denen insans\u0131z hava ara\u00e7lar\u0131n\u0131 son g\u00fcnlerdeki geli\u015fmelerin ard\u0131ndan T\u00fcrkiye&#8217;ye g\u00f6ndermedi\u011fini belirterek, bunun uluslararas\u0131 ticaret ahlak\u0131 anlay\u0131\u015f\u0131ndan do\u011fru olmad\u0131\u011f\u0131n vurgulad\u0131. \u00c7elik, bunun keyfi bir yakla\u015f\u0131m oldu\u011funu s\u00f6yledi.<\/p>\n<p style=\"text-align: justify;\">TBMM&#8217;nin yeni yasama y\u0131l\u0131 nedeniyle 1 Ekim&#8217;de yap\u0131lan resepsiyonun iptal edildi\u011finin hat\u0131rlat\u0131lmas\u0131 \u00fczerine ise resepsiyonlar\u0131n mutlaka yap\u0131lmas\u0131 gereken anayasal bir kural olmad\u0131\u011f\u0131n\u0131 vurgulayarak, \u00e7ok \u00f6nemli bir konu olmad\u0131\u011f\u0131n\u0131 belirtti.<\/p>\n<p style=\"text-align: justify;\">\u00c7elik, Ak Parti Milletvekili Mehmet Metiner&#8217;in internette yay\u0131nlanan ses kay\u0131tlar\u0131 ve kendisinin bu konudaki a\u00e7\u0131klamalar\u0131n\u0131 nas\u0131l de\u011ferlendirdi\u011fine ili\u015fkin soruyu yan\u0131tlarken de \u015funlar\u0131 s\u00f6yledi:<\/p>\n<p style=\"text-align: justify;\">&#8221;\u0130nternete d\u00fc\u015fen ses kayd\u0131 kendisinin bir ba\u015fka siyasi partinin genel ba\u015fkan yard\u0131mc\u0131s\u0131 oldu\u011fu d\u00f6neme aittir. Tabii \u00f6yle de olsa orada sarf edilen s\u00f6zler ho\u015f s\u00f6zler de\u011fil. Ba\u015fbakan\u0131m\u0131z a\u00e7\u0131s\u0131ndan kabul edilebilir de\u011fil. Nitekim &#8216;Ben bir ba\u015fka partinin eleman\u0131yla bu s\u00f6zleri s\u00f6yledim. Bundan dolay\u0131 da say\u0131n Ba\u015fbakan\u0131m\u0131zdan \u00f6z\u00fcr diliyorum&#8217; dedi milletvekilimiz. Ama o d\u00f6nemle ilgili kulland\u0131\u011f\u0131 s\u0131fatlar, yapt\u0131\u011f\u0131 benzetmeler kendisine aittir. Kendisi b\u00f6yle uygun g\u00f6rm\u00fc\u015f, s\u00f6ylemi\u015fse s\u00f6ylenecek s\u00f6z yok. Benim ayr\u0131ca bir yorum yapmama gerek yok. Ama Say\u0131n Metiner&#8217;in &#8216;AK Parti milletvekili se\u00e7ildikten sonra bakanl\u0131k beklentisi vard\u0131, bakan olamad\u0131 i\u00e7in Ba\u015fbakan&#8217;la ilgili b\u00f6yle s\u00f6yledi&#8217; \u015feklindeki yorumlar ve yak\u0131\u015ft\u0131rmalar da ger\u00e7e\u011fi yans\u0131tm\u0131yor. Ben de o ses kayd\u0131n\u0131 dinledim. Siyaseti takip edenler bug\u00fcnlere ait olmad\u0131\u011f\u0131n bilirler.&#8221;<\/p>\n<p style=\"text-align: justify;\"><a href=\"http:\/\/www.hurriyet.com.tr\/gundem\/18678802.asp\" target=\"_blank\">Kaynak : H\u00fcrriyet.com.tr<\/a><\/p>\n","protected":false},"excerpt":{"rendered":"<p style=\"text-align: justify;\">\n<p style=\"text-align: justify;\">AK Parti Genel Ba\u015fkan Yard\u0131mc\u0131s\u0131 H\u00fcseyin \u00c7elik, CHP&#8217;yi T\u00fcrkiye&#8217;nin BAAS partisi olmakla itham ederek &#8221;Acaba K\u0131l\u0131\u00e7daro\u011flu mezhep yak\u0131nl\u0131\u011f\u0131 dayan\u0131\u015fmas\u0131yla m\u0131 Suriye&#8217;ye sahip \u00e7\u0131k\u0131yor?&#8221; dedi. \u00c7elik&#8217;in s\u00f6zlerine CHP Genel Ba\u015fkan Yard\u0131mc\u0131s\u0131 G\u00fcrsel Tekin yan\u0131t verdi. Tekin, 1 y\u0131l \u00f6nce Ba\u015fbakan Erdo\u011fan\u2019\u0131n Suriye\u2019ye gidip, Devlet Ba\u015fkan\u0131\u2019n\u0131 getirip \u2019S\u0131f\u0131r sorunlu ili\u015fkilerimiz var\u2019 dedi\u011fini <\/p>\n","protected":false},"author":1,"featured_media":0,"comment_status":"open","ping_status":"open","sticky":false,"template":"","format":"standard","meta":{"footnotes":""},"categories":[105],"tags":[],"class_list":["post-39686","post","type-post","status-publish","format-standard","hentry","category-gundem","odd"],"_links":{"self":[{"href":"http:\/\/www.korhanyilmaz.com\/index.php?rest_route=\/wp\/v2\/posts\/39686","targetHints":{"allow":["GET"]}}],"collection":[{"href":"http:\/\/www.korhanyilmaz.com\/index.php?rest_route=\/wp\/v2\/posts"}],"about":[{"href":"http:\/\/www.korhanyilmaz.com\/index.php?rest_route=\/wp\/v2\/types\/post"}],"author":[{"embeddable":true,"href":"http:\/\/www.korhanyilmaz.com\/index.php?rest_route=\/wp\/v2\/users\/1"}],"replies":[{"embeddable":true,"href":"http:\/\/www.korhanyilmaz.com\/index.php?rest_route=%2Fwp%2Fv2%2Fcomments&post=39686"}],"version-history":[{"count":0,"href":"http:\/\/www.korhanyilmaz.com\/index.php?rest_route=\/wp\/v2\/posts\/39686\/revisions"}],"wp:attachment":[{"href":"http:\/\/www.korhanyilmaz.com\/index.php?rest_route=%2Fwp%2Fv2%2Fmedia&parent=39686"}],"wp:term":[{"taxonomy":"category","embeddable":true,"href":"http:\/\/www.korhanyilmaz.com\/index.php?rest_route=%2Fwp%2Fv2%2Fcategories&post=39686"},{"taxonomy":"post_tag","embeddable":true,"href":"http:\/\/www.korhanyilmaz.com\/index.php?rest_route=%2Fwp%2Fv2%2Ftags&post=39686"}],"curies":[{"name":"wp","href":"https:\/\/api.w.org\/{rel}","templated":true}]}}