{"id":39683,"date":"2011-09-08T14:05:54","date_gmt":"2011-09-08T11:05:54","guid":{"rendered":"http:\/\/www.korhanyilmaz.com\/?p=39683"},"modified":"2011-09-08T16:13:05","modified_gmt":"2011-09-08T13:13:05","slug":"kilicdaroglu-basbakanin-agzindan-kan-damliyor","status":"publish","type":"post","link":"http:\/\/www.korhanyilmaz.com\/?p=39683","title":{"rendered":"K\u0131l\u0131\u00e7daro\u011flu: &#8220;Ba\u015fbakan&#8217;\u0131n a\u011fz\u0131ndan kan daml\u0131yor&#8221;"},"content":{"rendered":"<p style=\"text-align: justify;\"><a href=\"http:\/\/www.korhanyilmaz.com\/wp-content\/uploads\/2011\/09\/5037.jpg\"  class=\"lightview\"><img loading=\"lazy\" decoding=\"async\" class=\"aligncenter size-full wp-image-39684\" title=\"\" src=\"http:\/\/www.korhanyilmaz.com\/wp-content\/uploads\/2011\/09\/5037.jpg\" alt=\"\" width=\"313\" height=\"188\" \/><\/a><\/p>\n<p style=\"text-align: justify;\">CHP Genel Ba\u015fkan\u0131 Kemal K\u0131l\u0131\u00e7daro\u011flu, Parti Meclisini \u0130zmir&#8217;de toplad\u0131. K\u0131l\u0131\u00e7daro\u011flu burada yapt\u0131\u011f\u0131 konu\u015fmada, &#8220;&#8221;Daha d\u00fcne kadar \u2019K\u00fcrt a\u00e7\u0131l\u0131m\u0131\u2019 gibi kavramlarla halk\u0131 oyalayan Ba\u015fbakan bug\u00fcn a\u011fz\u0131ndan kan damlayan \u015fiddet temsilcisine d\u00f6n\u00fc\u015fm\u00fc\u015f durumda&#8221; dedi.\u00a0<!--more--><\/p>\n<p style=\"text-align: justify;\">CHP Genel ba\u015fkan\u0131 Kemal K\u0131l\u0131\u00e7daro\u011flu, \u0130zmir\u2019de tarihi Havagaz\u0131 Fabrikas\u0131\u2019nda Parti Meclisi\u2019ni (PM) toplarken, h\u00fck\u00fcmeti \u2019topal \u00f6rde\u011fe\u2019 benzetti. K\u0131l\u0131\u00e7daro\u011flu, &#8220;T\u00fcrkiye\u2019nin \u00f6n\u00fcndeki soru \u015fudur. Bu ba\u015f bu yast\u0131ktan kalkar m\u0131 kalkmaz m\u0131? Bize g\u00f6re kalkmaz. H\u00fck\u00fcmet olarak i\u015flevsel olarak topal \u00f6rdektir&#8221; dedi. K\u0131l\u0131\u00e7daro\u011flu, Ba\u015fbakan\u2019\u0131n &#8220;\u0130srail\u2019in avukatl\u0131\u011f\u0131n\u0131 yap\u0131yor&#8221; su\u00e7lamas\u0131 \u00fczerine &#8220;Hi\u00e7bir yerde hi\u00e7bir zaman halk\u0131n d\u0131\u015f\u0131nda kimsenin avukatl\u0131\u011f\u0131n\u0131 \u00fcstlenmedim. CHP\u2019nin ad\u0131nda vard\u0131n Cumhuriyet Halk partisi e\u011fer avukatl\u0131k yapacaksak yapaca\u011f\u0131m\u0131z tek grup vard\u0131r o da T\u00fcrkiye Cumhuriyeti halk\u0131d\u0131r&#8221; yan\u0131t\u0131n\u0131 verdi.<\/p>\n<p style=\"text-align: justify;\">CHP Genel Ba\u015fkan\u0131 Kemal K\u0131l\u0131\u00e7daro\u011flu, PM toplant\u0131s\u0131 \u00f6ncesi yapt\u0131\u011f\u0131 bas\u0131n a\u00e7\u0131klamas\u0131nda y\u00fczde 49.9 ile iktidara gelen h\u00fck\u00fcmete ra\u011fmen T\u00fcrkiye\u2019nin se\u00e7imlerden sonra pelte gibi y\u0131\u011f\u0131ld\u0131\u011f\u0131n\u0131 \u00f6ne s\u00fcrd\u00fc. K\u0131l\u0131\u00e7daro\u011flu, \u015f\u00f6yle konu\u015ftu:<\/p>\n<p style=\"text-align: justify;\">&#8220;\u0130ktidar partisi y\u00fczde 49.9 ile tekrar iktidar oluyor ama se\u00e7imlerden sonra T\u00fcrkiye pelte gibi y\u0131\u011f\u0131l\u0131p kal\u0131yor. Nas\u0131l oluyor da se\u00e7imden b\u00f6yle bir sonu\u00e7la \u00e7\u0131kan bir Ba\u015fbakan mental gibi da\u011f\u0131lm\u0131\u015f, zihni bulanm\u0131\u015f ipin ucunu ka\u00e7\u0131rm\u0131\u015f oluyor. Apa\u00e7\u0131k g\u00f6r\u00fcl\u00fcyor ki AKP\u2019nin yaratt\u0131\u011f\u0131 alg\u0131 ile ya\u015fatt\u0131\u011f\u0131 ger\u00e7ek aras\u0131ndaki \u00e7eli\u015fki art\u0131k s\u00fcrd\u00fcr\u00fclemez noktaya gelmi\u015ftir. Ac\u0131 ger\u00e7ekler bask\u0131n bir \u015fekilde T\u00fcrkiye\u2019nin g\u00fcndemine oturmaya ba\u015flam\u0131\u015ft\u0131r. Hi\u00e7bir iktidara nasip olmayan bir \u015fans, liyakats\u0131z ve ehliyetsiz ellerde heba olmu\u015ftur. \u0130ktidar olduklar\u0131 9 y\u0131l boyunca Ba\u015fbakan\u2019dan olgunla\u015fma bekleyenler hayal k\u0131r\u0131kl\u0131\u011f\u0131na u\u011fram\u0131\u015ft\u0131r. Recep Tayyip Erdo\u011fan partisinde birazc\u0131k pi\u015fen ak\u0131l bali olan kadrolar\u0131 d\u0131\u015far\u0131da b\u0131rakm\u0131\u015f, siyaset koltuklar\u0131n\u0131 hen\u00fcz hi\u00e7bir profesyonel yetkinli\u011fe ula\u015fmam\u0131\u015f isimlere b\u0131rakarak, zaten dayan\u0131lamaz hale gelmi\u015f sorunlar\u0131 b\u00fcsb\u00fct\u00fcn derinle\u015ftirmi\u015ftir.&#8221;<\/p>\n<p style=\"text-align: justify;\"><strong>BA\u015eBAKAN\u2019IN AVRUPA V\u0130ZYONU YOK\u00a0<\/strong><\/p>\n<p style=\"text-align: justify;\">CHP Genel Ba\u015fkan\u0131 K\u0131l\u0131\u00e7daro\u011flu, Ba\u015fbakan\u2019\u0131n Avrupa vizyonu olmad\u0131\u011f\u0131n\u0131 \u00f6ne s\u00fcrerek, &#8220;AKP iktidar\u0131nda ge\u00e7en 9 y\u0131l boyunca T\u00fcrkiye\u2019nin b\u00fct\u00fcn ulusal davalarda ve projelerde kaybeden taraf olmu\u015ftur. Haf\u0131zalar\u0131 yoklayal\u0131m. Avrupa Birli\u011fi m\u00fczakere s\u00fcrecinde g\u00fcn ortas\u0131nda fener alaylar\u0131 d\u00fczenleyerek AB ye kat\u0131ld\u0131k diye g\u00f6rkemli t\u00f6renler d\u00fczenledik. Daha a\u00e7\u0131lmas\u0131 gereken fas\u0131llar\u0131n 10 da 1\u2019i bile a\u00e7\u0131lmam\u0131\u015ft\u0131r. S\u00fcrecin tamamlanmas\u0131 bir y\u00fczy\u0131l\u0131 alacakt\u0131r. Ba\u015fbakan \u00e7\u0131km\u0131\u015f \u2019Siz bizi almazsan\u0131z biz de Kopenhag kriterleri yerine Ankara kriterlerini koyar\u0131z\u2019 diyor. Bu bir itiraft\u0131r. Ba\u015fbakan\u2019\u0131n Avrupa vizyonu yoktur. T\u00fcrkiye Avrupa\u2019dan da Avrupa\u2019n\u0131n ortak evinden de uzakla\u015fmaktad\u0131r. Halk\u0131m\u0131z a\u00e7\u0131k\u00e7a aldat\u0131lm\u0131\u015ft\u0131r.&#8221;<\/p>\n<p style=\"text-align: justify;\"><strong>T\u00dcRK DI\u015e POL\u0130T\u0130KASI HOL\u0130GANLA\u015eTI\u00a0<\/strong><\/p>\n<p style=\"text-align: justify;\">K\u0131l\u0131\u00e7daro\u011flu, isteksizce ve kaplumba\u011fa h\u0131z\u0131yla y\u00fcr\u00fct\u00fclen m\u00fczakerelerin \u2019Dostlar al\u0131\u015fveri\u015fte g\u00f6rs\u00fc\u2019nden ba\u015fka amac\u0131 kalmad\u0131\u011f\u0131n\u0131 anlatt\u0131. CHP lideri Kemal K\u0131l\u0131\u00e7daro\u011flu, &#8220;Avrupa\u2019dan h\u0131zla uzakla\u015fan T\u00fcrkiye\u2019nin nerelere hangi tehlikeli sulara savruldu\u011fu herkes\u00e7e g\u00f6r\u00fclmektedir. T\u00fcrk d\u0131\u015f politikas\u0131 art\u0131k do\u011fu-bat\u0131 ekseni \u00fczerinde \u015fekillenen sayg\u0131 g\u00f6ren niteli\u011fini kaybetmi\u015ftir. T\u00fcrk d\u0131\u015fi\u015flerinin engin deneyimi birikimi, sayg\u0131nl\u0131\u011f\u0131, sa\u011fduyusu ve ciddiyeti terk edilmi\u015f, d\u0131\u015fi\u015flerinin alt\u0131n de\u011ferindeki kadrolar\u0131 \u2019Kon\u015ferler\u2019 diyerek a\u015fa\u011f\u0131lanm\u0131\u015f neticede T\u00fcrk d\u0131\u015f politikas\u0131 Ba\u015fbakan\u2019\u0131n \u00fcslubuna ve tarz\u0131na uygun olarak holiganla\u015fm\u0131\u015ft\u0131r.&#8221;<\/p>\n<p style=\"text-align: justify;\"><strong>&#8220;A\u011eZINDAN KAN DAMLIYOR&#8221;\u00a0<\/strong><\/p>\n<p style=\"text-align: justify;\">CHP Genel Ba\u015fkan\u0131 K\u0131l\u0131\u00e7daro\u011flu, H\u00fck\u00fcmet\u2019in K\u0131br\u0131s politikas\u0131n\u0131 da ele\u015ftirirek, K\u0131br\u0131s Davas\u0131\u2019nda Rauf Denkta\u015f\u2019\u0131 reddeden \u00e7izgiden yeniden Denkta\u015f \u00e7izgisine d\u00f6nd\u00fc\u011f\u00fcn\u00fc s\u00f6yledi. K\u0131l\u0131\u00e7daro\u011flu, \u015f\u00f6yle dedi:<\/p>\n<p style=\"text-align: justify;\">&#8220;Daha d\u00fcne kadar \u2019K\u00fcrt a\u00e7\u0131l\u0131m\u0131\u2019 gibi kavramlarla halk\u0131 oyalayan Ba\u015fbakan bug\u00fcn a\u011fz\u0131ndan kan damlayan \u015fiddet temsilcisine d\u00f6n\u00fc\u015fm\u00fc\u015f durumda. \u2019Ermeni a\u00e7\u0131l\u0131m\u0131\u2019 dediler. Hem Ermenistan\u2019tan uzakla\u015ft\u0131k. Hem de Azerbaycan\u2019\u0131 kaybettik. \u2019Nabucco\u2019 dediler y\u0131llard\u0131r Nabuko\u2019dan eser yok. 9 y\u0131lda 9 santim boru bile d\u00f6\u015fenmedi. Suriye ile G\u00fcmr\u00fck Birli\u011fi\u2019ne gidenler ne olduysa \u00fc\u00e7 ayda Suriye\u2019yi sava\u015fla tehdit eder duruma geldiler. Libya konusunda \u2019NATO\u2019nun orada ne i\u015fi var?\u2019 dediler. Sonra t\u00fck\u00fcrd\u00fcklerini yalad\u0131lar. Bu listeyi uzatmak m\u00fcmk\u00fcn. Son iki ayda ya\u015fanan skandallar\u0131n her biri iktidar\u0131n\u0131n sonunu getirmeye yeterlidir.&#8221;<\/p>\n<p style=\"text-align: justify;\"><strong>H\u00dcK\u00dcMET TOPAL \u00d6RDEKT\u0130R\u00a0<\/strong><\/p>\n<p style=\"text-align: justify;\">CHP Genel Ba\u015fkan\u0131, T\u00fcrkiye\u2019nin kan g\u00f6l\u00fcne d\u00f6nmesinin iktidar\u0131n umrunda olmad\u0131\u011f\u0131n\u0131, \u00fclkenin her hafta bir ba\u015fka \u00fclke ile sava\u015f konumuna geldi\u011fini iddia ederken, \u015fu iddialarda bulundu:<\/p>\n<p style=\"text-align: justify;\">&#8220;\u0130\u015f Deniz Feneri davas\u0131na gelince H\u00fck\u00fcmetin etekleri tutu\u015fuyor. Davaya bakan hakim ve savc\u0131lar\u0131n g\u00f6rev yerini de\u011fi\u015ftirerek davan\u0131n seyrine m\u00fcdahaleyi bunlar icat etti. Hi\u00e7bir demokratik \u00fclkede b\u00f6yle bir olay zaten ya\u015fanmaz. Ya\u015fan\u0131rsa bedeli a\u011f\u0131r olur. T\u00fcrkiye\u2019nin \u00f6n\u00fcndeki soru \u015fudur. Bu ba\u015f bu yast\u0131ktan kalkar m\u0131 kalkmaz m\u0131? Bize g\u00f6re kalkmaz. H\u00fck\u00fcmet olarak i\u015flevsel olarak topal \u00f6rdektir. Yerel se\u00e7imler AKP\u2019nin gidi\u015f biletinin kesilece\u011fi CHP\u2019ye iktidar yolunun a\u00e7\u0131labilece\u011fi bir s\u00fcre\u00e7 olabilir. Yanl\u0131\u015f\u0131n yanl\u0131\u015fl\u0131\u011f\u0131na g\u00fcvenerek s\u00f6yl\u00fcyorum. T\u00fcrkiye\u2019nin AKP marjinalitesini ta\u015f\u0131yacak g\u00fcc\u00fc kalmad\u0131. Onlar T\u00fcrk milletini kendilerine mahkum edecek tertipler pe\u015finde olsa da bu tertipler bo\u015fa \u00e7\u0131kacakt\u0131r. T\u00fcrkiye asla bir tek parti hegamonyas\u0131na raz\u0131 olmayacakt\u0131r, t\u00fcrkiye asla bir tek parti diktat\u00f6rl\u00fc\u011f\u00fcne boyun e\u011fmeyecektir. Halk\u0131m\u0131za bu a\u00e7\u0131dan g\u00fcveniyoruz. G\u00fcvenimizin peki\u015fmesi bizim parti olarak \u00e7al\u0131\u015fmam\u0131za ba\u011fl\u0131. M\u00fccadele edece\u011fiz, \u00e7al\u0131\u015faca\u011f\u0131z. Bu CHP olarak bizim tarihi g\u00f6revlerimizdendir. T\u00fcrkiye Cumhuriyeti AKP diktat\u00f6rl\u00fc\u011f\u00fcnden kurtulmak zorundad\u0131r.&#8221;<\/p>\n<p style=\"text-align: justify;\"><strong>&#8220;HALKIM DI\u015eINDA K\u0130MSEN\u0130N AVUKATLI\u011eINI \u00dcSTLENMED\u0130M&#8221;\u00a0<\/strong><\/p>\n<p style=\"text-align: justify;\">CHP Genel Ba\u015fkan\u0131 Kemal K\u0131l\u0131\u00e7daro\u011flu, gazetecilerin sorusu \u00fczerine kendisine &#8220;\u0130srail\u2019in avukatl\u0131\u011f\u0131n\u0131 yap\u0131yor&#8221; diyen Ba\u015fbakan Recep Tayyip Erdo\u011fan\u2019a yan\u0131t verirken, hi\u00e7bir zaman halk\u0131n d\u0131\u015f\u0131nda kimsenin avukatl\u0131\u011f\u0131n\u0131 \u00fcstlenmedi\u011fini anlatt\u0131. K\u0131l\u0131\u00e7daro\u011flu, \u015funlar\u0131 s\u00f6yledi:<\/p>\n<p style=\"text-align: justify;\">&#8220;CHP\u2019nin ad\u0131nda vard\u0131r; Cumhuriyet Halk partisi e\u011fer avukatl\u0131k yapacaksak yapaca\u011f\u0131m\u0131z tek grup vard\u0131r o da T\u00fcrkiye Cumhuriyeti halk\u0131d\u0131r. Halk\u0131n avukatl\u0131\u011f\u0131n\u0131 yapmaktan \u015feref duyar\u0131z. \u0130srail\u2019in avukatl\u0131\u011f\u0131n\u0131 yapan kim? Soru bir, ABD\u2019de Yahudi lobisinde \u00fcst\u00fcn hizmet madalyas\u0131 alan kim? Ben miyim Recep Tayyip Erdo\u011fan m\u0131? Buradan soruyorum Erdo\u011fan\u2019a siz o \u00fcst\u00fcn hizmet madalyas\u0131n\u0131 iade edecek misiniz, etmeyecek misiniz? Etmezseniz avukatl\u0131\u011fa soyunmu\u015fsunuzdur. \u0130ki, ben hi\u00e7bir zaman hi\u00e7bir yerde papaz elbisesi giymedim. \u2019Papaz elbisesi gerekirse giyerim\u2019 diyen Recep Tayyip Erdo\u011fan\u2019d\u0131r. Bunu giyen insan yeri geldi\u011finde herkesin avukatl\u0131\u011f\u0131n\u0131 yapabilir demektir. T\u00fcrkiye\u2019nin \u00e7\u0131karlar\u0131n\u0131 g\u00f6zard\u0131 etmedim. \u00dc\u00e7, ben hi\u00e7bir zaman B\u00fcy\u00fck Ortado\u011fu Projesi\u2019nin e\u015fba\u015fkan\u0131 olmad\u0131m ve bunu savunmad\u0131m. Irak\u2019ta binlerce M\u00fcsl\u00fcman kad\u0131na tecav\u00fcz edilirken ben hi\u00e7bir zaman ABD askerlerine ba\u015far\u0131lar dilemedim. Ba\u015far\u0131 dileyen Recep Tayyip Erdo\u011fan\u2019d\u0131r. Onun i\u00e7in art\u0131k yap\u0131lan sadece cambaza bak olay\u0131d\u0131r. Hem \u0130srail\u2019e kar\u015f\u0131tl\u0131\u011f\u0131 gibi bir politika g\u00fcdeceksiniz \u00f6b\u00fcr taraftan da f\u00fcze kalkan\u0131n\u0131 getirip T\u00fcrkiye\u2019ye konu\u015fland\u0131racaks\u0131n\u0131z. Avukat kim? Hani T\u00fcrkiye\u2019ye gelmeyecekti bu, kim i\u00e7in geliyor bu f\u00fcze kalkan\u0131. T\u00fcrkiye\u2019yi korumak i\u00e7in de\u011fil herhalde kimi korumak i\u00e7in \u0130ran\u2019a kar\u015f\u0131 \u0130srail\u2019i korumak i\u00e7in o zaman \u0130srail\u2019i korumak i\u00e7in. Halk\u0131 kand\u0131r\u0131yorlar. Her yerde her ortamda halka do\u011frular\u0131 s\u00f6yleyece\u011fiz. Recep Tayyip Erdo\u011fan kendi halk\u0131na do\u011fru bilgi vermiyor. Do\u011fru bilgi vermemekte de kararl\u0131 g\u00f6r\u00fcn\u00fcyor. Ama onun maskesini indirmekte benim g\u00f6revim.&#8221;<\/p>\n<p style=\"text-align: justify;\"><a href=\"http:\/\/www.hurriyet.com.tr\/gundem\/18679172.asp\" target=\"_blank\">Kaynak : H\u00fcrriyet.com.tr<\/a><\/p>\n","protected":false},"excerpt":{"rendered":"<p style=\"text-align: justify;\">\n<p style=\"text-align: justify;\">CHP Genel Ba\u015fkan\u0131 Kemal K\u0131l\u0131\u00e7daro\u011flu, Parti Meclisini \u0130zmir&#8217;de toplad\u0131. K\u0131l\u0131\u00e7daro\u011flu burada yapt\u0131\u011f\u0131 konu\u015fmada, &#8220;&#8221;Daha d\u00fcne kadar \u2019K\u00fcrt a\u00e7\u0131l\u0131m\u0131\u2019 gibi kavramlarla halk\u0131 oyalayan Ba\u015fbakan bug\u00fcn a\u011fz\u0131ndan kan damlayan \u015fiddet temsilcisine d\u00f6n\u00fc\u015fm\u00fc\u015f durumda&#8221; dedi. <\/p>\n","protected":false},"author":1,"featured_media":0,"comment_status":"open","ping_status":"open","sticky":false,"template":"","format":"standard","meta":{"footnotes":""},"categories":[105],"tags":[],"class_list":["post-39683","post","type-post","status-publish","format-standard","hentry","category-gundem","odd"],"_links":{"self":[{"href":"http:\/\/www.korhanyilmaz.com\/index.php?rest_route=\/wp\/v2\/posts\/39683","targetHints":{"allow":["GET"]}}],"collection":[{"href":"http:\/\/www.korhanyilmaz.com\/index.php?rest_route=\/wp\/v2\/posts"}],"about":[{"href":"http:\/\/www.korhanyilmaz.com\/index.php?rest_route=\/wp\/v2\/types\/post"}],"author":[{"embeddable":true,"href":"http:\/\/www.korhanyilmaz.com\/index.php?rest_route=\/wp\/v2\/users\/1"}],"replies":[{"embeddable":true,"href":"http:\/\/www.korhanyilmaz.com\/index.php?rest_route=%2Fwp%2Fv2%2Fcomments&post=39683"}],"version-history":[{"count":0,"href":"http:\/\/www.korhanyilmaz.com\/index.php?rest_route=\/wp\/v2\/posts\/39683\/revisions"}],"wp:attachment":[{"href":"http:\/\/www.korhanyilmaz.com\/index.php?rest_route=%2Fwp%2Fv2%2Fmedia&parent=39683"}],"wp:term":[{"taxonomy":"category","embeddable":true,"href":"http:\/\/www.korhanyilmaz.com\/index.php?rest_route=%2Fwp%2Fv2%2Fcategories&post=39683"},{"taxonomy":"post_tag","embeddable":true,"href":"http:\/\/www.korhanyilmaz.com\/index.php?rest_route=%2Fwp%2Fv2%2Ftags&post=39683"}],"curies":[{"name":"wp","href":"https:\/\/api.w.org\/{rel}","templated":true}]}}