{"id":39679,"date":"2011-09-08T07:30:33","date_gmt":"2011-09-08T04:30:33","guid":{"rendered":"http:\/\/www.korhanyilmaz.com\/?p=39679"},"modified":"2011-09-08T07:30:33","modified_gmt":"2011-09-08T04:30:33","slug":"1-ekim-icin-tam-kadro-temennisi","status":"publish","type":"post","link":"http:\/\/www.korhanyilmaz.com\/?p=39679","title":{"rendered":"1 Ekim i\u00e7in tam kadro temennisi"},"content":{"rendered":"<p style=\"text-align: justify;\"><a href=\"http:\/\/www.korhanyilmaz.com\/wp-content\/uploads\/2011\/09\/5036.jpg\"  class=\"lightview\"><img loading=\"lazy\" decoding=\"async\" class=\"aligncenter size-full wp-image-39680\" src=\"http:\/\/www.korhanyilmaz.com\/wp-content\/uploads\/2011\/09\/5036.jpg\" alt=\"\" width=\"346\" height=\"229\" \/><\/a><\/p>\n<p style=\"text-align: justify;\">TBMM Ba\u015fkan\u0131, yeni yasama y\u0131l\u0131n\u0131n a\u00e7\u0131ld\u0131\u011f\u0131 g\u00fcn, yemin etmeyen BDP&#8217;li vekiller ile tutuklu vekillerin de haz\u0131r bulunmas\u0131n\u0131 umuyor. \u00c7i\u00e7ek, yarg\u0131ya A\u0130HM i\u00e7tihatlar\u0131n\u0131 uygulama \u00e7a\u011fr\u0131s\u0131 yapt\u0131.<\/p>\n<p style=\"text-align: justify;\">ANKARA &#8211; TBMM Ba\u015fkan\u0131 Cemil \u00c7i\u00e7ek, Meclis\u2019in yeni yasama y\u0131l\u0131na ba\u015flayaca\u011f\u0131 1 Ekim g\u00fcn\u00fc b\u00fct\u00fcn milletvekillerinin yemin etmesi umudunu dile getirdi. Tutuklu vekillerin durumunu da de\u011ferlendiren \u00c7i\u00e7ek, yarg\u0131 mensuplar\u0131ndan anayasan\u0131n 90. maddesi gere\u011fi i\u00e7 hukukun \u00fcst\u00fcnde olan A\u0130HM i\u00e7tihatlar\u0131n\u0131 dikkate almas\u0131n\u0131 istedi. <!--more--><\/p>\n<p style=\"text-align: justify;\">\u00c7i\u00e7ek, 19 Eyl\u00fcl\u2019deki anayasa hukuk\u00e7ular\u0131yla yeni anayasa toplant\u0131s\u0131 ve 1 Ekim\u2019deki TBMM a\u00e7\u0131l\u0131\u015f\u0131 i\u00e7in har\u0131l har\u0131l \u00e7al\u0131\u015f\u0131yor. Diplomasi Muhabirleri Derne\u011fi\u2019nin y\u00f6neticileriyle d\u00fcn sohbet eden \u00c7iek, \u00e7al\u0131\u015fmalar\u0131 hakk\u0131nda bilgi verdi.<\/p>\n<p style=\"text-align: justify;\">Yeni Meclis\u2019in \u00f6n\u00fcnde yeni anayasa yapmak gibi zor bir s\u00fcrecin bulundu\u011funu an\u0131msatan \u00c7i\u00e7ek \u015fu yorumu yapt\u0131:<\/p>\n<p style=\"text-align: justify;\">\u201cHerkesi g\u00f6revini yapmaya davet ediyorum. Yeni bir anayasa yap\u0131lacaksa, ki halk\u0131n beklentisi de bu y\u00f6nde, Meclis\u2019in en \u00f6nemli g\u00f6revi budur. T\u00fcm partilerin anayasan\u0131n yap\u0131lmas\u0131 konusunda katk\u0131lar\u0131 \u00f6nemlidir. TBMM\u2019de temsil edilen partilerin bu s\u00fcre\u00e7te, Meclis d\u0131\u015f\u0131ndaki partilerden ya da sivil toplum kurulu\u015flar\u0131na g\u00f6re daha fazla sorumlulu\u011fu vard\u0131r. Yemin etmek ve \u00e7al\u0131\u015fmalara kat\u0131lmak hem g\u00f6rev, hem sorumluluktur. Bu sorumlulu\u011fun yerine getirilmesi konusunda hep davette bulundum. Mevcut mevzuat ve anayasa doktrini a\u00e7\u0131s\u0131ndan \u00f6n\u015fart, g\u00f6reve ba\u015flamak i\u00e7in yemin etmektir.\u201d<\/p>\n<p style=\"text-align: justify;\"><strong>\u2018BDP kat\u0131lamaz\u2019 imas\u0131<\/strong><\/p>\n<p style=\"text-align: justify;\">\u00c7i\u00e7ek, BDP\u2019lilerin yemin etmemesi halinde, Anayasa Uzla\u015fma Komisyonu\u2019na \u00fcye verip veremeyeceklerine ili\u015fkin soruyu da yan\u0131tlad\u0131.<\/p>\n<p style=\"text-align: justify;\">Yasama faaliyetlerine kat\u0131lmak i\u00e7in yemin etmenin \u015fart oldu\u011funu an\u0131msatan \u00c7i\u00e7ek, \u201cUzla\u015fma Komisyonu \u00e7al\u0131\u015fmalar\u0131 da bir yasama faaliyetidir. Yasama faaliyetleri, \u2018Falanca gelirse yap\u0131l\u0131r\u2019 gibi bir \u015farta ba\u011fl\u0131 de\u011fil. Aksi takdirde, bir parti \u2018Ben Meclis\u2019e gelmiyorum\u2019 diyerek, t\u00fcm Meclis\u2019i t\u0131kayabilir\u201d dedi.<\/p>\n<p style=\"text-align: justify;\">Meclis Ba\u015fkan\u0131, yemin \u00e7a\u011fr\u0131s\u0131n\u0131 yaparken, tutuklu vekillerin durumu ka\u00e7\u0131n\u0131lmaz olarak g\u00fcndeme geliyor. \u00c7i\u00e7ek, yarg\u0131 camias\u0131na \u015fu \u00e7a\u011fr\u0131y\u0131 yapt\u0131:<\/p>\n<p style=\"text-align: justify;\">\u201cT\u00fcrkiye\u2019nin taraf oldu\u011fu uluslararas\u0131 s\u00f6zle\u015fmeler var. Anayasan\u0131n 90. maddesi ve b\u00fct\u00fcn yarg\u0131\u00e7lar\u0131n iyi bildi\u011fi normlar hiyerar\u015fisi gere\u011fince de bu s\u00f6zle\u015fmeler i\u00e7 hukukumuzun \u00fcst\u00fcndedir. Tutukluluk bir tedbirdir, mahk\u00fbmiyet de\u011fildir. Sadece T\u00fcrk ceza hukukunu de\u011fil, T\u00fcrkiye\u2019nin taraf oldu\u011fu uluslararas\u0131 s\u00f6zle\u015fmeleri de g\u00f6z \u00f6n\u00fcne al\u0131n.\u201d<\/p>\n<p style=\"text-align: justify;\">\u00c7i\u00e7ek, \u201cT\u00fcm kamuoyunun oldu\u011fu gibi, bizim de beklentimiz, bu davalar\u0131n bir an \u00f6nce sonu\u00e7land\u0131r\u0131lmas\u0131d\u0131r\u201d dedi. \u00c7i\u00e7ek, yarg\u0131 erkinin sahas\u0131na girmemek i\u00e7in \u00f6zel bir \u00e7aba sergilese de 1 Ekim\u2019de b\u00fct\u00fcn vekillerin yemin etmesi temennisini dile getirerek, g\u00f6nl\u00fcnden TBMM\u2019nin tam kadro a\u00e7\u0131lmas\u0131n\u0131n ge\u00e7ti\u011fini ortaya koydu.<\/p>\n<p style=\"text-align: justify;\"><strong>Resepsiyon iptal<\/strong><\/p>\n<p style=\"text-align: justify;\">\u00c7i\u00e7ek, 1 Ekim\u2019deki TBMM a\u00e7\u0131l\u0131\u015f resepsiyonunun, bu y\u0131l iptal edilmesi talimat\u0131 verdi\u011fini de a\u00e7\u0131klad\u0131. Karar\u0131 \u00fclkenin i\u00e7inde bulundu\u011fu durumu g\u00f6z \u00f6n\u00fcnde tutarak ald\u0131\u011f\u0131n\u0131 s\u00f6yleyen TBMM Ba\u015fkan\u0131 \u00c7i\u00e7ek, yasama y\u0131l\u0131 a\u00e7\u0131l\u0131\u015f t\u00f6reninin ise yap\u0131laca\u011f\u0131n\u0131 belirtti.<\/p>\n<p style=\"text-align: justify;\"><a href=\"http:\/\/www.radikal.com.tr\/Radikal.aspx?aType=RadikalHaberDetayV3&amp;ArticleID=1062659&amp;Date=08.09.2011&amp;CategoryID=78\" target=\"_blank\">Kaynak : Radikal.com.tr<\/a><\/p>\n","protected":false},"excerpt":{"rendered":"<p style=\"text-align: justify;\">\n<p style=\"text-align: justify;\">TBMM Ba\u015fkan\u0131, yeni yasama y\u0131l\u0131n\u0131n a\u00e7\u0131ld\u0131\u011f\u0131 g\u00fcn, yemin etmeyen BDP&#8217;li vekiller ile tutuklu vekillerin de haz\u0131r bulunmas\u0131n\u0131 umuyor. \u00c7i\u00e7ek, yarg\u0131ya A\u0130HM i\u00e7tihatlar\u0131n\u0131 uygulama \u00e7a\u011fr\u0131s\u0131 yapt\u0131.<\/p>\n<p style=\"text-align: justify;\">ANKARA &#8211; TBMM Ba\u015fkan\u0131 Cemil \u00c7i\u00e7ek, Meclis\u2019in yeni yasama y\u0131l\u0131na ba\u015flayaca\u011f\u0131 1 Ekim g\u00fcn\u00fc b\u00fct\u00fcn milletvekillerinin yemin etmesi umudunu dile getirdi. Tutuklu vekillerin <\/p>\n","protected":false},"author":1,"featured_media":0,"comment_status":"open","ping_status":"open","sticky":false,"template":"","format":"standard","meta":{"footnotes":""},"categories":[105],"tags":[],"class_list":["post-39679","post","type-post","status-publish","format-standard","hentry","category-gundem","odd"],"_links":{"self":[{"href":"http:\/\/www.korhanyilmaz.com\/index.php?rest_route=\/wp\/v2\/posts\/39679","targetHints":{"allow":["GET"]}}],"collection":[{"href":"http:\/\/www.korhanyilmaz.com\/index.php?rest_route=\/wp\/v2\/posts"}],"about":[{"href":"http:\/\/www.korhanyilmaz.com\/index.php?rest_route=\/wp\/v2\/types\/post"}],"author":[{"embeddable":true,"href":"http:\/\/www.korhanyilmaz.com\/index.php?rest_route=\/wp\/v2\/users\/1"}],"replies":[{"embeddable":true,"href":"http:\/\/www.korhanyilmaz.com\/index.php?rest_route=%2Fwp%2Fv2%2Fcomments&post=39679"}],"version-history":[{"count":0,"href":"http:\/\/www.korhanyilmaz.com\/index.php?rest_route=\/wp\/v2\/posts\/39679\/revisions"}],"wp:attachment":[{"href":"http:\/\/www.korhanyilmaz.com\/index.php?rest_route=%2Fwp%2Fv2%2Fmedia&parent=39679"}],"wp:term":[{"taxonomy":"category","embeddable":true,"href":"http:\/\/www.korhanyilmaz.com\/index.php?rest_route=%2Fwp%2Fv2%2Fcategories&post=39679"},{"taxonomy":"post_tag","embeddable":true,"href":"http:\/\/www.korhanyilmaz.com\/index.php?rest_route=%2Fwp%2Fv2%2Ftags&post=39679"}],"curies":[{"name":"wp","href":"https:\/\/api.w.org\/{rel}","templated":true}]}}