{"id":39675,"date":"2011-09-07T15:57:46","date_gmt":"2011-09-07T12:57:46","guid":{"rendered":"http:\/\/www.korhanyilmaz.com\/?p=39675"},"modified":"2011-09-08T07:20:04","modified_gmt":"2011-09-08T04:20:04","slug":"komutanlar-malatyada-toplandi","status":"publish","type":"post","link":"http:\/\/www.korhanyilmaz.com\/?p=39675","title":{"rendered":"Komutanlar Malatya&#8217;da topland\u0131"},"content":{"rendered":"<p style=\"text-align: justify;\"><a href=\"http:\/\/www.korhanyilmaz.com\/wp-content\/uploads\/2011\/09\/5035.jpg\"  class=\"lightview\"><img loading=\"lazy\" decoding=\"async\" class=\"aligncenter size-full wp-image-39676\" title=\"\" src=\"http:\/\/www.korhanyilmaz.com\/wp-content\/uploads\/2011\/09\/5035.jpg\" alt=\"\" width=\"292\" height=\"224\" \/><\/a><\/p>\n<p style=\"text-align: justify;\">Genelkurmay Ba\u015fkan\u0131 Orgeneral Necdet \u00d6zel ve Kuvvet Komutanlar\u0131 bu sabah Malatya\u2019ya gelerek 2. Ordu karargah\u0131nda toplant\u0131 yapt\u0131.<\/p>\n<p style=\"text-align: justify;\">\u00a02. Ordu Komutan\u0131 orgeneral Servet Y\u00f6r\u00fck\u2019ten brifing alan Orgeneral Necdet \u00d6zel ve Kuvvet Komutanlar\u0131 yakla\u015f\u0131k 3 saatlik toplant\u0131n\u0131n ard\u0131ndan bir a\u00e7\u0131klama yapmadan Malatya Erha\u00e7 havaalan\u0131na ge\u00e7ti. <!--more--><\/p>\n<p style=\"text-align: justify;\">Kandil\u2019e kara harekat\u0131n\u0131n g\u00fcndeme geldi\u011fi bu g\u00fcnlerde, Malatya\u2019da b\u00f6yle bir toplant\u0131n\u0131n yap\u0131lmas\u0131 heyecan yaratt\u0131.<\/p>\n<p style=\"text-align: justify;\">\u00d6te yandan 7. Ana Jet \u00dcs Komutanl\u0131\u011f\u0131n da ve Kara Hava Alay\u0131\u2019ndaki hareketlilikte dikkatlerden ka\u00e7mad\u0131. Komutanlar\u0131n Malatya\u2019dan nereye gittikleri \u00f6\u011frenilemezken, 2. Ordu\u2019dan da herhangi bir a\u00e7\u0131klama yap\u0131lmad\u0131.<\/p>\n<p style=\"text-align: justify;\"><strong>Karargah\u0131n d\u0131\u015f\u0131nda polis alarma ge\u00e7ti<\/strong><\/p>\n<p style=\"text-align: justify;\">Bu arada Genelkurmay Ba\u015fkan\u0131 ve Kuvvet Komutanlar\u0131n\u0131n karargahta toplant\u0131 halinde oldu\u011fu s\u0131rada \u015f\u00fcpheli bir ara\u00e7tan 2. Ordu Komutanl\u0131\u011f\u0131\u2019n\u0131n gizlice resminin \u00e7ekilmesi polisi alarma ge\u00e7irdi.<\/p>\n<p style=\"text-align: justify;\">Karargah\u0131n kar\u015f\u0131s\u0131ndaki bir alandan gizlice foto\u011fraf \u00e7ekildi\u011fini fark eden nizamiye g\u00f6revlileri durumu hemen polise bildirdi. Askerlerin kendisini fark etmesi \u00fczerine olay yerinden ara\u00e7la uzakla\u015fan kimli\u011fi belirsiz \u015fahs\u0131n yakalanmas\u0131 i\u00e7in polis ekipleri soru\u015fturma ba\u015flat\u0131rken, \u015fahs\u0131n kulland\u0131\u011f\u0131 arac\u0131n bir Rent a Car\u2019dan kiraland\u0131\u011f\u0131 tespit edildi.<\/p>\n<p style=\"text-align: justify;\">\u015eehrin giri\u015f ve \u00e7\u0131k\u0131\u015flar\u0131n da kontrolleri s\u0131kla\u015ft\u0131ran polis ekipleri \u015f\u00fcpheli arac\u0131n yakalanmas\u0131 i\u00e7in geni\u015f \u00e7apl\u0131 soru\u015fturma ba\u015flatt\u0131.<\/p>\n<p style=\"text-align: justify;\"><a href=\"http:\/\/www.cnnturk.com\/2011\/turkiye\/09\/07\/komutanlar.malatyada.toplandi\/628525.0\/index.html\" target=\"_blank\">Kaynak : CNN T\u00dcRK<\/a><\/p>\n","protected":false},"excerpt":{"rendered":"<p style=\"text-align: justify;\">\n<p style=\"text-align: justify;\">Genelkurmay Ba\u015fkan\u0131 Orgeneral Necdet \u00d6zel ve Kuvvet Komutanlar\u0131 bu sabah Malatya\u2019ya gelerek 2. Ordu karargah\u0131nda toplant\u0131 yapt\u0131.<\/p>\n<p style=\"text-align: justify;\"> 2. Ordu Komutan\u0131 orgeneral Servet Y\u00f6r\u00fck\u2019ten brifing alan Orgeneral Necdet \u00d6zel ve Kuvvet Komutanlar\u0131 yakla\u015f\u0131k 3 saatlik toplant\u0131n\u0131n ard\u0131ndan bir a\u00e7\u0131klama yapmadan Malatya Erha\u00e7 havaalan\u0131na ge\u00e7ti. <\/p>\n","protected":false},"author":1,"featured_media":0,"comment_status":"open","ping_status":"open","sticky":false,"template":"","format":"standard","meta":{"footnotes":""},"categories":[105],"tags":[],"class_list":["post-39675","post","type-post","status-publish","format-standard","hentry","category-gundem","odd"],"_links":{"self":[{"href":"http:\/\/www.korhanyilmaz.com\/index.php?rest_route=\/wp\/v2\/posts\/39675","targetHints":{"allow":["GET"]}}],"collection":[{"href":"http:\/\/www.korhanyilmaz.com\/index.php?rest_route=\/wp\/v2\/posts"}],"about":[{"href":"http:\/\/www.korhanyilmaz.com\/index.php?rest_route=\/wp\/v2\/types\/post"}],"author":[{"embeddable":true,"href":"http:\/\/www.korhanyilmaz.com\/index.php?rest_route=\/wp\/v2\/users\/1"}],"replies":[{"embeddable":true,"href":"http:\/\/www.korhanyilmaz.com\/index.php?rest_route=%2Fwp%2Fv2%2Fcomments&post=39675"}],"version-history":[{"count":0,"href":"http:\/\/www.korhanyilmaz.com\/index.php?rest_route=\/wp\/v2\/posts\/39675\/revisions"}],"wp:attachment":[{"href":"http:\/\/www.korhanyilmaz.com\/index.php?rest_route=%2Fwp%2Fv2%2Fmedia&parent=39675"}],"wp:term":[{"taxonomy":"category","embeddable":true,"href":"http:\/\/www.korhanyilmaz.com\/index.php?rest_route=%2Fwp%2Fv2%2Fcategories&post=39675"},{"taxonomy":"post_tag","embeddable":true,"href":"http:\/\/www.korhanyilmaz.com\/index.php?rest_route=%2Fwp%2Fv2%2Ftags&post=39675"}],"curies":[{"name":"wp","href":"https:\/\/api.w.org\/{rel}","templated":true}]}}