{"id":39670,"date":"2011-09-07T18:02:38","date_gmt":"2011-09-07T15:02:38","guid":{"rendered":"http:\/\/www.korhanyilmaz.com\/?p=39670"},"modified":"2011-09-08T07:05:02","modified_gmt":"2011-09-08T04:05:02","slug":"metiner-ozur-diledi-cahiliye-donemim","status":"publish","type":"post","link":"http:\/\/www.korhanyilmaz.com\/?p=39670","title":{"rendered":"Metiner \u00f6z\u00fcr diledi: &#8220;Cahiliye d\u00f6nemim&#8221;"},"content":{"rendered":"<p><a href=\"http:\/\/www.korhanyilmaz.com\/wp-content\/uploads\/2011\/09\/5034.jpg\"  class=\"lightview\"><img loading=\"lazy\" decoding=\"async\" class=\"aligncenter size-full wp-image-39671\" title=\"\" src=\"http:\/\/www.korhanyilmaz.com\/wp-content\/uploads\/2011\/09\/5034.jpg\" alt=\"\" width=\"292\" height=\"224\" \/><\/a><\/p>\n<p>Gazeteci-yazar ve AK Parti Ad\u0131yaman Milletvekili Mehmet Metiner internette ortaya \u00e7\u0131kan ses kayd\u0131 ile ilgili olarak Ba\u015fbakan Erdo\u011fan&#8217;dan \u00f6z\u00fcr diledi.<\/p>\n<p style=\"text-align: justify;\">Ge\u00e7ti\u011fimiz g\u00fcnlerde, bir konu\u015fmas\u0131 internete d\u00fc\u015fen ve bu konu\u015fmada Ba\u015fbakan Erdo\u011fan hakk\u0131nda sert s\u00f6zler s\u00f6yleyen AK Parti Ad\u0131yaman Milletvekili Mehmet Metiner, \u00dclke TV Ana Haber\u2019de Mustafa Y\u0131ld\u0131z&#8217;\u0131n sorular\u0131n\u0131 yan\u0131tlad\u0131.<\/p>\n<p style=\"text-align: justify;\">Metiner, daha \u00f6nce yapt\u0131\u011f\u0131 konu\u015fmalar nedeniyle \u00f6z\u00fcr diledi ve &#8216;Cahiliye d\u00f6nemim&#8217; dedi. <!--more--><\/p>\n<p style=\"text-align: justify;\">Mehmet Metiner \u015funlar\u0131 s\u00f6yledi; &#8220;Herkesin bir cahiliye d\u00f6nemi vard\u0131r. Benim de cahiliye d\u00f6nemim o olsun. \u0130nsan sevdiklerine, sonradan pi\u015fman olaca\u011f\u0131 s\u00f6zler edebilir. Ben o laflar\u0131 yay\u0131nlad\u0131ktan sonra okudu\u011fumda s\u00f6yledi\u011fim s\u00f6zlerdir, \u00e7ok rahats\u0131z oldum. Say\u0131n Ba\u015fbakan\u0131n hi\u00e7 hak etmedi\u011fi s\u00f6zlerdir. Ben orada Say\u0131n Ba\u015fbakan\u0131n \u015fahs\u0131na kar\u015f\u0131 s\u00f6ylemi\u015f oldu\u011fum s\u00f6zlerden dolay\u0131 tabi ki pi\u015fman\u0131m, bin kez \u00f6z\u00fcr dilerim. Ama Hz. \u00d6mer, Hz. Ebubekir cahiliye d\u00f6nemiyle an\u0131lm\u0131yorsa Mehmet Metiner\u2019in de ve AK Parti\u2019de siyaset yapan partili arkada\u015flar\u0131m\u0131z\u0131n ge\u00e7mi\u015flerinde s\u00f6yledi\u011fi, pi\u015fmanl\u0131k duydu\u011fu s\u00f6zlerinden sigaya \u00e7ekilmemesine inan\u0131yorum.\u201d<\/p>\n<p style=\"text-align: justify;\"><strong>Ses kayd\u0131nda ne vard\u0131?<a href=\"http:\/\/www.korhanyilmaz.com\/?p=39414\"> <span style=\"background-color: #00ff00;\">&gt;&gt;<\/span><\/a><br \/>\n<\/strong><\/p>\n<p style=\"text-align: justify;\">AKP Ad\u0131yaman Milletvekili, gazeteci Mehmet Metiner\u2019e ait oldu\u011fu iddia edilen, Ba\u015fbakan Recep Tayyip Erdo\u011fan\u2019\u0131n K\u00fcrt politikas\u0131n\u0131n a\u011f\u0131r bi\u00e7imde ele\u015ftirildi\u011fi, Erdo\u011fan\u2019\u0131n antidemokratik yap\u0131s\u0131 nedeniyle bu sorunu \u00e7\u00f6zemeyece\u011finin belirtildi\u011fi bir ses kayd\u0131, \u201cyoutube\u201d adl\u0131 internet sitesine y\u00fcklenmi\u015fti. Metiner, kay\u0131t i\u00e7in, \u201cSes bana ait ama ifadeler de\u011fil. Bu PKK\u2019n\u0131n bir komplosu. Nas\u0131l yapt\u0131lar, HADEP\u2019de siyaset yapt\u0131\u011f\u0131m d\u00f6nemdeki konu\u015fmalar\u0131m\u0131 birle\u015ftirip mi bunu \u00fcrettiler bilmiyorum ama benim Ba\u015fbakan\u0131m\u0131 nas\u0131l savundu\u011fum, nas\u0131l destekledi\u011fimi herkes bilir. Su\u00e7 duyurusunda bulunaca\u011f\u0131m\u201d demi\u015fti.<\/p>\n<p style=\"text-align: justify;\"><a href=\"http:\/\/www.cnnturk.com\/2011\/turkiye\/09\/07\/metiner.ozur.diledi.cahiliye.donemim\/628551.0\/index.html\" target=\"_blank\">Kaynak : CNN T\u00dcRK<\/a><\/p>\n<hr style=\"width: 500px;\" width=\"500\" \/>\n<p>[flv]http:\/\/ciner.mncdn.net\/BCF6A26F0E66F1CD8C220BE3BBEEF489_c.mp4[\/flv]<\/p>\n","protected":false},"excerpt":{"rendered":"<\/p>\n<p>Gazeteci-yazar ve AK Parti Ad\u0131yaman Milletvekili Mehmet Metiner internette ortaya \u00e7\u0131kan ses kayd\u0131 ile ilgili olarak Ba\u015fbakan Erdo\u011fan&#8217;dan \u00f6z\u00fcr diledi.<\/p>\n<p style=\"text-align: justify;\">Ge\u00e7ti\u011fimiz g\u00fcnlerde, bir konu\u015fmas\u0131 internete d\u00fc\u015fen ve bu konu\u015fmada Ba\u015fbakan Erdo\u011fan hakk\u0131nda sert s\u00f6zler s\u00f6yleyen AK Parti Ad\u0131yaman Milletvekili Mehmet Metiner, \u00dclke TV Ana Haber\u2019de Mustafa Y\u0131ld\u0131z&#8217;\u0131n sorular\u0131n\u0131 yan\u0131tlad\u0131.<\/p>\n<p style=\"text-align: justify;\">Metiner, <\/p>\n","protected":false},"author":1,"featured_media":0,"comment_status":"open","ping_status":"open","sticky":false,"template":"","format":"standard","meta":{"footnotes":""},"categories":[105],"tags":[],"class_list":["post-39670","post","type-post","status-publish","format-standard","hentry","category-gundem","odd"],"_links":{"self":[{"href":"http:\/\/www.korhanyilmaz.com\/index.php?rest_route=\/wp\/v2\/posts\/39670","targetHints":{"allow":["GET"]}}],"collection":[{"href":"http:\/\/www.korhanyilmaz.com\/index.php?rest_route=\/wp\/v2\/posts"}],"about":[{"href":"http:\/\/www.korhanyilmaz.com\/index.php?rest_route=\/wp\/v2\/types\/post"}],"author":[{"embeddable":true,"href":"http:\/\/www.korhanyilmaz.com\/index.php?rest_route=\/wp\/v2\/users\/1"}],"replies":[{"embeddable":true,"href":"http:\/\/www.korhanyilmaz.com\/index.php?rest_route=%2Fwp%2Fv2%2Fcomments&post=39670"}],"version-history":[{"count":0,"href":"http:\/\/www.korhanyilmaz.com\/index.php?rest_route=\/wp\/v2\/posts\/39670\/revisions"}],"wp:attachment":[{"href":"http:\/\/www.korhanyilmaz.com\/index.php?rest_route=%2Fwp%2Fv2%2Fmedia&parent=39670"}],"wp:term":[{"taxonomy":"category","embeddable":true,"href":"http:\/\/www.korhanyilmaz.com\/index.php?rest_route=%2Fwp%2Fv2%2Fcategories&post=39670"},{"taxonomy":"post_tag","embeddable":true,"href":"http:\/\/www.korhanyilmaz.com\/index.php?rest_route=%2Fwp%2Fv2%2Ftags&post=39670"}],"curies":[{"name":"wp","href":"https:\/\/api.w.org\/{rel}","templated":true}]}}