{"id":39662,"date":"2011-09-07T14:38:56","date_gmt":"2011-09-07T11:38:56","guid":{"rendered":"http:\/\/www.korhanyilmaz.com\/?p=39662"},"modified":"2011-09-07T18:31:46","modified_gmt":"2011-09-07T15:31:46","slug":"sifir-sorun-politikasi-elde-var-sifiri-getirdi","status":"publish","type":"post","link":"http:\/\/www.korhanyilmaz.com\/?p=39662","title":{"rendered":"&#8216;S\u0131f\u0131r sorun politikas\u0131 elde var s\u0131f\u0131r\u0131 getirdi&#8217;"},"content":{"rendered":"<p style=\"text-align: center;\"><a href=\"http:\/\/www.korhanyilmaz.com\/wp-content\/uploads\/2011\/09\/5032.jpg\"  class=\"lightview\"><img loading=\"lazy\" decoding=\"async\" class=\"aligncenter size-full wp-image-39663\" src=\"http:\/\/www.korhanyilmaz.com\/wp-content\/uploads\/2011\/09\/5032.jpg\" alt=\"\" width=\"384\" height=\"254\" \/><\/a><\/p>\n<p style=\"text-align: justify;\">AYDIN &#8211; CHP lideri K\u0131l\u0131\u00e7daro\u011flu: T\u00fcrkiye&#8217;nin aleyhine \u00e7\u0131kan BM raporu d\u0131\u015f politika tarihimizin en a\u011f\u0131r hezimetlerinden birisi.<\/p>\n<p style=\"text-align: justify;\">Genel Ba\u015fkan\u0131 Kemal K\u0131l\u0131\u00e7daro\u011flu, &#8220;\u00d6ncelikle 1 Eyl\u00fcl 2011 tarihinde bas\u0131na s\u0131zd\u0131r\u0131lan, daha sonra Birle\u015fmi\u015f Milletler Genel Sekreteri\u2019nin onay\u0131yla resmile\u015fen Mavi Marmara raporunun \u0130srail\u2019in hak tan\u0131maz ve hukuk d\u0131\u015f\u0131 tutumlar\u0131n\u0131 me\u015frula\u015ft\u0131rmaktan ba\u015fka amac\u0131 olmad\u0131\u011f\u0131 apa\u00e7\u0131k g\u00f6r\u00fclmektedir&#8221; dedi.\u00a0<!--more--><\/p>\n<p style=\"text-align: justify;\"><a href=\"http:\/\/www.korhanyilmaz.com\/wp-content\/uploads\/2011\/09\/5033.jpg\"  class=\"lightview\"><img loading=\"lazy\" decoding=\"async\" class=\"alignleft size-full wp-image-39666\" style=\"margin-left: 10px; margin-right: 10px;\" src=\"http:\/\/www.korhanyilmaz.com\/wp-content\/uploads\/2011\/09\/5033.jpg\" alt=\"\" width=\"280\" height=\"200\" \/><\/a>Genel Ba\u015fkan K\u0131l\u0131\u00e7daro\u011flu, Ayd\u0131n\u2019\u0131n d\u00fc\u015fman i\u015fgalinden kurtulu\u015f t\u00f6renlerine kat\u0131ld\u0131ktan sonra Ayd\u0131n Belediyesinde d\u00fczenledi\u011fi bas\u0131n toplant\u0131s\u0131nda, Birle\u015fmi\u015f Milletler\u2019in Mavi Marmara raporunu de\u011ferlendirdi. \u0130srail devletinin &#8220;ortak insanl\u0131k de\u011ferlerini ve uluslararas\u0131 hukuk kurallar\u0131n\u0131 hi\u00e7e sayan menfur Mavi Marmara katliam\u0131&#8221;n\u0131n \u00fczerinden 15 ay ge\u00e7ti\u011fini belirten K\u0131l\u0131\u00e7daro\u011flu, \u015f\u00f6yle konu\u015ftu:<\/p>\n<p style=\"text-align: justify;\">&#8220;9 masum sivilin uluslararas\u0131 sularda katledildi\u011fi, bir \u00e7o\u011funun yaraland\u0131\u011f\u0131 ve insanl\u0131k d\u0131\u015f\u0131 muameleye maruz kald\u0131\u011f\u0131 bu sald\u0131r\u0131, T\u00fcrk ve d\u00fcnya kamuoyunun hakl\u0131 \u00f6fkesini \u00e7ekmi\u015ftir. Bilindi\u011fi \u00fczere, G\u00fcvenlik Konseyi\u2019nin \u00e7a\u011fr\u0131s\u0131 do\u011frultusunda Birle\u015fmi\u015f Milletler Genel Sekreteri\u2019nin konuyla ilgili olu\u015fturdu\u011fu soru\u015fturma panelinde g\u00fcya T\u00fcrkiye de yer almaktayd\u0131. Hal b\u00f6yleyken \u00f6ncelikle 1 Eyl\u00fcl 2011\u2019de bas\u0131na s\u0131zd\u0131r\u0131lan, daha sonra Birle\u015fmi\u015f Milletler Genel Sekreteri\u2019nin onay\u0131yla resmile\u015fen Mavi Marmara raporunun \u0130srail\u2019in hak tan\u0131maz ve hukuk d\u0131\u015f\u0131 tutumlar\u0131n\u0131 me\u015frula\u015ft\u0131rmaktan ba\u015fka bir amac\u0131 olmad\u0131\u011f\u0131 apa\u00e7\u0131k g\u00f6r\u00fclmektedir.&#8221;<\/p>\n<p style=\"text-align: justify;\">H\u00fck\u00fcmetin izledi\u011fi d\u0131\u015f politikan\u0131n sonucu olarak, &#8220;haks\u0131z ve insafs\u0131z Gazze ablukas\u0131 i\u00e7in \u0130srail\u2019in aray\u0131p da bulamad\u0131\u011f\u0131 hukuki ve me\u015fru dayana\u011f\u0131n Birle\u015fmi\u015f Milletler raporu yoluyla \u0130srail devletine adeta hediye edildi\u011fini&#8221; ileri s\u00fcren K\u0131l\u0131\u00e7daro\u011flu, \u015funlar\u0131 kaydetti:<\/p>\n<p style=\"text-align: justify;\">&#8220;Elimizdeki tek ger\u00e7ek maalesef bundan ibarettir. \u0130nsafs\u0131z ve haks\u0131z Gazze ablukas\u0131n\u0131 insani nedenlerle reddeden ve bu insanl\u0131k dram\u0131n\u0131 insanl\u0131\u011f\u0131n ortak ac\u0131s\u0131 olarak g\u00f6ren milletimizi geldi\u011fimiz bu noktada bir kez daha d\u00fc\u015f\u00fcnmeye davet ediyorum. Ge\u00e7mi\u015ften beri Ortado\u011fu siyasetinin en \u00f6nemli akt\u00f6r\u00fc olan T\u00fcrkiye Cumhuriyeti devletinin sergiledi\u011fi bu diplomatik kifayetsizli\u011fin nedenlerinin \u00e7ok iyi tahlil edilmesi gerekmektedir. \u0130srail\u2019in Gazze ablukas\u0131n\u0131 g\u00fcya gayrime\u015fru ve etkisiz k\u0131lmaya niyetlenip \u00fcstelik bir de Birle\u015fmi\u015f Milletler marifetiyle bu ablukan\u0131n me\u015fruiyetini ve hukukili\u011fini tescil ettirmekten ba\u015fka sonu\u00e7 elde edemeyen bir d\u0131\u015f politikaya ba\u015far\u0131l\u0131 denebilir mi? Bu olay\u0131n ba\u015f\u0131ndan beri T\u00fcrkiye devaml\u0131 kaybeden taraft\u0131r. T\u00fcrkiye, can ve mal kaybetmi\u015ftir. T\u00fcrkiye, hukuk m\u00fccadelesini kaybetmi\u015ftir. T\u00fcrkiye, itibar kaybetmi\u015ftir. T\u00fcrkiye\u2019yle beraber Gazze de kaybetmi\u015ftir.&#8221;<\/p>\n<p style=\"text-align: justify;\"><strong>&#8220;ABLUKA DAHA DA KESK\u0130NLE\u015eT\u0130&#8221;\u00a0<\/strong><\/p>\n<p style=\"text-align: justify;\">K\u0131l\u0131\u00e7daro\u011flu, &#8220;\u0130srail\u2019in Gazze\u2019ye uygulad\u0131\u011f\u0131 haks\u0131z ablukan\u0131n h\u00fck\u00fcmetin ba\u015far\u0131s\u0131z d\u0131\u015f politikas\u0131 y\u00fcz\u00fcnden zerre kadar zay\u0131flamad\u0131\u011f\u0131n\u0131 aksine daha da keskinle\u015fti\u011fini&#8221; ileri s\u00fcrd\u00fc.<\/p>\n<p style=\"text-align: justify;\">&#8220;D\u00fcnya kamuoyunun b\u00fcy\u00fck deste\u011fine ra\u011fmen T\u00fcrkiye\u2019nin ve dolay\u0131s\u0131yla Gazze\u2019nin aleyhinde \u00e7\u0131kan bu rapor, d\u0131\u015f politika tarihimizin en a\u011f\u0131r hezimetlerinden birisidir&#8221; diyen K\u0131l\u0131\u00e7daro\u011flu, \u015f\u00f6yle devam etti: &#8220;Say\u0131n D\u0131\u015fi\u015fleri Bakan\u0131\u2019n\u0131n a\u00e7\u0131klamalar\u0131 bu hezimeti halk\u0131n g\u00f6z\u00fcnden ka\u00e7\u0131rmaktan ba\u015fka bir amaca hizmet etmemektedir. Bakan\u0131n a\u00e7\u0131klad\u0131\u011f\u0131 s\u00f6zde m\u00fceyyidelerin T\u00fcrk kamuoyunu aldatma d\u0131\u015f\u0131nda hi\u00e7bir fonksiyonu yoktur. Say\u0131n Bakan ve h\u00fck\u00fcmet, bu a\u00e7\u0131klamalar\u0131n \u0130srail \u00fczerindeki etkisinden \u00e7ok T\u00fcrk kamuoyu \u00fczerindeki etkisiyle me\u015fguld\u00fcrler.&#8221;<\/p>\n<p style=\"text-align: justify;\">BM Raporu\u2019nun Gazze\u2019ye uygulanan ambargoyu hukukile\u015ftirdi\u011fini ve me\u015frula\u015ft\u0131rd\u0131\u011f\u0131n\u0131 s\u00f6yleyen K\u0131l\u0131\u00e7daro\u011flu, \u015funlar\u0131 s\u00f6yledi:<\/p>\n<p style=\"text-align: justify;\">&#8220;\u0130srail bundan sonra T\u00fcrkiye\u2019den \u00f6z\u00fcr de dilese tazminat da \u00f6dese bu ger\u00e7ek de\u011fi\u015fmeyecektir. \u0130srail alaca\u011f\u0131n\u0131 alm\u0131\u015ft\u0131r. Say\u0131n Cumhurba\u015fkan\u0131 \u2019bu rapor bizim i\u00e7in yok h\u00fckm\u00fcndedir\u2019 diyorlar. Nas\u0131l oluyor bu? T\u00fcrkiye\u2019nin temsilcisi say\u0131n Sanberk o komisyonun bir \u00fcyesi de\u011fil miydi? Ancak T\u00fcrkiye\u2019nin imzas\u0131yla hukuki nitelik kazanm\u0131\u015f olan bu rapor nas\u0131l yok h\u00fckm\u00fcnde olabiliyor? Kald\u0131 ki yap\u0131lan a\u00e7\u0131klamadan g\u00f6r\u00fcld\u00fc\u011f\u00fc \u00fczere bu rapor say\u0131n D\u0131\u015fi\u015fleri Bakan\u0131 i\u00e7in yok h\u00fckm\u00fcnde de\u011fildir. \u00c7\u00fcnk\u00fc say\u0131n bakan raporun bir k\u0131s\u0131m tespitlerini kendi tezlerine referans olarak kullanm\u0131\u015f ve raporu me\u015frula\u015ft\u0131rm\u0131\u015ft\u0131r. Bu bir diplomatik garabettir. \u00d6te yandan, say\u0131n bakan\u0131n a\u00e7\u0131klad\u0131\u011f\u0131 m\u00fceyyideler sembolik bir de\u011fer ta\u015f\u0131maktad\u0131r. T\u00fcrkiye-\u0130srail ticari ili\u015fkilerine ili\u015fkin neden en k\u00fc\u00e7\u00fck bir m\u00fceyyide d\u00fc\u015f\u00fcn\u00fclmedi\u011fini h\u00fck\u00fcmet a\u00e7\u0131klamal\u0131d\u0131r. Say\u0131n Ba\u015fbakan d\u00fcn \u0130srail ile ticari ili\u015fkilerin de dondurulaca\u011f\u0131n\u0131 a\u00e7\u0131klad\u0131. Ancak daha sonra Ba\u015fbakanl\u0131k, ticari ili\u015fkilerin dondurulmayaca\u011f\u0131n\u0131 s\u00f6yledi. Yani Ba\u015fbakan\u2019\u0131 Ba\u015fbakanl\u0131k d\u00fczeltti.&#8221;<\/p>\n<p style=\"text-align: justify;\"><strong>&#8220;SOKA\u011eIN \u00d6NCEL\u0130KLER\u0130YLE S\u0130YASET YAPILAMAZ&#8221;\u00a0<\/strong><\/p>\n<p style=\"text-align: justify;\">K\u0131l\u0131\u00e7daro\u011flu, D\u0131\u015fi\u015fleri Bakan\u0131 ve h\u00fck\u00fcmetin bir hususa daha a\u00e7\u0131kl\u0131k getirmesi gerekti\u011fini ifade ederek, \u015f\u00f6yle konu\u015ftu:<\/p>\n<p style=\"text-align: justify;\">&#8220;Bu raporun kamuoyuna s\u0131zd\u0131r\u0131lmas\u0131yla ayn\u0131 tarihe denk gelen T\u00fcrkiye\u2019ye f\u00fcze kalkan\u0131 konu\u015fland\u0131r\u0131lmas\u0131n\u0131n kabul\u00fc aras\u0131nda ili\u015fki var m\u0131d\u0131r? H\u00fck\u00fcmet f\u00fcze kalkan\u0131 projesine \u2019evet\u2019 derken BM Raporu\u2019ndan haberdar m\u0131yd\u0131 de\u011fil miydi? Bir yandan \u0130srail\u2019le askeri i\u015f birli\u011fi anla\u015fmalar\u0131n\u0131n ask\u0131ya al\u0131naca\u011f\u0131n\u0131 ifade ediyorsunuz, di\u011fer yandan \u0130srail\u2019in g\u00fcvenli\u011fini sa\u011flamaya d\u00f6n\u00fck oldu\u011fu ba\u015ftan deklare edilen f\u00fcze kalkan\u0131 projesine \u2019evet\u2019 diyorsunuz, neden, \u2019cambaza bak\u2019 demekten bu millet b\u0131kmad\u0131 m\u0131? Asl\u0131nda siz a\u00e7\u0131k\u00e7a milleti kand\u0131r\u0131yorsunuz, \u0130srail\u2019in g\u00fcvenli\u011fini T\u00fcrkiye olarak garantiye alm\u0131\u015f oluyorsunuz. Say\u0131n Ba\u015fbakan\u2019\u0131n g\u00fcndeminde pop\u00fclizm yapaca\u011f\u0131 Arap Soka\u011f\u0131 diye yeni bir siyasi muhatap olu\u015ftu.Arap Soka\u011f\u0131, Ba\u015fbakan\u2019\u0131n d\u0131\u015f politikas\u0131n\u0131n birinci \u00f6nceli\u011fi haline geldi. Arap karde\u015flerimizin hissiyat\u0131 bizim i\u00e7in \u00f6nceliklidir. Ama soka\u011f\u0131n \u00f6ncelikleriyle siyaset yap\u0131lamaz. \u00dcz\u00fclerek ifade edeyim ki say\u0131n D\u0131\u015fi\u015fleri Bakan\u0131 da Ba\u015fbakan\u2019\u0131n d\u00fcmen suyunda gidiyor. Oysa d\u0131\u015fi\u015fleri bakanlar\u0131 itfaiyeci gibidirler, yang\u0131n \u00e7\u0131karmazlar, yang\u0131n\u0131 s\u00f6nd\u00fcr\u00fcrler, \u00f6yle olmas\u0131 gerekir.&#8221;<\/p>\n<p style=\"text-align: justify;\">K\u0131l\u0131\u00e7daro\u011flu, Ba\u015fbakan Recep Tayyip Erdo\u011fan\u2019\u0131n Gazze\u2019ye gidece\u011fini s\u00f6yledi\u011fini ifade ederek, \u015funlar\u0131 kaydetti: &#8220;Gitsin elbette, gitmesin demiyorum. Ama neyi de\u011fi\u015ftirecek bu gezi, Say\u0131n Ba\u015fbakan bunu a\u00e7\u0131klas\u0131n. Recep Tayyip Erdo\u011fan hala temel hatas\u0131nda \u0131srar ediyor ve soka\u011fa oynuyor. Birle\u015fmi\u015f Milletler raporuyla T\u00fcrkiye\u2019ye ve Gazze\u2019ye ya\u015fatt\u0131\u011f\u0131 hezimeti Gazze sokaklar\u0131n\u0131n co\u015fkusuyla \u00f6rtmeye \u00e7al\u0131\u015faca\u011f\u0131n\u0131 umuyor. \u015eimdi Ba\u015fbakan\u2019a soruyorum, bu raporu haz\u0131rlayan soru\u015fturma panelinin kurulmas\u0131n\u0131 sen istedin mi, istedin, oraya devletin en k\u0131demli memurlar\u0131ndan birini temsilci olarak atad\u0131n m\u0131, atad\u0131n, 5 Aral\u0131k 2010\u2019dan beri \u0130srail\u2019le gizli m\u00fczakereler y\u00fcr\u00fctm\u00fcyor musun, y\u00fcr\u00fct\u00fcyorsun, bu m\u00fczakerelerin sonucu sana aktar\u0131lmad\u0131 m\u0131, aktar\u0131ld\u0131, b\u00f6yle bir rapor \u00e7\u0131kabilece\u011fi konusunda d\u0131\u015fi\u015fleri m\u00fcste\u015far\u0131n\u0131z sizi uyarmad\u0131 m\u0131, uyard\u0131. O zaman ne diye bu raporu kendi elinle, kendi temsilcinle tamamlatt\u0131r\u0131yorsun? \u00c7ekersin temsilcini ve hi\u00e7 de\u011filse \u0130srail lehinde bir belgenin olu\u015fumunu engellersin.&#8221;<\/p>\n<p style=\"text-align: justify;\"><strong>\u2018SANBERK G\u00dcNAH KE\u00c7\u0130S\u0130 YAPILDI\u2019\u00a0<\/strong><\/p>\n<p style=\"text-align: justify;\">K\u0131l\u0131\u00e7daro\u011flu, &#8220;Say\u0131n Sanberk\u2019i se\u00e7en h\u00fck\u00fcmet, resmen tayin eden h\u00fck\u00fcmet, talimatland\u0131ran ve d\u0131\u015fi\u015fleri m\u00fcste\u015far\u0131yla birlikte m\u00fczakereye yetkilendiren h\u00fck\u00fcmet ve bizatihi m\u00fczakereleri takip eden D\u0131\u015fi\u015fleri Bakan\u0131. Peki kimden \u015fikayet ediyor? Sanberk kendisine ne talimat verildiyse onu yerine getirdi, \u015fimdi g\u00fcnah ke\u00e7isi yap\u0131l\u0131yor&#8221; diye konu\u015ftu.<\/p>\n<p style=\"text-align: justify;\"><strong>\u2018CANLARINI VERENLER\u0130N RUHU \u0130NC\u0130ND\u0130\u2019\u00a0<\/strong><\/p>\n<p style=\"text-align: justify;\">&#8220;H\u00fck\u00fcmetin Gazze ablukas\u0131n\u0131 kendi eliyle me\u015frula\u015ft\u0131rd\u0131\u011f\u0131n\u0131&#8221; ileri s\u00fcren K\u0131l\u0131\u00e7daro\u011flu, \u015funlar\u0131 s\u00f6yledi: &#8220;O ablukay\u0131 delmek i\u00e7in canlar\u0131n\u0131 veren vatanda\u015flar\u0131m\u0131z\u0131n ruhu incitilmi\u015ftir. Peki ne yap\u0131lmal\u0131yd\u0131? \u015eayet \u0130srail\u2019e m\u00fceyyide uygulanacaksa hi\u00e7 bu yola ba\u015fvurmadan evvel uygulanmal\u0131yd\u0131. D\u00fcnya kamuoyunun yeterli deste\u011fi vard\u0131. T\u00fcrkiye, \u0130srail \u00fczerinde fiili bir bask\u0131 kurabilir etkili de olurdu. O zaman \u0130srail\u2019in eli zay\u0131ft\u0131. \u015eimdi ise \u0130srail\u2019in eli g\u00fc\u00e7lendirilmi\u015ftir, hem de bizim h\u00fck\u00fcmetimiz taraf\u0131ndan g\u00fc\u00e7lendirilmi\u015ftir. Say\u0131n Ba\u015fbakan\u2019\u0131n macera aray\u0131\u015flar\u0131 T\u00fcrkiye\u2019yi bu noktaya getirmi\u015ftir. T\u00fcrkiye Cumhuriyeti tarihinde demokrasi bilincinden ve terbiyesinden bu kadar uzak, d\u0131\u015f politikay\u0131 bu kadar karanl\u0131k dehlizlerde y\u00fcr\u00fcten, hi\u00e7bir \u015feffafl\u0131\u011f\u0131 olmayan bir ba\u015fka h\u00fck\u00fcmet yoktur.&#8221;<\/p>\n<p style=\"text-align: justify;\"><strong>\u2018HEM SUR\u0130YE HEM \u0130SRA\u0130L\u2019E SAVA\u015e NOKTASINA GEL\u0130ND\u0130\u2019\u00a0<\/strong><\/p>\n<p style=\"text-align: justify;\">K\u0131l\u0131\u00e7daro\u011flu, &#8220;D\u0131\u015fi\u015fleri Bakan\u0131\u2019n\u0131n muhalefet partilerini talimatland\u0131rmay\u0131 ihmal etmedi\u011fini&#8221; kaydederek, \u015f\u00f6yle devam etti:<\/p>\n<p style=\"text-align: justify;\">&#8220;Siz T\u00fcrkiye\u2019nin itibar\u0131n\u0131, sayg\u0131nl\u0131\u011f\u0131n\u0131, b\u00f6lgedeki etkinli\u011fini sa\u00e7ma sapan politikalar\u0131n\u0131zla Akdeniz\u2019in sular\u0131na g\u00f6m\u00fcn, biz size alk\u0131\u015f tutal\u0131m, bu olacak \u015fey mi? Ne zaman bizi bilgilendirdiniz? Gizli, a\u00e7\u0131k bir toplant\u0131yla ne zaman parlamentoyu bilgilendirdiniz ki \u015fimdi arkan\u0131zda durmam\u0131z\u0131 istiyorsunuz. Siz ulusal \u00e7\u0131karlar\u0131m\u0131zla b\u00f6ylesine acemice oynarken g\u00f6rmeyece\u011fiz, duymayaca\u011f\u0131z, sesimizi \u00e7\u0131karmayaca\u011f\u0131z \u00f6yle mi? Tam aksine yanl\u0131\u015fa \u2019yanl\u0131\u015f\u2019 diyece\u011fiz, halk\u0131m\u0131z\u0131 do\u011fru bilgilendirece\u011fiz. Bir hafta \u00f6nce Suriye ile sava\u015f noktas\u0131na gelen T\u00fcrkiye, bir hafta sonra \u0130srail\u2019le ayn\u0131 noktaya geldi. Bu abs\u00fcrt bir durumdur, bir garabettir. B\u00fct\u00fcn bu i\u015fler, parlamentoya bilgi verme ihtiyac\u0131 duyulmadan yap\u0131lmaktad\u0131r. Oysa parlamentoya bilgi vermek demokratik bir mecburiyettir. Nas\u0131l oluyor da her hafta bir ba\u015fka \u00fclke ile sava\u015f durumuna geliyoruz? Bunun hesab\u0131 verilmeli, a\u00e7\u0131klamas\u0131 yap\u0131lmal\u0131d\u0131r. Bize g\u00f6re Gazze ablukas\u0131, \u0130srail-Filistin b\u00fcy\u00fck sorununun alt k\u00fcmelerinden birisidir. Ana sorun \u00e7\u00f6z\u00fclmeden ne abluka sorunu \u00e7\u00f6z\u00fclebilir ne de \u0130srail\u2019in Bat\u0131 \u015eeria ve Golan\u2019daki haks\u0131z i\u015fgali sona erdirilebilir. T\u00fcrkiye\u2019nin as\u0131l yapmas\u0131 gereken, Ortado\u011fu\u2019daki sorunlar\u0131n anas\u0131 olan \u0130srail-Filistin sorununun \u00e7\u00f6z\u00fcm\u00fcne katk\u0131da bulunmak hatta aktif ara bulucu olmakt\u0131r. Gelinen noktada T\u00fcrkiye bu imkan\u0131 kaybetmi\u015ftir.&#8221;<\/p>\n<p style=\"text-align: justify;\"><strong>&#8220;SIFIR SORUNDAN ELDE VAR SIFIRA&#8221;\u00a0<\/strong><\/p>\n<p style=\"text-align: justify;\">T\u00fcrkiye\u2019nin d\u0131\u015f politikas\u0131n\u0131n salt Gazze\u2019ye endekslenemeyece\u011fini, b\u00f6yle bir durumun T\u00fcrkiye\u2019yi bloke edip yap\u0131c\u0131 rol oynamaktan uzakla\u015ft\u0131raca\u011f\u0131n\u0131&#8221; ifade eden K\u0131l\u0131\u00e7daro\u011flu, konu\u015fmas\u0131n\u0131 \u015f\u00f6yle tamamlad\u0131: &#8220;Oysa T\u00fcrkiye\u2019nin menfaati Filistin meselesinin adil bir \u00e7\u00f6z\u00fcme ula\u015ft\u0131r\u0131lmas\u0131d\u0131r. Taraf haline gelen T\u00fcrkiye\u2019ye ne Gazze\u2019nin ne de b\u00f6lgenin ihtiyac\u0131 vard\u0131r. AKP h\u00fck\u00fcmetinin pop\u00fclizm hevesine kurban etti\u011fi T\u00fcrk d\u0131\u015f politikas\u0131n\u0131n geldi\u011fi durum hakk\u0131nda herkesi bir kez daha d\u00fc\u015f\u00fcnmeye davet ediyorum. Kom\u015fularla s\u0131f\u0131r sorun slogan\u0131yla yola \u00e7\u0131kan AKP h\u00fck\u00fcmetinin sayesinde Ortado\u011fu\u2019dan Kafkaslar\u2019a kadar T\u00fcrkiye\u2019nin sorun ya\u015famad\u0131\u011f\u0131 bir \u00fclke hemen hemen kalmad\u0131. T\u00fcrkiye, t\u0131pk\u0131 Suriye \u00f6rne\u011finde oldu\u011fu gibi, neredeyse ebedi karde\u015f ve dost ilan etti\u011fi, ba\u015fbakan\u0131n devlet ba\u015fkan\u0131yla kol kola gezdi\u011fi bir \u00fclkeye kar\u015f\u0131 bir ay i\u00e7inde sava\u015f imas\u0131nda bulunabilecek kadar tutars\u0131z bir g\u00f6r\u00fcnt\u00fc vermektedir. AKP\u2019nin T\u00fcrkiye\u2019yi s\u00f6z\u00fcne g\u00fcvenilmez, s\u00f6z\u00fc dinlenmez ve ne dedi\u011fi belli olmayan bir \u00fclke konumuna d\u00fc\u015f\u00fcrmeye hi\u00e7 mi hi\u00e7 hakk\u0131 yoktur. AKP\u2019nin kom\u015fularla s\u0131f\u0131r sorun politikas\u0131, \u00e7ok k\u0131sa s\u00fcrede elde var s\u0131f\u0131r politikas\u0131na d\u00f6n\u00fc\u015fm\u00fc\u015ft\u00fcr. AKP h\u00fck\u00fcmeti bu kafayla giderse T\u00fcrkiye kaybetmeye devam edecektir.&#8221;<\/p>\n<p style=\"text-align: justify;\"><a href=\"http:\/\/www.radikal.com.tr\/Radikal.aspx?aType=RadikalDetayV3&amp;ArticleID=1062594&amp;Date=07.09.2011&amp;CategoryID=78\" target=\"_blank\">Kaynak : Radikal.com.tr<\/a><\/p>\n","protected":false},"excerpt":{"rendered":"<p style=\"text-align: center;\">\n<p style=\"text-align: justify;\">AYDIN &#8211; CHP lideri K\u0131l\u0131\u00e7daro\u011flu: T\u00fcrkiye&#8217;nin aleyhine \u00e7\u0131kan BM raporu d\u0131\u015f politika tarihimizin en a\u011f\u0131r hezimetlerinden birisi.<\/p>\n<p style=\"text-align: justify;\">Genel Ba\u015fkan\u0131 Kemal K\u0131l\u0131\u00e7daro\u011flu, &#8220;\u00d6ncelikle 1 Eyl\u00fcl 2011 tarihinde bas\u0131na s\u0131zd\u0131r\u0131lan, daha sonra Birle\u015fmi\u015f Milletler Genel Sekreteri\u2019nin onay\u0131yla resmile\u015fen Mavi Marmara raporunun \u0130srail\u2019in hak tan\u0131maz ve hukuk d\u0131\u015f\u0131 tutumlar\u0131n\u0131 me\u015frula\u015ft\u0131rmaktan ba\u015fka <\/p>\n","protected":false},"author":1,"featured_media":0,"comment_status":"open","ping_status":"open","sticky":false,"template":"","format":"standard","meta":{"footnotes":""},"categories":[105],"tags":[],"class_list":["post-39662","post","type-post","status-publish","format-standard","hentry","category-gundem","odd"],"_links":{"self":[{"href":"http:\/\/www.korhanyilmaz.com\/index.php?rest_route=\/wp\/v2\/posts\/39662","targetHints":{"allow":["GET"]}}],"collection":[{"href":"http:\/\/www.korhanyilmaz.com\/index.php?rest_route=\/wp\/v2\/posts"}],"about":[{"href":"http:\/\/www.korhanyilmaz.com\/index.php?rest_route=\/wp\/v2\/types\/post"}],"author":[{"embeddable":true,"href":"http:\/\/www.korhanyilmaz.com\/index.php?rest_route=\/wp\/v2\/users\/1"}],"replies":[{"embeddable":true,"href":"http:\/\/www.korhanyilmaz.com\/index.php?rest_route=%2Fwp%2Fv2%2Fcomments&post=39662"}],"version-history":[{"count":0,"href":"http:\/\/www.korhanyilmaz.com\/index.php?rest_route=\/wp\/v2\/posts\/39662\/revisions"}],"wp:attachment":[{"href":"http:\/\/www.korhanyilmaz.com\/index.php?rest_route=%2Fwp%2Fv2%2Fmedia&parent=39662"}],"wp:term":[{"taxonomy":"category","embeddable":true,"href":"http:\/\/www.korhanyilmaz.com\/index.php?rest_route=%2Fwp%2Fv2%2Fcategories&post=39662"},{"taxonomy":"post_tag","embeddable":true,"href":"http:\/\/www.korhanyilmaz.com\/index.php?rest_route=%2Fwp%2Fv2%2Ftags&post=39662"}],"curies":[{"name":"wp","href":"https:\/\/api.w.org\/{rel}","templated":true}]}}