{"id":39658,"date":"2011-09-07T17:07:31","date_gmt":"2011-09-07T14:07:31","guid":{"rendered":"http:\/\/www.korhanyilmaz.com\/?p=39658"},"modified":"2011-09-07T17:51:53","modified_gmt":"2011-09-07T14:51:53","slug":"erdogan-kilicdarogluna-ates-puskurdu","status":"publish","type":"post","link":"http:\/\/www.korhanyilmaz.com\/?p=39658","title":{"rendered":"Erdo\u011fan K\u0131l\u0131\u00e7daro\u011flu&#8217;na ate\u015f p\u00fcsk\u00fcrd\u00fc"},"content":{"rendered":"<p style=\"text-align: center;\"><a href=\"http:\/\/www.korhanyilmaz.com\/wp-content\/uploads\/2011\/09\/5031.jpg\"  class=\"lightview\"><img loading=\"lazy\" decoding=\"async\" class=\"aligncenter size-full wp-image-39659\" src=\"http:\/\/www.korhanyilmaz.com\/wp-content\/uploads\/2011\/09\/5031.jpg\" alt=\"\" width=\"437\" height=\"245\" \/><\/a><\/p>\n<p style=\"text-align: justify;\">Ba\u015fbakan Recep Tayyip Erdo\u011fan, CHP Lideri Kemal K\u0131l\u0131\u00e7daro\u011flu\u2019nun h\u00fck\u00fcmetin \u0130srail konusunda att\u0131\u011f\u0131 ad\u0131mlara y\u00f6nelik ele\u015ftirilerine sert \u00e7\u0131kt\u0131. Erdo\u011fan, &#8220;\u00d6nce ana muhalefet partisinin genel ba\u015fkan\u0131 \u0130srail\u2019in avukatl\u0131\u011f\u0131n\u0131 b\u0131raks\u0131n kendi partisinin s\u00f6zc\u00fcs\u00fc olsun&#8221; dedi.<!--more--><\/p>\n<p style=\"text-align: justify;\">Erdo\u011fan, AKP Genel Merkezi \u00f6n\u00fcnde bas\u0131n mensuplar\u0131n\u0131n sorular\u0131n\u0131 yan\u0131tlad\u0131. \u0130srail\u2019e yapt\u0131r\u0131mlar konusunda C Plan\u0131\u2019n\u0131n ne olaca\u011f\u0131 y\u00f6n\u00fcndeki soruya bu t\u00fcr \u015feyler a\u00e7\u0131kland\u0131\u011f\u0131 zaman stratejinin anlam\u0131n\u0131n ortadan kalkaca\u011f\u0131 yan\u0131t\u0131n\u0131 veren Erdo\u011fan, anamuhalefet partisi Lideri Kemal K\u0131l\u0131\u00e7daro\u011flu\u2019na y\u00fcklendi. Erdo\u011fan, \u015funlar\u0131 s\u00f6yledi:<\/p>\n<p style=\"text-align: justify;\">&#8220;Stratejiler vard\u0131r taktikler vard\u0131r. Ayn\u0131 \u015fekilde s\u00fcre\u00e7te de bu t\u00fcr bir uzun vadeli plan\u0131n ara planlar\u0131 vard\u0131r. Bunlar\u0131n hepsini uygulama s\u00fcreci i\u00e7erisinde ortaya koyaca\u011f\u0131z. Bu konuda kararl\u0131y\u0131z bir defa kararl\u0131l\u0131\u011f\u0131m\u0131z kesinlikle bilinmelidir ve bu kararl\u0131\u011f\u0131m yani \u015fu anda ana muhalefet partisinin halini g\u00f6r\u00fcyorsunuz. Birisi \u00e7\u0131k\u0131yor bir ba\u015fka t\u00fcrl\u00fc konu\u015fuyor, genel ba\u015fkanlar\u0131 \u00e7\u0131k\u0131yor bir ba\u015fka t\u00fcrl\u00fc konu\u015fuyor. B\u00f6yle siyaset olmaz. Yani \u00f6nce ana muhalefet partisinin genel ba\u015fkan\u0131 \u0130srail\u2019in avukatl\u0131\u011f\u0131n\u0131 b\u0131raks\u0131n kendi partisinin s\u00f6zc\u00fcs\u00fc olsun. Kendi partisinin program\u0131n\u0131 a\u00e7\u0131klas\u0131n, kendi partisinin d\u0131\u015f politika anlay\u0131\u015f\u0131n\u0131 s\u00f6ylesin. \u0130srail\u2019in avukatl\u0131\u011f\u0131na soyunan bir ana muhalefet bu \u00fclkede siyaset yapamaz. Benim milletim de onlara hi\u00e7bir zaman prim vermez. Bu kadar a\u00e7\u0131k ve nettir.&#8221;<\/p>\n<p style=\"text-align: justify;\"><strong>BU SULARDA TAR\u0130HTE B\u0130Z VARDIK YARIN DA OLACA\u011eIZ\u00a0<\/strong><\/p>\n<p style=\"text-align: justify;\">Erdo\u011fan, \u0130srail\u2019e yapt\u0131r\u0131mlar aras\u0131nda yer alan Seyr\u00fcsefer serbestisinin d\u0131\u015f bas\u0131nda da geni\u015f yank\u0131lar buldu\u011funun hat\u0131rlat\u0131lmas\u0131 ve bu konuda ne t\u00fcr ad\u0131mlar at\u0131laca\u011f\u0131n\u0131n sorulmas\u0131 \u00fczerine, &#8220;Biliyorsunuz Akdeniz\u2019de uluslararas\u0131 sular var. Bu sularda bug\u00fcne kadar hep bunlar cirit at\u0131yordu ve T\u00fcrk gemilerini \u00f6zellikle m\u00fcnhas\u0131r ekonomik alanlar olmak suretiyle buralarda \u00e7ok daha s\u0131k g\u00f6rece\u011fiz s\u0131k g\u00f6receksiniz ve gemilerimiz s\u00fcrekli oralarda tabi sivil gemiler zaten oradan ge\u00e7iyorlar, oluyorlar ama bundan sonra askeri gemilerimiz gerek Aksaz\u2019dan gerek \u0130skenderun Mersin\u2019den de bu denizlerde bu sularda g\u00f6r\u00fcnecekler, bulunacaklar. Olay\u0131n getirisi g\u00f6t\u00fcr\u00fcs\u00fc ne olur ne olmaz bunlar\u0131n hepsinin hesab\u0131 yap\u0131lm\u0131\u015ft\u0131r ama bu sularda tarihte biz vard\u0131k bug\u00fcn de var\u0131z yar\u0131n da olaca\u011f\u0131z&#8221; dedi.<\/p>\n<p style=\"text-align: justify;\"><strong>DAHA \u00c7OK TEPK\u0130LER\u0130 OLACAK\u00a0<\/strong><\/p>\n<p style=\"text-align: justify;\">Ba\u015fbakan Erdo\u011fan d\u00fcn konuyla ilgili yapt\u0131\u011f\u0131 a\u00e7\u0131klamada savunma sanayi noktas\u0131nda ticari ili\u015fkilerin tepkilere yol a\u00e7t\u0131\u011f\u0131n\u0131n hat\u0131rlat\u0131lmas\u0131 \u00fczerine ise &#8220;Daha \u00e7ok tepkileri olacakt\u0131r&#8221; yan\u0131t\u0131n\u0131 verdi. Erdo\u011fan, \u015f\u00f6yle devam etti:<\/p>\n<p style=\"text-align: justify;\">&#8220;Benim \u00f6zellikle s\u00f6yledi\u011fim savunma sanayine y\u00f6nelik bu konuda at\u0131lan ad\u0131mlar bak\u0131n savunma sanayi noktas\u0131nda da \u015fu ana kadar aram\u0131zdaki anla\u015fmalara sadakatleri yoktur yani bu noktada her taraf\u0131 d\u00f6k\u00fcl\u00fcyor bunlar\u0131n. Mesela insans\u0131z hava ara\u00e7lar\u0131 al\u0131nm\u0131\u015ft\u0131r. \u0130nsans\u0131z hava ara\u00e7lar\u0131n\u0131n bak\u0131m\u0131 ile alakal\u0131 geri g\u00f6nderilmi\u015ftir. Aram\u0131zdaki bu s\u0131k\u0131nt\u0131lar sebebiyle \u0130HA\u2019lar\u0131 hala bak\u0131m\u0131n\u0131 yap\u0131p geri g\u00f6ndermemi\u015flerdir. Bunlar ahlaki midir siz birisiyle yani aran\u0131zda s\u0131k\u0131nt\u0131lar k\u0131rg\u0131nl\u0131klar olabilir. B\u00fct\u00fcn bunlar olabilir ama uluslararas\u0131 anla\u015fmalarda bir uluslar aras\u0131 ticari ahlak vard\u0131r bu ahlak\u0131n kurallar\u0131na uyars\u0131n\u0131z. \u015eunu da s\u00f6yleyeyim bunun bedeli 15 milyon dolar olurmu\u015f, 150 milyon dolar olurmu\u015f T\u00fcrkiye olarak biz buna da de\u011fer vermeyiz yeri geldi\u011fi zaman. Bizim i\u00e7in \u00f6nemli olan kendi onurumuzu gururumuzu kimseye \u00e7i\u011fnetmemektir. Bunun bedeli yoktur.&#8221;<\/p>\n<p style=\"text-align: justify;\">Havaalan\u0131nda \u0130sraillilerin T\u00fcrk vatanda\u015flar\u0131na y\u00f6nelik k\u00f6t\u00fc muamelelerine y\u00f6nelik ise Erdo\u011fan &#8220;Onlar gelip ge\u00e7ici \u015feylerdir ama biz onlar\u0131 \u0130srail\u2019in karakterini yap\u0131s\u0131n\u0131 ortaya koymas\u0131 bak\u0131m\u0131ndan \u00f6nemlidir. Herhalde bu yanl\u0131\u015flar\u0131ndan da k\u0131sa s\u00fcrede d\u00f6nerler diye d\u00fc\u015f\u00fcn\u00fcyorum&#8221; de\u011ferlendirmesini yapt\u0131.<\/p>\n<p style=\"text-align: justify;\"><a href=\"http:\/\/siyaset.milliyet.com.tr\/erdogan-kilicdaroglu-na-ates-puskurdu\/siyaset\/siyasetdetay\/07.09.2011\/1435743\/default.htm\" target=\"_blank\">Kaynak : Milliyet.com.tr<\/a><\/p>\n","protected":false},"excerpt":{"rendered":"<p style=\"text-align: center;\">\n<p style=\"text-align: justify;\">Ba\u015fbakan Recep Tayyip Erdo\u011fan, CHP Lideri Kemal K\u0131l\u0131\u00e7daro\u011flu\u2019nun h\u00fck\u00fcmetin \u0130srail konusunda att\u0131\u011f\u0131 ad\u0131mlara y\u00f6nelik ele\u015ftirilerine sert \u00e7\u0131kt\u0131. Erdo\u011fan, &#8220;\u00d6nce ana muhalefet partisinin genel ba\u015fkan\u0131 \u0130srail\u2019in avukatl\u0131\u011f\u0131n\u0131 b\u0131raks\u0131n kendi partisinin s\u00f6zc\u00fcs\u00fc olsun&#8221; dedi.<\/p>\n","protected":false},"author":1,"featured_media":0,"comment_status":"open","ping_status":"open","sticky":false,"template":"","format":"standard","meta":{"footnotes":""},"categories":[105],"tags":[],"class_list":["post-39658","post","type-post","status-publish","format-standard","hentry","category-gundem","odd"],"_links":{"self":[{"href":"http:\/\/www.korhanyilmaz.com\/index.php?rest_route=\/wp\/v2\/posts\/39658","targetHints":{"allow":["GET"]}}],"collection":[{"href":"http:\/\/www.korhanyilmaz.com\/index.php?rest_route=\/wp\/v2\/posts"}],"about":[{"href":"http:\/\/www.korhanyilmaz.com\/index.php?rest_route=\/wp\/v2\/types\/post"}],"author":[{"embeddable":true,"href":"http:\/\/www.korhanyilmaz.com\/index.php?rest_route=\/wp\/v2\/users\/1"}],"replies":[{"embeddable":true,"href":"http:\/\/www.korhanyilmaz.com\/index.php?rest_route=%2Fwp%2Fv2%2Fcomments&post=39658"}],"version-history":[{"count":0,"href":"http:\/\/www.korhanyilmaz.com\/index.php?rest_route=\/wp\/v2\/posts\/39658\/revisions"}],"wp:attachment":[{"href":"http:\/\/www.korhanyilmaz.com\/index.php?rest_route=%2Fwp%2Fv2%2Fmedia&parent=39658"}],"wp:term":[{"taxonomy":"category","embeddable":true,"href":"http:\/\/www.korhanyilmaz.com\/index.php?rest_route=%2Fwp%2Fv2%2Fcategories&post=39658"},{"taxonomy":"post_tag","embeddable":true,"href":"http:\/\/www.korhanyilmaz.com\/index.php?rest_route=%2Fwp%2Fv2%2Ftags&post=39658"}],"curies":[{"name":"wp","href":"https:\/\/api.w.org\/{rel}","templated":true}]}}