{"id":39620,"date":"2011-09-06T14:12:29","date_gmt":"2011-09-06T11:12:29","guid":{"rendered":"http:\/\/www.korhanyilmaz.com\/?p=39620"},"modified":"2011-09-07T03:52:12","modified_gmt":"2011-09-07T00:52:12","slug":"basbakan-erdoganin-ozeli-tbmmye-tasinacak-mi","status":"publish","type":"post","link":"http:\/\/www.korhanyilmaz.com\/?p=39620","title":{"rendered":"Ba\u015fbakan Erdo\u011fan&#8217;\u0131n &#8221; \u00d6zeli &#8221; TBMM&#8217;ye ta\u015f\u0131nacak m\u0131?"},"content":{"rendered":"<p style=\"text-align: center;\"><a href=\"http:\/\/www.korhanyilmaz.com\/wp-content\/uploads\/2011\/09\/5021.jpg\"  class=\"lightview\"><img loading=\"lazy\" decoding=\"async\" class=\"size-full wp-image-39621 aligncenter\" src=\"http:\/\/www.korhanyilmaz.com\/wp-content\/uploads\/2011\/09\/5021.jpg\" alt=\"\" width=\"368\" height=\"151\" \/><\/a><\/p>\n<p style=\"text-align: justify;\">\u0130\u00e7i\u015fleri Bakan\u0131 oldu\u011funda Be\u015fir Atalay\u2019\u0131n bir s\u00f6z\u00fc vard\u0131: \u201cT\u00fcrkiye\u2019deki bas\u0131n \u00f6zg\u00fcrl\u00fc\u011f\u00fc ABD\u2019den fazlad\u0131r.\u201d<\/p>\n<p style=\"text-align: justify;\">Hani Odatv bask\u0131n\u0131 yap\u0131lm\u0131\u015f, ABD T\u00fcrkiye b\u00fcy\u00fckel\u00e7isi ve Beyaz Saray s\u00f6zc\u00fcs\u00fc T\u00fcrkiye\u2019nin bas\u0131n \u00f6zg\u00fcrl\u00fc\u011f\u00fcn\u00fc ele\u015ftiren deme\u00e7ler verince Be\u015fir Atalay bunu s\u00f6ylemi\u015fti.<\/p>\n<p style=\"text-align: justify;\">\u015eimdi\u2026\u00a0<!--more--><\/p>\n<p style=\"text-align: justify;\">Biz de bu s\u00f6ze g\u00fcvenerek bir haber yazal\u0131m:<\/p>\n<p style=\"text-align: justify;\">ABD\u2019de Ba\u015fkan Barack Obama\u2019ya medya deste\u011fi son d\u00f6nemde azalmaya ba\u015flad\u0131.<\/p>\n<p style=\"text-align: justify;\">\u00d6rne\u011fin; Obama\u2019n\u0131n e\u015fi Michelle ve \u00e7ocuklar\u0131yla \u00e7ok tatile \u00e7\u0131kt\u0131\u011f\u0131 ve \u00e7ok masraf yapt\u0131\u011f\u0131 ele\u015ftirileri yap\u0131l\u0131yor. ABD\u2019de Irene kas\u0131rgas\u0131 nedeniyle tatilini birg\u00fcn \u00f6nce kesmesi alay konusu yap\u0131ld\u0131.<\/p>\n<p style=\"text-align: justify;\">Yani sizin anlayaca\u011f\u0131n\u0131z; ABD medyas\u0131 Ba\u015fkan Obama\u2019n\u0131n \u201c\u00f6zelini\u201d haber yapmakla kalm\u0131yor, alay bile ediyor. Yap\u0131lan masraflar\u0131n hesab\u0131n\u0131 soruyor. Obamalar, \u201cmasraflar\u0131 biz kendi aile b\u00fct\u00e7emizden kar\u015f\u0131l\u0131yoruz\u201d a\u00e7\u0131klamas\u0131 yap\u0131yor. Tart\u0131\u015fma h\u00e2l\u00e2 s\u00fcr\u00fcyor.<\/p>\n<p style=\"text-align: justify;\">\u015eimdi\u2026<\/p>\n<p style=\"text-align: justify;\">Gelelim T\u00fcrkiye\u2019ye\u2026<\/p>\n<p style=\"text-align: justify;\">Ba\u015fbakan Erdo\u011fan bayram nedeniyle e\u015fini, \u00e7ocuklar\u0131n\u0131, damatlar\u0131n\u0131, gelinlerini, torunlar\u0131n\u0131 al\u0131p Bodrum\u2019a tatile gitti.<\/p>\n<p style=\"text-align: justify;\">Her seferinde oldu\u011fu gibi yine <strong>Fettah Tamince<\/strong>\u2019nin otelinde kald\u0131\u011f\u0131 yaz\u0131ld\u0131, s\u00f6ylendi.<\/p>\n<p style=\"text-align: justify;\">Olabilir.<\/p>\n<p style=\"text-align: justify;\">Ba\u015fbakan\u2019\u0131n hakk\u0131d\u0131r; istedi\u011fi yerde kalacak, tatilini yapacak, dinlenecek; kim ne diyebilir?<\/p>\n<p style=\"text-align: justify;\">Fakat\u2026<\/p>\n<p style=\"text-align: justify;\">Soru \u015fudur; tatil paras\u0131n\u0131 kim \u00f6dedi?<\/p>\n<p style=\"text-align: justify;\">Erdo\u011fanlar\u2019\u0131n aile b\u00fct\u00e7esinden mi \u00f6dendi?<\/p>\n<p style=\"text-align: justify;\">Ba\u015fbakanl\u0131k b\u00fct\u00e7esinden mi kar\u015f\u0131land\u0131?<\/p>\n<p style=\"text-align: justify;\">Yoksa Tamince\u2019nin misafirleri mi oldular?<\/p>\n<p style=\"text-align: justify;\">\u00d6yle ya\u2026<\/p>\n<p style=\"text-align: justify;\">Madem Amerikan medyas\u0131 g\u00fcnlerdir Obama\u2019n\u0131n tatillerini, harcad\u0131klar\u0131 paray\u0131 g\u00fcndeme getiriyorlar, soru soruyorlar, ele\u015ftiri yap\u0131yorlar.<\/p>\n<p style=\"text-align: justify;\">Madem bizde bas\u0131n \u00f6zg\u00fcrl\u00fc\u011f\u00fc daha fazla; biz de bu sorular\u0131 y\u00f6neltebiliriz!<\/p>\n<p style=\"text-align: justify;\">Ama, maalesef bizim medya soru sormay\u0131 unuttu; \u00f6yle ya Ba\u015fbakan \u201c\u00e7olu\u011fuyla-torbas\u0131yla\u201d Somali\u2019ye gitti; kimse damad\u0131n, gelinin, o\u011flunun, k\u0131z\u0131n\u0131n, torununun masraflar\u0131n\u0131 kim kar\u015f\u0131lad\u0131\u201d diye sormad\u0131 bile\u2026<\/p>\n<p style=\"text-align: justify;\">San\u0131yoruz, CHP bu meseleyi TBMM g\u00fcndemine getirir.<\/p>\n<p style=\"text-align: justify;\">Ba\u015fbakan Erdo\u011fan\u2019da, t\u00fcm masraflar\u0131 cebinden kar\u015f\u0131lad\u0131\u011f\u0131n\u0131 a\u00e7\u0131klar, faturalar\u0131n\u0131 g\u00f6sterir ve biz de alk\u0131\u015f tutar\u0131z\u2026<\/p>\n<p style=\"text-align: justify;\"><a href=\"http:\/\/www.odatv.com\/n.php?n=basbakan-erdoganin-ozeli-tbmmye-tasinacak-mi--0609111200\" target=\"_blank\">Kaynak : Odatv.com<\/a><\/p>\n","protected":false},"excerpt":{"rendered":"<p style=\"text-align: center;\">\n<p style=\"text-align: justify;\">\u0130\u00e7i\u015fleri Bakan\u0131 oldu\u011funda Be\u015fir Atalay\u2019\u0131n bir s\u00f6z\u00fc vard\u0131: \u201cT\u00fcrkiye\u2019deki bas\u0131n \u00f6zg\u00fcrl\u00fc\u011f\u00fc ABD\u2019den fazlad\u0131r.\u201d<\/p>\n<p style=\"text-align: justify;\">Hani Odatv bask\u0131n\u0131 yap\u0131lm\u0131\u015f, ABD T\u00fcrkiye b\u00fcy\u00fckel\u00e7isi ve Beyaz Saray s\u00f6zc\u00fcs\u00fc T\u00fcrkiye\u2019nin bas\u0131n \u00f6zg\u00fcrl\u00fc\u011f\u00fcn\u00fc ele\u015ftiren deme\u00e7ler verince Be\u015fir Atalay bunu s\u00f6ylemi\u015fti.<\/p>\n<p style=\"text-align: justify;\">\u015eimdi\u2026 <\/p>\n","protected":false},"author":1,"featured_media":0,"comment_status":"open","ping_status":"open","sticky":false,"template":"","format":"standard","meta":{"footnotes":""},"categories":[105],"tags":[397,12],"class_list":["post-39620","post","type-post","status-publish","format-standard","hentry","category-gundem","tag-fettah-tamince","tag-recep-tayyip-erdogan","odd"],"_links":{"self":[{"href":"http:\/\/www.korhanyilmaz.com\/index.php?rest_route=\/wp\/v2\/posts\/39620","targetHints":{"allow":["GET"]}}],"collection":[{"href":"http:\/\/www.korhanyilmaz.com\/index.php?rest_route=\/wp\/v2\/posts"}],"about":[{"href":"http:\/\/www.korhanyilmaz.com\/index.php?rest_route=\/wp\/v2\/types\/post"}],"author":[{"embeddable":true,"href":"http:\/\/www.korhanyilmaz.com\/index.php?rest_route=\/wp\/v2\/users\/1"}],"replies":[{"embeddable":true,"href":"http:\/\/www.korhanyilmaz.com\/index.php?rest_route=%2Fwp%2Fv2%2Fcomments&post=39620"}],"version-history":[{"count":0,"href":"http:\/\/www.korhanyilmaz.com\/index.php?rest_route=\/wp\/v2\/posts\/39620\/revisions"}],"wp:attachment":[{"href":"http:\/\/www.korhanyilmaz.com\/index.php?rest_route=%2Fwp%2Fv2%2Fmedia&parent=39620"}],"wp:term":[{"taxonomy":"category","embeddable":true,"href":"http:\/\/www.korhanyilmaz.com\/index.php?rest_route=%2Fwp%2Fv2%2Fcategories&post=39620"},{"taxonomy":"post_tag","embeddable":true,"href":"http:\/\/www.korhanyilmaz.com\/index.php?rest_route=%2Fwp%2Fv2%2Ftags&post=39620"}],"curies":[{"name":"wp","href":"https:\/\/api.w.org\/{rel}","templated":true}]}}