{"id":39614,"date":"2011-09-06T23:22:15","date_gmt":"2011-09-06T20:22:15","guid":{"rendered":"http:\/\/www.korhanyilmaz.com\/?p=39614"},"modified":"2011-09-07T03:29:46","modified_gmt":"2011-09-07T00:29:46","slug":"uzun-tutuklulugu-cmk-1022-cozdu","status":"publish","type":"post","link":"http:\/\/www.korhanyilmaz.com\/?p=39614","title":{"rendered":"Uzun tutuklulu\u011fu CMK 102\/2 \u00e7\u00f6zd\u00fc"},"content":{"rendered":"<p style=\"text-align: justify;\"><a href=\"http:\/\/www.korhanyilmaz.com\/wp-content\/uploads\/2011\/09\/5017.jpg\"  class=\"lightview\"><img loading=\"lazy\" decoding=\"async\" class=\"aligncenter size-full wp-image-39615\" title=\"\" src=\"http:\/\/www.korhanyilmaz.com\/wp-content\/uploads\/2011\/09\/5017.jpg\" alt=\"\" width=\"313\" height=\"188\" \/><\/a><\/p>\n<p style=\"text-align: justify;\">A\u0130HM\u2019nin uzun tutukluluk s\u00fcrelerinden ihlal kararlar\u0131 bulunmakta ise de CMK 102\/2\u2019nin y\u00fcr\u00fcrl\u00fc\u011fe girmesi nedeniyle sorun b\u00fcy\u00fck \u00f6l\u00e7\u00fcde \u00e7\u00f6z\u00fcme kavu\u015fmu\u015f g\u00f6r\u00fcnmektedir. Zira bu d\u00fczenleme ile a\u011f\u0131r cezal\u0131k i\u015flerde tutukluluk s\u00fcresi 2 y\u0131lla, uzatma halinde 5 y\u0131lla s\u0131n\u0131rland\u0131r\u0131lm\u0131\u015ft\u0131r.<\/p>\n<p style=\"text-align: justify;\">YARGITAY Ba\u015fkan\u0131 Naz\u0131m Kaynak, Adli Y\u0131l a\u00e7\u0131l\u0131\u015f t\u00f6reninde tutuklama s\u00fcresinden ter\u00f6re, telekulaktan yeni anayasaya kadar mesajlar verdi. Adalet Bakanl\u0131\u011f\u0131\u2019n\u0131n, A\u0130HM\u2019nin T\u00fcrkiye\u2019yi mahk\u00fbm etti\u011fi 10 y\u0131la uzayan tutukluluk s\u00fcrelerini de\u011ferlendirdi\u011fi d\u00f6nemde Kaynak, tart\u0131\u015f\u0131lan CMK 102\u2019nci maddeyi \u201cSorunu b\u00fcy\u00fck \u00f6l\u00e7\u00fcde \u00e7\u00f6zd\u00fc\u201d diye savundu. Kaynak, Hizbullah tahliyelerine g\u00f6nderme yaparak, salt s\u00fcreden \u00e7\u00f6z\u00fcm araman\u0131n ise \u201csak\u0131ncal\u0131\u201d olaca\u011f\u0131 uyar\u0131s\u0131 yapt\u0131.\u00a0<!--more--><\/p>\n<p style=\"text-align: justify;\"><strong>Teknik takip son \u00e7are\u00a0<\/strong><\/p>\n<p style=\"text-align: justify;\">Kaynak, Ergenekon-Balyoz soru\u015fturmalar\u0131nda s\u0131k s\u0131k g\u00fcndeme gelen koruma tedbirlerine ili\u015fkin de uyard\u0131. Kaynak, telekulak ve gizli g\u00f6revliye son \u00e7are olarak ba\u015fvurulmas\u0131n\u0131, tutuklama i\u00e7in \u201c\u00f6l\u00e7\u00fcl\u00fcl\u00fck\u201d, somut olguya dayal\u0131 \u201ckuvvetli \u015f\u00fcphe\u201d ve ka\u00e7ma, delilleri yok etme gibi \u201ctutuklama nedeninin varl\u0131\u011f\u0131\u201d kriterlerine uyulmas\u0131n\u0131 istedi. Kaynak\u2019\u0131n Adli Y\u0131l mesajlar\u0131 \u00f6zetle \u015f\u00f6yle:<\/p>\n<p style=\"text-align: justify;\"><strong>Tutuklamama da sak\u0131ncal\u0131\u00a0<\/strong><\/p>\n<p style=\"text-align: justify;\"><a href=\"http:\/\/www.korhanyilmaz.com\/wp-content\/uploads\/2011\/09\/5019.jpg\"  class=\"lightview\"><img loading=\"lazy\" decoding=\"async\" class=\"alignleft size-full wp-image-39616\" style=\"margin-left: 10px; margin-right: 10px;\" src=\"http:\/\/www.korhanyilmaz.com\/wp-content\/uploads\/2011\/09\/5019.jpg\" alt=\"\" width=\"313\" height=\"188\" \/><\/a>\u201cGerekmedi\u011fi halde koruma tedbirine ba\u015fvurmak, insan hak ve \u00f6zg\u00fcrl\u00fckleri bak\u0131m\u0131ndan ne kadar yanl\u0131\u015f ise gerekti\u011finde bu tedbirleri uygulamamak da soru\u015fturma ve kovu\u015fturman\u0131n selameti a\u00e7\u0131s\u0131ndan sak\u0131ncal\u0131 sonu\u00e7lar do\u011furabilir. A\u0130HM\u2019nin uzun tutukluluk s\u00fcrelerinden ihlal kararlar\u0131 bulunmakta ise de CMK 102\/2\u2019nin y\u00fcr\u00fcrl\u00fc\u011fe girmesi nedeniyle sorun b\u00fcy\u00fck \u00f6l\u00e7\u00fcde \u00e7\u00f6z\u00fcme kavu\u015fmu\u015f g\u00f6r\u00fcnmektedir. Zira bu d\u00fczenleme ile a\u011f\u0131r cezal\u0131k i\u015flerde tutukluluk s\u00fcresi 2 y\u0131lla, uzatma halinde 5 y\u0131lla s\u0131n\u0131rland\u0131r\u0131lm\u0131\u015ft\u0131r. 250\u2019nci madde kapsam\u0131nda kalan su\u00e7larda bu s\u00fcreler iki kat\u0131 (10 y\u0131l) uygulanacakt\u0131r. \u00dclkemizde, tutuklu say\u0131s\u0131n\u0131n ba\u015fka \u00fclkelerle k\u0131yasland\u0131\u011f\u0131nda h\u00fck\u00fcml\u00fc say\u0131s\u0131na g\u00f6re daha fazla olmas\u0131n\u0131n nedeni tutuklama m\u00fcessesesinin hatal\u0131 uygulamas\u0131ndan \u00e7ok, i\u015f yo\u011funlu\u011fu ve benzeri sebeplerle davalar\u0131n makul s\u00fcrelerde bitmemesindendir. Yarg\u0131n\u0131n i\u015f y\u00fck\u00fc g\u00f6z \u00f6n\u00fcnde tutulmadan, salt tutuklama s\u00fcrelerinden yola \u00e7\u0131karak, uzun tutukluluk sorununa \u00e7\u00f6z\u00fcm aramak, bug\u00fcnden \u00f6ng\u00f6r\u00fclemeyen sak\u0131ncal\u0131 ba\u015fka sonu\u00e7lara sebebiyet verecektir. Nitekim kanundaki s\u00fcre s\u0131n\u0131rlamas\u0131 sebebiyle baz\u0131 ceza dairelerimizce ger\u00e7ekle\u015ftirilen tahliyeler (Hizbullah) nedeniyle Yarg\u0131tay\u2019a y\u00f6neltilen haks\u0131z ele\u015ftiriler haf\u0131zalardad\u0131r.<\/p>\n<p style=\"text-align: justify;\"><strong>En acil sorun makul s\u00fcre\u00a0<\/strong><\/p>\n<p style=\"text-align: justify;\"><a href=\"http:\/\/www.korhanyilmaz.com\/wp-content\/uploads\/2011\/09\/5020.jpg\"  class=\"lightview\"><img loading=\"lazy\" decoding=\"async\" class=\"alignright size-full wp-image-39617\" style=\"margin-left: 10px; margin-right: 10px;\" src=\"http:\/\/www.korhanyilmaz.com\/wp-content\/uploads\/2011\/09\/5020.jpg\" alt=\"\" width=\"313\" height=\"188\" \/><\/a>2010\u2019da \u00fclkemizin A\u0130HM taraf\u0131ndan verilen ihlal kararlar\u0131 nedeniyle \u00f6dedi\u011fi tazminat miktar\u0131 yakla\u015f\u0131k 25 milyon Euro\u2019dur. Yarg\u0131n\u0131n sorunlar\u0131n\u0131n en b\u00fcy\u00fc\u011f\u00fc ve en acili, davalar\u0131n makul s\u00fcrede bitirilememesidir. Hak arama \u00f6zg\u00fcrl\u00fc\u011f\u00fcn\u00fcn hayata ge\u00e7irilmesi, aran\u0131lan hakka makul s\u00fcrelerde ula\u015f\u0131labilmesi ve bu anlamda yarg\u0131laman\u0131n h\u0131zland\u0131r\u0131lmas\u0131, tek ba\u015f\u0131na yarg\u0131n\u0131n ba\u015farabilece\u011fi bir i\u015f de\u011fildir. Bu konuda \u00fclkemizin b\u00fct\u00fcn kurumlar\u0131na b\u00fcy\u00fck g\u00f6revler d\u00fc\u015fmektedir.<\/p>\n<p style=\"text-align: justify;\"><strong>1 dosya i\u00e7in 2 dakika\u00a0<\/strong><\/p>\n<p style=\"text-align: justify;\">Yarg\u0131tay binalar\u0131 7 g\u00fcn 24 saat a\u00e7\u0131kt\u0131r. Buna ra\u011fmen i\u015f say\u0131s\u0131 artmaktad\u0131r. Yarg\u0131tay\u2019\u0131n 2010\u2019daki i\u015f toplam\u0131 1 milyonu a\u015fm\u0131\u015ft\u0131r. Her bir dosyaya ayr\u0131lan zaman 2000 y\u0131l\u0131nda 5.5 dakika iken 2010\u2019da 2 dakikaya d\u00fc\u015fm\u00fc\u015ft\u00fcr.<\/p>\n<p style=\"text-align: justify;\"><strong>Ter\u00f6rle m\u00fccadele me\u015fru hak\u00a0<\/strong><\/p>\n<p style=\"text-align: justify;\">Ter\u00f6re kar\u015f\u0131 m\u00fccadele bir hukuk devleti olan \u00fclkemizin en do\u011fal ve me\u015fru hakk\u0131d\u0131r. Devletimiz hukuk kurallar\u0131ndan va\u00e7ge\u00e7meden ter\u00f6rle m\u00fccadeleyi s\u00fcrd\u00fcrmektedir ve s\u00fcrd\u00fcrecektir. \u015eehit olan evlatlar\u0131m\u0131z\u0131n ac\u0131s\u0131 y\u00fcreklerimizi da\u011flamaktad\u0131r.\u201d<\/p>\n<p style=\"text-align: justify;\"><strong>T\u00fcrk\u00fcl\u00fc a\u00e7\u0131l\u0131\u015f\u00a0<\/strong><\/p>\n<p style=\"text-align: justify;\">Ge\u00e7en y\u0131lki t\u00f6rene gelmeyen Ba\u015fbakan Tayyip Erdo\u011fan\u2019\u0131n yan\u0131 s\u0131ra Cumhurba\u015fkan\u0131 Abdullah G\u00fcl ve TBMM Ba\u015fkan\u0131 Cemil \u00c7i\u00e7ek ba\u015fta olmak \u00fczere devlet zirvesi tam kadro t\u00f6rene kat\u0131ld\u0131. T\u00f6rene Avrupa\u2019n\u0131n 3\u2019\u00fcnc\u00fc b\u00fcy\u00fck kongre merkezi olan 3 bin 200 ki\u015filik ATO Kongre Merkezi ve Sergi Saray\u0131 ev sahipli\u011fi yapt\u0131. Giri\u015f kap\u0131s\u0131nda yer alan Polis Bandosu, Kaynak\u2019\u0131n \u00fcniversiteden s\u0131n\u0131f arkada\u015f\u0131 Ba\u015fbakan Yard\u0131mc\u0131s\u0131 B\u00fclent Ar\u0131n\u00e7 ile hemen pe\u015finden i\u00e7eriye giren K\u0131l\u0131\u00e7daro\u011flu\u2019nu, \u201cK\u00f6yl\u00fc G\u00fczeli\u201d t\u00fcrk\u00fcs\u00fcn\u00fc \u00e7alarak kar\u015f\u0131lad\u0131. TRT Ankara Gen\u00e7lik Korosu\u2019nun aralar\u0131nda \u201cH\u00fcdayda\u201d adl\u0131 t\u00fcrk\u00fcn\u00fcn de bulundu\u011fu be\u015f t\u00fcrk\u00fcl\u00fck program\u0131 b\u00fcy\u00fck alk\u0131\u015f ald\u0131. G\u00fcl, Erdo\u011fan ve K\u0131l\u0131\u00e7daro\u011flu salondan ayr\u0131l\u0131rken asans\u00f6r yerine y\u00fcr\u00fcyen merdiveni kulland\u0131.<\/p>\n<p style=\"text-align: justify;\"><a href=\"http:\/\/www.hurriyet.com.tr\/gundem\/18666003.asp\" target=\"_blank\">Kaynak : Oya ARMUT\u00c7U \/ ANKARA &#8211; H\u00fcrriyet.com.tr<\/a><\/p>\n","protected":false},"excerpt":{"rendered":"<p style=\"text-align: justify;\">\n<p style=\"text-align: justify;\">A\u0130HM\u2019nin uzun tutukluluk s\u00fcrelerinden ihlal kararlar\u0131 bulunmakta ise de CMK 102\/2\u2019nin y\u00fcr\u00fcrl\u00fc\u011fe girmesi nedeniyle sorun b\u00fcy\u00fck \u00f6l\u00e7\u00fcde \u00e7\u00f6z\u00fcme kavu\u015fmu\u015f g\u00f6r\u00fcnmektedir. Zira bu d\u00fczenleme ile a\u011f\u0131r cezal\u0131k i\u015flerde tutukluluk s\u00fcresi 2 y\u0131lla, uzatma halinde 5 y\u0131lla s\u0131n\u0131rland\u0131r\u0131lm\u0131\u015ft\u0131r.<\/p>\n<p style=\"text-align: justify;\">YARGITAY Ba\u015fkan\u0131 Naz\u0131m Kaynak, Adli Y\u0131l a\u00e7\u0131l\u0131\u015f t\u00f6reninde tutuklama s\u00fcresinden ter\u00f6re, telekulaktan <\/p>\n","protected":false},"author":1,"featured_media":0,"comment_status":"open","ping_status":"open","sticky":false,"template":"","format":"standard","meta":{"footnotes":""},"categories":[105],"tags":[],"class_list":["post-39614","post","type-post","status-publish","format-standard","hentry","category-gundem","odd"],"_links":{"self":[{"href":"http:\/\/www.korhanyilmaz.com\/index.php?rest_route=\/wp\/v2\/posts\/39614","targetHints":{"allow":["GET"]}}],"collection":[{"href":"http:\/\/www.korhanyilmaz.com\/index.php?rest_route=\/wp\/v2\/posts"}],"about":[{"href":"http:\/\/www.korhanyilmaz.com\/index.php?rest_route=\/wp\/v2\/types\/post"}],"author":[{"embeddable":true,"href":"http:\/\/www.korhanyilmaz.com\/index.php?rest_route=\/wp\/v2\/users\/1"}],"replies":[{"embeddable":true,"href":"http:\/\/www.korhanyilmaz.com\/index.php?rest_route=%2Fwp%2Fv2%2Fcomments&post=39614"}],"version-history":[{"count":0,"href":"http:\/\/www.korhanyilmaz.com\/index.php?rest_route=\/wp\/v2\/posts\/39614\/revisions"}],"wp:attachment":[{"href":"http:\/\/www.korhanyilmaz.com\/index.php?rest_route=%2Fwp%2Fv2%2Fmedia&parent=39614"}],"wp:term":[{"taxonomy":"category","embeddable":true,"href":"http:\/\/www.korhanyilmaz.com\/index.php?rest_route=%2Fwp%2Fv2%2Fcategories&post=39614"},{"taxonomy":"post_tag","embeddable":true,"href":"http:\/\/www.korhanyilmaz.com\/index.php?rest_route=%2Fwp%2Fv2%2Ftags&post=39614"}],"curies":[{"name":"wp","href":"https:\/\/api.w.org\/{rel}","templated":true}]}}