{"id":39609,"date":"2011-09-06T19:39:59","date_gmt":"2011-09-06T16:39:59","guid":{"rendered":"http:\/\/www.korhanyilmaz.com\/?p=39609"},"modified":"2011-09-06T23:09:44","modified_gmt":"2011-09-06T20:09:44","slug":"chp-fuze-kalkani-israili-korumak-icin","status":"publish","type":"post","link":"http:\/\/www.korhanyilmaz.com\/?p=39609","title":{"rendered":"CHP: F\u00fcze kalkan\u0131 \u0130srail&#8217;i korumak i\u00e7in"},"content":{"rendered":"<p style=\"text-align: center;\"><a href=\"http:\/\/www.korhanyilmaz.com\/wp-content\/uploads\/2011\/09\/5016.jpg\"  class=\"lightview\"><img loading=\"lazy\" decoding=\"async\" class=\"aligncenter size-full wp-image-39610\" src=\"http:\/\/www.korhanyilmaz.com\/wp-content\/uploads\/2011\/09\/5016.jpg\" alt=\"\" width=\"308\" height=\"206\" \/><\/a><\/p>\n<p style=\"text-align: justify;\">ANKARA\u00a0&#8211;\u00a0\u00a0MYK sonras\u0131 Deniz Feneri davas\u0131, \u0130srail&#8217;le ili\u015fkiler ve T\u00fcrkiye&#8217;ye kurulacak f\u00fcze kalkan\u0131 sistemiyle ilgili a\u00e7\u0131klamalar\u0131n geldi\u011fi CHP&#8217;den, f\u00fcze kalkan\u0131n\u0131n \u0130ran&#8217;a kar\u015f\u0131 \u0130srail&#8217;i korumak ama\u00e7l\u0131 oldu\u011fu ileri s\u00fcr\u00fcld\u00fc.<\/p>\n<p style=\"text-align: justify;\">Genel Ba\u015fkan\u0131 Kemal K\u0131l\u00e7daro\u011flu ba\u015fkanl\u0131\u011f\u0131nda toplanan ve yakla\u015f\u0131k 4 saat s\u00fcren MYK toplant\u0131s\u0131 sonras\u0131 parti s\u00f6zc\u00fcs\u00fc Birg\u00fcl Ayman G\u00fcler konu\u015ftu.\u00a0<!--more--><\/p>\n<p style=\"text-align: justify;\">A\u00e7\u0131klamalar\u0131nda Deniz Feneri davas\u0131na, \u0130srail&#8217;le ili\u015fklere ve T\u00fcrkiye&#8217;ye kurulacak f\u00fcze savunma istemine de\u011finen G\u00fcler, NATO \u015femsiyesi alt\u0131nda kurulacak bu sistemin \u0130srail&#8217;i korumay\u0131 ama\u00e7lad\u0131\u011f\u0131n\u0131 s\u00f6yledi.<\/p>\n<p style=\"text-align: justify;\">G\u00fcler bir soru \u00fczerine, &#8221;&#8230;\u0130ran&#8217;dan hareket edebilecek f\u00fczelere kar\u015f\u0131 \u0130srail&#8217;i savunmak amac\u0131yla kuruldu\u011funu ve bunun da T\u00fcrkiye topraklar\u0131 \u00fczerinde kurulma izninin iktidar partisine ait oldu\u011funu vurgulamak istiyorum&#8221; ifadesini kulland\u0131.<\/p>\n<p style=\"text-align: justify;\">CHP Parti S\u00f6zc\u00fcs\u00fc ve Genel Ba\u015fkan Yard\u0131mc\u0131s\u0131 Birg\u00fcl Ayman G\u00fcler, h\u00fck\u00fcmetin d\u0131\u015f politikas\u0131n\u0131 ele\u015ftirdi. G\u00fcler, uluslararas\u0131 ili\u015fkiler alan\u0131nda \u0130srail ekseninde ya\u015fanan geli\u015fmelere de\u011finen G\u00fcler, &#8221;bir ba\u015fka sefalet&#8221; konusu ifadesini kulland\u0131.<\/p>\n<p style=\"text-align: justify;\"><strong>&#8220;BU H\u00dcK\u00dcMET T\u00dcRK\u0130YE&#8217;Y\u0130 TEMS\u0130L EDEMEZ&#8221;<\/strong><\/p>\n<p style=\"text-align: justify;\">CHP olarak, Mavi Marmara sald\u0131r\u0131s\u0131yla ilgili \u0130srail&#8217;in \u00f6z\u00fcr dilemesi ve tazminat \u00f6demesi gerekti\u011fini \u00e7ok \u00f6nceden s\u00f6ylediklerini ifade eden G\u00fcler, &#8221;BM&#8217;ye ba\u015fvurup, BM&#8217;den kendisini yaln\u0131zca kendisini de\u011fil, T\u00fcrkiye&#8217;yi mahkum eden kararlar al\u0131nmas\u0131n\u0131 sa\u011flayan bir H\u00fck\u00fcmet, T\u00fcrkiye&#8217;yi d\u0131\u015f d\u00fcnyada temsil edemez.<\/p>\n<p style=\"text-align: justify;\">AKP bu raporla Gazze ablukas\u0131na me\u015fruluk s\u00fcreci kazand\u0131rman\u0131n ba\u015fl\u0131ca nedeni oldu. Daha sonra \u0130srail&#8217;le her t\u00fcrl\u00fc ticari, askeri ili\u015fkiyi kesece\u011fimizi s\u00f6yleyen Ba\u015fbakan bunun \u00fczerinden iki g\u00fcn ge\u00e7meden, &#8216;kastetti\u011fim ili\u015fkiler savunma sanayi ile ilgili ticari ili\u015fkilerden ibarettir&#8217; diye a\u00e7\u0131klama yapabildi. Yani dedi ki, &#8216;yanl\u0131\u015f anla\u015f\u0131ld\u0131m.&#8217; Yapt\u0131r\u0131m g\u00fcc\u00fcn\u00fc kullanamayaca\u011f\u0131n\u0131 bizzat kendisi dile getirdi. B\u00f6ylece \u0130srail konusu, i\u00e7 politika konusu olarak elinde evirip \u00e7evirdi\u011fini ilan etti.<\/p>\n<p style=\"text-align: justify;\">D\u0131\u015f politika ger\u00e7ekten \u00e7ok ciddidir. H\u00fck\u00fcmeti yarg\u0131da, yasamada ve d\u0131\u015f politikada daha b\u00fcy\u00fck bir ciddiyetle davranarak T\u00fcrkiye&#8217;nin onurunu y\u00fckseltmeye davet ediyoruz.&#8221;<\/p>\n<p style=\"text-align: justify;\">\u00a0<strong>DEN\u0130Z FENER\u0130 DAVASI<\/strong><\/p>\n<p style=\"text-align: justify;\">Bug\u00fcn adli y\u0131l\u0131n a\u00e7\u0131ld\u0131\u011f\u0131n\u0131 an\u0131msatan ve yarg\u0131 sisteminde ya\u015fananlar nedeniyel buruk bir kutmala yapt\u0131klar\u0131n\u0131 belirten G\u00fcler, Deniz Feneri e.V soru\u015fturmas\u0131n\u0131n savc\u0131lar\u0131n\u0131n g\u00f6revden al\u0131nmas\u0131na de\u011findi.<\/p>\n<p style=\"text-align: justify;\">G\u00fcler, &#8221;G\u00f6revden al\u0131nan savc\u0131lar hakk\u0131nda de\u011ferlendirme, hen\u00fcz HSYK taraf\u0131ndan yap\u0131lmam\u0131\u015fken, bu kurulun ba\u015fkan\u0131 olan Adalet Bakan\u0131 taraf\u0131ndan mahkum edildiler. Bu durum HSYK&#8217;y\u0131, y\u00fcr\u00fctme organ\u0131n\u0131n emri alt\u0131nda Adalet Bakan\u0131&#8217;n\u0131n g\u00f6lgesi alt\u0131nda \u00e7al\u0131\u015ft\u0131\u011f\u0131na herhalde son g\u00fcnlerde verilmi\u015f en somut son \u00f6rnek.<\/p>\n<p style=\"text-align: justify;\"><strong>SORULARI TEKRARLADI<\/strong><\/p>\n<p style=\"text-align: justify;\">Bu davaya ili\u015fkin Genel Ba\u015fkan\u0131m\u0131z Say\u0131n K\u0131l\u0131\u00e7daro\u011flu&#8217;nun sordu\u011fu bir dizi soru yan\u0131tlanmadan hala ortada duruyor. Bu sorular\u0131n bir k\u0131sm\u0131n\u0131 tekrar sunmak istiyorum:<\/p>\n<p style=\"text-align: justify;\">\u2014 Vaktiyle Deniz Feneri Derne\u011fi \u00fczerinden olu\u015fturulan fonlarla say\u0131n Ba\u015fbakan bir ili\u015fkiniz var m\u0131yd\u0131 yok muydu?<\/p>\n<p style=\"text-align: justify;\">\u2014 Savc\u0131lar\u0131n g\u00f6revden al\u0131nmas\u0131n\u0131n, davan\u0131n san\u0131klar\u0131ndan birinin bir \u015feyler yap\u0131lmazsa konu\u015faca\u011f\u0131 tehdidiyle bir ilgisi var m\u0131 yok mu?<\/p>\n<p style=\"text-align: justify;\">\u2014 Bu dava kapsam\u0131ndaki tedarik\u00e7i firmalar kimler?<\/p>\n<p style=\"text-align: justify;\">\u2014 Bu firmalardan hangi fiyatlarla mal al\u0131nd\u0131?<\/p>\n<p style=\"text-align: justify;\">\u2014 Bu firmalarla dernek y\u00f6neticileri aras\u0131nda nas\u0131l bir ili\u015fki var?<\/p>\n<p style=\"text-align: justify;\">\u2014 \u0130\u015fin arkas\u0131nda daha ba\u015fka kimler var?<\/p>\n<p style=\"text-align: justify;\">\u2014 Biz \u015fimdi bu sorular\u0131n, soruldu\u011fu g\u00fcnden daha \u00f6nemli ve daha a\u011f\u0131r sorular oldu\u011fu kan\u0131s\u0131n\u0131 ta\u015f\u0131yoruz.&#8221;<\/p>\n<p style=\"text-align: justify;\"><strong>CHP \u00d6RG\u00dcT\u00dc PROTESTO EDECEK<\/strong><\/p>\n<p style=\"text-align: justify;\">Bir gazetecinin, &#8221;Deniz Feneri konusunda nas\u0131l bir yol izleyeceksiniz, belgeler mi a\u00e7\u0131klanacak, nas\u0131l bir y\u00f6ntem izlenecek?&#8221; sorusu \u00fczerine G\u00fcler, &#8221;Eldeki b\u00fct\u00fcn hukuki ve siyasi ara\u00e7lar\u0131 kullanaca\u011f\u0131z. Yaln\u0131zca CHP Genel Merkezi&#8217;nden yap\u0131lan a\u00e7\u0131klamalarla yetinmeyece\u011fiz, b\u00fct\u00fcn il ba\u015fkanl\u0131klar\u0131m\u0131z da adliyelerin \u00f6n\u00fcne giderek yap\u0131lan bu hukuksuzlu\u011fu ve yarg\u0131n\u0131n \u00fczerine d\u00fc\u015f\u00fcr\u00fclen lekeyi kendi il halklar\u0131na \u015fikayet edecekler. Yani t\u00fcm \u00f6rg\u00fct olarak bir protesto dalgas\u0131 i\u00e7inde y\u00fcr\u00fcyoruz&#8221; dedi.<\/p>\n<p style=\"text-align: justify;\"><strong>BDP VE ANKARA<\/strong><\/p>\n<p style=\"text-align: justify;\">G\u00fcler, ba\u015fka bir soru \u00fczerine, BDP Genel Ba\u015fkan\u0131 Selahattin Demirta\u015f&#8217;\u0131n K\u0131l\u0131\u00e7daro\u011flu&#8217;ndan randevu talebinin kendilerine ula\u015fmad\u0131\u011f\u0131n\u0131, ula\u015fmas\u0131 durumunda de\u011ferlendireceklerini bildirdi.<\/p>\n<p style=\"text-align: justify;\">G\u00fcler, Ankara \u0130l Y\u00f6netimi&#8217;nde kongre talebinin bug\u00fcnk\u00fc toplant\u0131da g\u00fcndeme gelmedi\u011fini, yeni atanan Ankara \u0130l Ba\u015fkan\u0131&#8217;n\u0131n y\u00f6netimini olu\u015fturulmas\u0131 \u00e7al\u0131\u015fmalar\u0131n\u0131n s\u00fcrd\u00fc\u011f\u00fcn\u00fc bildirdi.<\/p>\n<p style=\"text-align: justify;\"><strong>ERDO\u011eAN: BAS\u0130T KUL\u0130SLER<\/strong><\/p>\n<p style=\"text-align: justify;\">Ba\u015fbakan Erdo\u011fan\u2019a, f\u00fcze kalkan\u0131 sistemine ili\u015fkin \u2018\u0130srail\u2019i koruma ama\u00e7l\u0131\u2019 iddialar\u0131 soruldu.<\/p>\n<p style=\"text-align: justify;\">\u0130spanya Ba\u015fbakan\u0131 Zapatero ile birlikte d\u00fczenlenen bas\u0131n toplant\u0131s\u0131nda Erdo\u011fan \u015funlar\u0131 s\u00f6yledi:<\/p>\n<p style=\"text-align: justify;\">T\u00fcrkiye\u2019de radar \u00fcss\u00fcn\u00fcn kurulmas\u0131 olay\u0131d\u0131r ve NATO \u00e7er\u00e7evesinde bir s\u00fcre\u00e7tir. TSK ve D\u0131\u015fi\u015fleri en uygun yer i\u00e7in \u00e7al\u0131\u015fmalar yapt\u0131 ve bu devam da ediyor. T\u00fcrkiye\u2019yi herhangi bir s\u0131k\u0131nt\u0131ya sokacak bir ad\u0131m s\u00f6z konusu de\u011fil ve bunlar basit kulislerdir. H\u00fck\u00fcmet olarak karar\u0131m\u0131z\u0131 verdik ve bu ad\u0131m\u0131n b\u00f6lgemiz i\u00e7in \u00f6nemli oldu\u011funu d\u00fc\u015f\u00fcn\u00fcyoruz.<span style=\"color: #888888;\">\u00a0(ajanslar)<\/span><\/p>\n<p style=\"text-align: justify;\"><a href=\"http:\/\/www.radikal.com.tr\/Radikal.aspx?aType=RadikalDetayV3&amp;ArticleID=1062523&amp;Date=06.09.2011&amp;CategoryID=78\" target=\"_blank\">Kaynak : Radikal.com.tr\u00a0<\/a><\/p>\n","protected":false},"excerpt":{"rendered":"<p style=\"text-align: center;\">\n<p style=\"text-align: justify;\">ANKARA &#8211; MYK sonras\u0131 Deniz Feneri davas\u0131, \u0130srail&#8217;le ili\u015fkiler ve T\u00fcrkiye&#8217;ye kurulacak f\u00fcze kalkan\u0131 sistemiyle ilgili a\u00e7\u0131klamalar\u0131n geldi\u011fi CHP&#8217;den, f\u00fcze kalkan\u0131n\u0131n \u0130ran&#8217;a kar\u015f\u0131 \u0130srail&#8217;i korumak ama\u00e7l\u0131 oldu\u011fu ileri s\u00fcr\u00fcld\u00fc.<\/p>\n<p style=\"text-align: justify;\">Genel Ba\u015fkan\u0131 Kemal K\u0131l\u00e7daro\u011flu ba\u015fkanl\u0131\u011f\u0131nda toplanan ve yakla\u015f\u0131k 4 saat s\u00fcren MYK toplant\u0131s\u0131 sonras\u0131 parti s\u00f6zc\u00fcs\u00fc Birg\u00fcl Ayman G\u00fcler <\/p>\n","protected":false},"author":1,"featured_media":0,"comment_status":"open","ping_status":"open","sticky":false,"template":"","format":"standard","meta":{"footnotes":""},"categories":[105],"tags":[],"class_list":["post-39609","post","type-post","status-publish","format-standard","hentry","category-gundem","odd"],"_links":{"self":[{"href":"http:\/\/www.korhanyilmaz.com\/index.php?rest_route=\/wp\/v2\/posts\/39609","targetHints":{"allow":["GET"]}}],"collection":[{"href":"http:\/\/www.korhanyilmaz.com\/index.php?rest_route=\/wp\/v2\/posts"}],"about":[{"href":"http:\/\/www.korhanyilmaz.com\/index.php?rest_route=\/wp\/v2\/types\/post"}],"author":[{"embeddable":true,"href":"http:\/\/www.korhanyilmaz.com\/index.php?rest_route=\/wp\/v2\/users\/1"}],"replies":[{"embeddable":true,"href":"http:\/\/www.korhanyilmaz.com\/index.php?rest_route=%2Fwp%2Fv2%2Fcomments&post=39609"}],"version-history":[{"count":0,"href":"http:\/\/www.korhanyilmaz.com\/index.php?rest_route=\/wp\/v2\/posts\/39609\/revisions"}],"wp:attachment":[{"href":"http:\/\/www.korhanyilmaz.com\/index.php?rest_route=%2Fwp%2Fv2%2Fmedia&parent=39609"}],"wp:term":[{"taxonomy":"category","embeddable":true,"href":"http:\/\/www.korhanyilmaz.com\/index.php?rest_route=%2Fwp%2Fv2%2Fcategories&post=39609"},{"taxonomy":"post_tag","embeddable":true,"href":"http:\/\/www.korhanyilmaz.com\/index.php?rest_route=%2Fwp%2Fv2%2Ftags&post=39609"}],"curies":[{"name":"wp","href":"https:\/\/api.w.org\/{rel}","templated":true}]}}