{"id":39592,"date":"2011-09-05T17:22:01","date_gmt":"2011-09-05T14:22:01","guid":{"rendered":"http:\/\/www.korhanyilmaz.com\/?p=39592"},"modified":"2011-09-06T09:32:42","modified_gmt":"2011-09-06T06:32:42","slug":"taze-universitelilere-cemaat-uyarisi","status":"publish","type":"post","link":"http:\/\/www.korhanyilmaz.com\/?p=39592","title":{"rendered":"Taze \u00fcniversitelilere &#8220;Cemaat&#8221; uyar\u0131s\u0131"},"content":{"rendered":"<p style=\"text-align: center;\"><a href=\"http:\/\/www.korhanyilmaz.com\/wp-content\/uploads\/2011\/09\/5013.jpg\"  class=\"lightview\"><img loading=\"lazy\" decoding=\"async\" class=\"aligncenter size-full wp-image-39593\" src=\"http:\/\/www.korhanyilmaz.com\/wp-content\/uploads\/2011\/09\/5013.jpg\" alt=\"\" width=\"396\" height=\"180\" \/><\/a><\/p>\n<p style=\"text-align: justify;\">CHP Genel Ba\u015fkan Yard\u0131mc\u0131s\u0131 Perihan Sar\u0131, cemaat \u00f6rg\u00fctlenmelerinin \u00fcniversitelere kay\u0131t yapan \u00f6\u011frencilerin bar\u0131nma, burs gibi sorunlar\u0131n\u0131 \u00e7\u00f6zme bahanesiyle gen\u00e7leri istismar etmeye \u00e7al\u0131\u015faca\u011f\u0131n\u0131 ifade ederek, \u201c\u00dclkemizin ayd\u0131nl\u0131k gelece\u011finden kayg\u0131 duyan t\u00fcm yurtta\u015flar\u0131m\u0131z\u0131, CHP \u00f6rg\u00fctlerini ve partililerimizi, kentlerine gelen gen\u00e7lere yard\u0131mc\u0131 olmaya, \u00e7evrelerinde yurt, pansiyon, bar\u0131nma ve beslenme olanaklar\u0131 yaratmaya, gen\u00e7lere sosyalle\u015fme ortamlar\u0131 sa\u011flamaya \u00e7a\u011f\u0131r\u0131yorum\u201d dedi.\u00a0<!--more--><\/p>\n<p style=\"text-align: justify;\">ANKARA- CHP Genel Ba\u015fkan Yard\u0131mc\u0131s\u0131 Perihan Sar\u0131, cemaat \u00f6rg\u00fctlenmelerinin \u00fcniversitelere kay\u0131t yapan \u00f6\u011frencilerin bar\u0131nma, burs gibi sorunlar\u0131n\u0131 \u00e7\u00f6zme bahanesiyle gen\u00e7leri istismar etmeye \u00e7al\u0131\u015faca\u011f\u0131n\u0131 ifade ederek, \u201c\u00dclkemizin ayd\u0131nl\u0131k gelece\u011finden kayg\u0131 duyan t\u00fcm yurtta\u015flar\u0131m\u0131z\u0131, CHP \u00f6rg\u00fctlerini ve partililerimizi, kentlerine gelen gen\u00e7lere yard\u0131mc\u0131 olmaya, \u00e7evrelerinde yurt, pansiyon, bar\u0131nma ve beslenme olanaklar\u0131 yaratmaya, gen\u00e7lere sosyalle\u015fme ortamlar\u0131 sa\u011flamaya \u00e7a\u011f\u0131r\u0131yorum\u201d dedi.<\/p>\n<p style=\"text-align: justify;\"><strong>&#8220;\u00dcN\u0130VERS\u0130TELER TAMAMEN T\u0130CAR\u0130LE\u015eT\u0130R\u0130LD\u0130&#8221;<\/strong><\/p>\n<p style=\"text-align: justify;\">Sar\u0131, \u00fcniversitelere kay\u0131tlar\u0131n ba\u015flamas\u0131 dolay\u0131s\u0131yla yaz\u0131l\u0131 bir a\u00e7\u0131klama yapt\u0131. \u00dcniversiteye kay\u0131t yapt\u0131racak \u00f6\u011frencilere ba\u015far\u0131 dileyen Sar\u0131, \u201c\u00dcniversiteler, evrensel bilgiye ula\u015fma ve \u00f6zg\u00fcrce bilgi \u00fcretilen bilim merkezleridir. \u00dcniversite e\u011fitimi, e\u011fitim hakk\u0131n\u0131n bir par\u00e7as\u0131d\u0131r ve \u00fccretsiz olarak kar\u015f\u0131lanmas\u0131 gereken bir kamusal hizmet olarak tasarlanmal\u0131d\u0131r\u201d dedi. Art\u0131k t\u00fcm\u00fcyle ticarile\u015ftirilen bir \u00fcniversite sistemi oldu\u011funa dikkat \u00e7eken Sar\u0131, \u201cYeni liberal politikalar\u0131n kararl\u0131 uygulay\u0131c\u0131s\u0131 olan AKP \u00fcniversiteleri bir ticarethaneye d\u00f6n\u00fc\u015ft\u00fcrm\u00fc\u015ft\u00fcr. Paras\u0131z e\u011fitim hakk\u0131n\u0131 talep eden \u00f6\u011frenciler, gelecekleri karart\u0131larak, aylard\u0131r tutuklu olarak yarg\u0131lanmay\u0131 beklemektedirler. AKP \u00fcniversitenin sorgulayan tutumundan, \u00fcniversite gen\u00e7li\u011finin ele\u015ftirisinden korkmaktad\u0131r\u201d dedi.<\/p>\n<p style=\"text-align: justify;\">AKP\u2019nin iktidar\u0131n\u0131n ilk y\u0131llar\u0131nda Y\u00d6K\u2019\u00fc ele\u015ftirdi\u011fini ancak art\u0131k Y\u00d6K\u2019\u00fcn savunucusu konumuna geldi\u011fini belirten Sar\u0131, \u201cCHP olarak 12 Eyl\u00fcl\u2019\u00fcn b\u00fct\u00fcn uygulamalar\u0131na ve kurumlar\u0131na oldu\u011fu gibi, Y\u00d6K\u2019\u00fc de toplumsal geli\u015fmenin, \u00f6zg\u00fcr bilimin ve demokratik \u00fcniversitelerin \u00f6n\u00fcnde bir engel olarak g\u00f6r\u00fcyoruz\u201d ifadelerini kulland\u0131.<\/p>\n<p style=\"text-align: justify;\"><strong>&#8220;GEN\u00c7LER\u0130M\u0130Z\u0130 \u0130ST\u0130SMAR ETMEYE \u00c7ALI\u015eACAKLAR&#8221;<\/strong><\/p>\n<p style=\"text-align: justify;\">Sar\u0131, \u00fcniversitelere kay\u0131t yapan \u00f6\u011frencilerin bar\u0131nma, beslenme, burs, ula\u015f\u0131m, sa\u011fl\u0131k ve sosyal imkanlardan yoksun bir ya\u015fama ad\u0131m ataca\u011f\u0131n\u0131 ve bu sorunlar\u0131 kendi olanaklar\u0131yla \u00e7\u00f6zmeye \u00e7al\u0131\u015faca\u011f\u0131n\u0131 belirtirken \u015funlar\u0131 kaydetti:<\/p>\n<p style=\"text-align: justify;\">\u201cDi\u011fer yandan, cemaat \u00f6rg\u00fctlenmeleri, sorunlar\u0131n\u0131 \u00e7\u00f6zmek bahanesiyle gen\u00e7lerimizi istismar etmeye \u00e7al\u0131\u015facaklar. \u00dclkemizin ayd\u0131nl\u0131k gelece\u011finden kayg\u0131 duyan t\u00fcm yurtta\u015flar\u0131m\u0131z\u0131, CHP \u00f6rg\u00fctlerini ve partililerimizi, kentlerine gelen gen\u00e7lere yard\u0131mc\u0131 olmaya, \u00e7evrelerinde yurt, pansiyon, bar\u0131nma ve beslenme olanaklar\u0131 yaratmaya, gen\u00e7lere sosyalle\u015fme ortamlar\u0131 sa\u011flamaya \u00e7a\u011f\u0131r\u0131yorum. \u00dcniversiteleri \u00f6zg\u00fcr ele\u015ftiri ortamlar\u0131na d\u00f6n\u00fc\u015ft\u00fcrecek, toplumsal geli\u015fmeyi sa\u011flayacak ve toplumu ileriye ta\u015f\u0131yacak bu potansiyeli desteklemek bizim de toplumsal g\u00f6revimizdir. H\u00fck\u00fcmetin her t\u00fcrl\u00fc demokrasi kar\u015f\u0131t\u0131 ve otoriter tutumunu, gen\u00e7li\u011fin bu potansiyeli bozguna u\u011fratacakt\u0131r.\u201d<\/p>\n<p style=\"text-align: justify;\"><a href=\"http:\/\/www.gazeteport.com.tr\/haber\/50620\/taze_universitelilere_quotcemaatquot_uyarisi\" target=\"_blank\">Kaynak : GAZETEPORT<\/a><\/p>\n","protected":false},"excerpt":{"rendered":"<p style=\"text-align: center;\">\n<p style=\"text-align: justify;\">CHP Genel Ba\u015fkan Yard\u0131mc\u0131s\u0131 Perihan Sar\u0131, cemaat \u00f6rg\u00fctlenmelerinin \u00fcniversitelere kay\u0131t yapan \u00f6\u011frencilerin bar\u0131nma, burs gibi sorunlar\u0131n\u0131 \u00e7\u00f6zme bahanesiyle gen\u00e7leri istismar etmeye \u00e7al\u0131\u015faca\u011f\u0131n\u0131 ifade ederek, \u201c\u00dclkemizin ayd\u0131nl\u0131k gelece\u011finden kayg\u0131 duyan t\u00fcm yurtta\u015flar\u0131m\u0131z\u0131, CHP \u00f6rg\u00fctlerini ve partililerimizi, kentlerine gelen gen\u00e7lere yard\u0131mc\u0131 olmaya, \u00e7evrelerinde yurt, pansiyon, bar\u0131nma ve beslenme olanaklar\u0131 yaratmaya, gen\u00e7lere sosyalle\u015fme <\/p>\n","protected":false},"author":1,"featured_media":0,"comment_status":"open","ping_status":"open","sticky":false,"template":"","format":"standard","meta":{"footnotes":""},"categories":[105],"tags":[],"class_list":["post-39592","post","type-post","status-publish","format-standard","hentry","category-gundem","odd"],"_links":{"self":[{"href":"http:\/\/www.korhanyilmaz.com\/index.php?rest_route=\/wp\/v2\/posts\/39592","targetHints":{"allow":["GET"]}}],"collection":[{"href":"http:\/\/www.korhanyilmaz.com\/index.php?rest_route=\/wp\/v2\/posts"}],"about":[{"href":"http:\/\/www.korhanyilmaz.com\/index.php?rest_route=\/wp\/v2\/types\/post"}],"author":[{"embeddable":true,"href":"http:\/\/www.korhanyilmaz.com\/index.php?rest_route=\/wp\/v2\/users\/1"}],"replies":[{"embeddable":true,"href":"http:\/\/www.korhanyilmaz.com\/index.php?rest_route=%2Fwp%2Fv2%2Fcomments&post=39592"}],"version-history":[{"count":0,"href":"http:\/\/www.korhanyilmaz.com\/index.php?rest_route=\/wp\/v2\/posts\/39592\/revisions"}],"wp:attachment":[{"href":"http:\/\/www.korhanyilmaz.com\/index.php?rest_route=%2Fwp%2Fv2%2Fmedia&parent=39592"}],"wp:term":[{"taxonomy":"category","embeddable":true,"href":"http:\/\/www.korhanyilmaz.com\/index.php?rest_route=%2Fwp%2Fv2%2Fcategories&post=39592"},{"taxonomy":"post_tag","embeddable":true,"href":"http:\/\/www.korhanyilmaz.com\/index.php?rest_route=%2Fwp%2Fv2%2Ftags&post=39592"}],"curies":[{"name":"wp","href":"https:\/\/api.w.org\/{rel}","templated":true}]}}