{"id":39583,"date":"2011-09-06T08:39:56","date_gmt":"2011-09-06T05:39:56","guid":{"rendered":"http:\/\/www.korhanyilmaz.com\/?p=39583"},"modified":"2011-09-06T09:11:31","modified_gmt":"2011-09-06T06:11:31","slug":"turk-siyaseti-ile-dalga-gecmisler","status":"publish","type":"post","link":"http:\/\/www.korhanyilmaz.com\/?p=39583","title":{"rendered":"T\u00fcrk siyaseti ile dalga ge\u00e7mi\u015fler!"},"content":{"rendered":"<p style=\"text-align: justify;\"><a href=\"http:\/\/www.korhanyilmaz.com\/wp-content\/uploads\/2011\/09\/5011.jpg\"  class=\"lightview\"><img loading=\"lazy\" decoding=\"async\" class=\"aligncenter size-full wp-image-39584\" title=\"\" src=\"http:\/\/www.korhanyilmaz.com\/wp-content\/uploads\/2011\/09\/5011.jpg\" alt=\"\" width=\"382\" height=\"240\" \/><\/a><\/p>\n<p style=\"text-align: justify;\">Eski ABD B\u00fcy\u00fckel\u00e7isi Wilson 1 Nisan \u015fakas\u0131 olarak Washington\u2019a g\u00f6nderdi\u011fi metinde T\u00fcrk siyasetini \u201cti\u201dye ald\u0131. B\u00fclent Ersoy ve \u0130brahim Tatl\u0131ses\u2019i derin devlet \u00fcyesi yapt\u0131.<\/p>\n<p style=\"text-align: justify;\">Amerikal\u0131 diplomatlar\u0131n gizli yaz\u0131\u015fmalar\u0131n\u0131 yay\u0131mlayarak politika g\u00fcndemini alt \u00fcst eden Wikileaks\u2019te T\u00fcrkiye ile ilgili ilgin\u00e7 bir belge ortaya \u00e7\u0131kt\u0131.\u00a0<!--more--><\/p>\n<p style=\"text-align: justify;\">Le Monde, Der Spiegel, The Guardian gibi yay\u0131n organlar\u0131yla i\u015fbirli\u011fi yapan Wikileaks diplomatik belgelerde baz\u0131 ki\u015filerin isimlerini, g\u00fcvenliklerini sa\u011flamak i\u00e7in, \u201cxxx\u201d ibaresiyle sans\u00fcrlemi\u015fti. Fakat \u015fimdi Wikileaks\u2019in elinde olan t\u00fcm belgeler sans\u00fcrs\u00fcz \u015fekilde internete d\u00fc\u015ft\u00fc.<\/p>\n<p style=\"text-align: justify;\">Milliyet&#8217;in haberine g\u00f6re, bu belgeler aras\u0131nda 1 Nisan 2008 tarihinde ABD\u2019nin Ankara B\u00fcy\u00fckel\u00e7ili\u011fi\u2019nden o d\u00f6nemki b\u00fcy\u00fckel\u00e7i Ross Wilson imzas\u0131yla Washington merkeze g\u00f6nderilen bir belge yer al\u0131yor. \u0130\u015fte b\u00fcy\u00fckel\u00e7inin \u201c1 Nisan \u015fakas\u0131\u201d olarak kaleme ald\u0131\u011f\u0131 belgenin tam metni:<\/p>\n<p style=\"text-align: justify;\"><strong>Derin Devlet Partisi\u2019ne dava\u00a0<\/strong><\/p>\n<p style=\"text-align: justify;\">\u015ea\u015f\u0131rt\u0131c\u0131 bir hareketle, Yarg\u0131tay Ba\u015fsavc\u0131s\u0131 Abdurrahman Yal\u00e7\u0131nkaya 31 Mart\u2019ta \u201cDerin Devlet\u201de (Kemalist devleti devam ettirmek i\u00e7in uzun s\u00fcredir gizlice hareket etti\u011fine inan\u0131lan g\u00f6lge organizasyon, ancak kimse ger\u00e7ekten onlarla kar\u015f\u0131la\u015f\u0131p kar\u015f\u0131la\u015fmad\u0131klar\u0131n\u0131 bilmiyor) kar\u015f\u0131 parti kapatma davas\u0131 a\u00e7t\u0131.<\/p>\n<p style=\"text-align: justify;\">41 sayfal\u0131k iddianame, Derin Devlet\u2019i, kay\u0131td\u0131\u015f\u0131 siyasi parti olarak hareket etmek, \u201csiyasi entrika\u201dn\u0131n merkezi olmak, T\u00fcrkiye\u2019nin d\u00fcnyadaki pozisyonunu kaybetmesine neden olmak, ekonomik b\u00fcy\u00fcme, yat\u0131r\u0131m ve \u201cT\u00fcrk toplumunun siyasi ve sosyal ol\u011funlu\u011fa eri\u015fmesini\u201d yava\u015flatmak ile su\u00e7luyor. \u0130ddianame, Derin Devlet\u2019in resmi olarak tan\u0131nmas\u0131n\u0131, ard\u0131ndan yasaklanmas\u0131n\u0131 ve 401 \u00fcyesinin T\u00fcrk siyasetinden be\u015f y\u0131ll\u0131\u011f\u0131na men edilmesini talep ediyor.<\/p>\n<p style=\"text-align: justify;\"><strong>B\u00fclent Ersoy \u00fcye\u00a0<\/strong><\/p>\n<p style=\"text-align: justify;\">Bu hareket \u00f6zellikle \u015fa\u015f\u0131rt\u0131c\u0131 \u00e7\u00fcnk\u00fc Yal\u00e7\u0131nkaya, Ergenekon soru\u015fturmas\u0131 kapsam\u0131nda tutuklanan baz\u0131 isimler, T\u00fcrkiye Genel Kurmay Ba\u015fkan\u0131 Ya\u015far B\u00fcy\u00fckan\u0131t, eski Cumhurba\u015fkan\u0131 Ahmet Necdet Sezer, 71 savc\u0131 ve hakim, Anayasa Mahkemesi\u2019nin tamam\u0131, kar\u015f\u0131 cinsin k\u0131yafetlerini giyen televizyon y\u0131ld\u0131z\u0131 B\u00fclent Ersoy, ve T\u00fcrkiye\u2019nin \u201cMerv Griffith\u201di \u0130bo ile birlikte kendi isimini de bu 401 \u00fcye aras\u0131nda g\u00f6steriyor.<\/p>\n<p style=\"text-align: justify;\">Dosyay\u0131 bir bas\u0131n toplat\u0131s\u0131nda a\u00e7\u0131klayan Yal\u00e7\u0131nkaya, \u201cAnayasaya g\u00f6re bunu yapmak zorunday\u0131m. Bu ho\u015fuma gitmiyor, asl\u0131nda kariyerim a\u00e7\u0131s\u0131ndan bir intihar, ancak bu benim g\u00f6revim\u201d dedi. S\u00fcpriz dosya, halihaz\u0131rda \u00e7alkant\u0131l\u0131 olan T\u00fcrk politika sahnesini, ani bir kriz ve afallaman\u0131n i\u00e7ine d\u00fc\u015f\u00fcrd\u00fc. E\u011fer Anayasa Mahkemesi hem AKP hem de Derin Devlet Partisi\u2019ni (DDP) yasaklarsa T\u00fcrkiye politik bir bo\u015flu\u011fa d\u00fc\u015fecek.<\/p>\n<p style=\"text-align: justify;\"><strong>Baykal \u015fikayet etti\u00a0<\/strong><\/p>\n<p style=\"text-align: justify;\">A\u00e7\u0131k\u00e7a \u015fa\u015fk\u0131na d\u00f6nen Ba\u015fbakan Recep Tayyip Erdo\u011fan, \u201cBu bir numara olmal\u0131, kimse bu kadar aptal olamaz\u201d dedi. Cumhuriyet Halk Partisi (CHP) lideri Deniz Baykal k\u0131sa ve \u00f6z bir bas\u0131n toplant\u0131s\u0131 d\u00fczenleyerek dosyay\u0131 \u201cdo\u011fru d\u00fc\u015f\u00fcnen T\u00fcrklerin s\u0131rt\u0131na saplanan bir b\u0131\u00e7ak\u201d olarak niteledi ve DDP liderleri listesinde olmad\u0131\u011f\u0131 i\u00e7in \u015fikayet etti. \u201cVarl\u0131\u011f\u0131n\u0131 kesin olarak reddetti\u011fim varsay\u0131msal Derin Devlet\u2019in bir \u00fcyesi olarak ciddiye al\u0131nmay\u0131 hakettim\u201d diyen Baykal, Anayasa Mahkemesi\u2019nde hem partinin kapat\u0131lmas\u0131na hem de kendisinin d\u0131\u015far\u0131da b\u0131rak\u0131lmas\u0131na kar\u015f\u0131 dava a\u00e7aca\u011f\u0131n\u0131 s\u00f6yledi.<\/p>\n<p style=\"text-align: justify;\">Bir\u00e7ok hukuk uzmanlar\u0131, Anayasa Mahkemesi\u2019nin bir T\u00fcrk siyasi partisinin neleri te\u015fkil etti\u011fine dair hukuki bir standart olu\u015fturmak zorunda kalaca\u011f\u0131n\u0131 s\u00f6yleyerek, dosyan\u0131n hukuka uygunlu\u011funu sorgulad\u0131.<\/p>\n<p style=\"text-align: justify;\"><strong>Parti de\u011fil mafya grubu\u00a0<\/strong><\/p>\n<p style=\"text-align: justify;\">Yarg\u0131tay eski Ba\u015fsavc\u0131s\u0131 Sabih Kanado\u011flu, \u201cDerin Devlet\u2019in bazen siyasi bir parti gibi hareket etti\u011fi ve ge\u00e7mi\u015fte T\u00fcrk siyasi partilerinin yaratt\u0131\u011f\u0131 felaketlere e\u015fit boyutta ve yap\u0131da problemler yaratt\u0131\u011f\u0131 do\u011fru. Ancak Derin Devlet farkl\u0131 ve Yal\u00e7\u0131nkaya bunu biliyor. Bir siyasi partiden daha \u00e7ok mafya grubu. \u0130sterseniz La Cosa Turca deyin\u201d diye konu\u015ftu. Anayasa Mahkemesi Ba\u015fkan\u0131 T\u00fclay Tu\u011fcu ise AKP ve DDP\u2019nin e\u015f zamanl\u0131 olarak kapat\u0131lmas\u0131 gerekti\u011fini s\u00f6yledi ve \u015f\u00f6yle konu\u015ftu;<\/p>\n<p style=\"text-align: justify;\">\u201cOnlar ayn\u0131 madeni paran\u0131n iki farkl\u0131 y\u00fcz\u00fc. AKP \u015feriata do\u011fru ilerlemek istiyor, DDP ise hayat\u0131n basit oldu\u011fu, ithalat\u0131n bloke edildi\u011fi, T\u00fcrklerin fakir oldu\u011fu ve devlet yetkililerinin Hazine\u2019ye kendi domuz kumbaralar\u0131 gibi davranabildikleri 1970\u2019lere d\u00f6nmek istiyor. \u015eimdi Anayasa Mahkemesi\u2019nin bu a\u015f\u0131r\u0131c\u0131lar\u0131, T\u00fcrk politika hayat\u0131na dadanan bu \u00f6c\u00fcleri yasaklama \u015fans\u0131 bulunuyor.\u201d<\/p>\n<p style=\"text-align: justify;\"><strong>Paskalya Tav\u015fan\u0131\u2019na inanmak\u00a0<\/strong><\/p>\n<p style=\"text-align: justify;\">Anayasa Mahkemesi\u2019nin t\u00fcm \u00fcyelerinin iddianamede yer almas\u0131 bir\u00e7ok g\u00f6zlemcinin Yal\u00e7\u0131nkaya\u2019n\u0131n ne d\u00fc\u015f\u00fcnd\u00fc\u011f\u00fcn\u00fc merak etmesine yol a\u00e7t\u0131. Zira, yasalara g\u00f6re t\u00fcm kapatma davalar\u0131nda karar\u0131 Anayasa Mahkemesi\u2019nin vermesi gerekiyor. K\u00f6\u015feyazar\u0131 Murat Yetkin, ilk bak\u0131\u015fta Yal\u00e7\u0131nkaya\u2019n\u0131n kendisi ve ve di\u011fer DDP \u00fcyelerini gelecek davalardan muaf tutmaya \u00e7al\u0131\u015f\u0131yor gibi g\u00f6z\u00fckt\u00fc\u011f\u00fcn\u00fc s\u00f6yledi.<\/p>\n<p style=\"text-align: justify;\">Ancak Yetkin, dosyada Anayasa Mahkemesi\u2019nin kendisi de yer ald\u0131\u011f\u0131na g\u00f6re, davada karar almak i\u00e7in Cumhurba\u015fkan\u0131 Abdullah G\u00fcl taraf\u0131ndan se\u00e7ilmek \u00fczere alternatif hakimler listesi olu\u015fturmalar\u0131 gerkece\u011fini de not d\u00fc\u015f\u00fcyor. Yal\u00e7\u0131nkaya, G\u00fcl\u2019\u00fc de AKP\u2019nin kapatma davas\u0131na dahil etti.<\/p>\n<p style=\"text-align: justify;\">Halihaz\u0131rda AKP\u2019ye kar\u015f\u0131 kapatma davas\u0131 oldu\u011funa g\u00f6re, Yetkin, bunun AKP ve DDP aras\u0131nda \u201chukuk ter\u00f6r\u00fc dengesi\u201d yarataca\u011f\u0131 \u015feklinde ak\u0131l y\u00fcr\u00fct\u00fcyor ve \u201cYa da Yal\u00e7\u0131nkaya sadece do\u011frudan yana bir savc\u0131d\u0131r ve ger\u00e7ekten de bu davay\u0131 g\u00f6revinin bunu gerektirdi\u011fini d\u00fc\u015f\u00fcnd\u00fc\u011f\u00fc i\u00e7in a\u00e7m\u0131\u015ft\u0131r. Ancak T\u00fcrkiye\u2019de bu Paskalya Tav\u015fan\u0131\u2019na inanmak gibi bir \u015fey\u201c diye ekliyor.<\/p>\n<p style=\"text-align: justify;\"><strong>Berberim s\u00f6yl\u00fcyor\u00a0<\/strong><\/p>\n<p style=\"text-align: justify;\">K\u00f6\u015fe yazar\u0131 Yal\u00e7\u0131n Do\u011fan buradaki komplocular\u0131n, AKP veya \u201cpolitik olarak \u00f6nemsiz say\u0131lan ve ABD\u2019deki yeni muhafazakarlar kadar ger\u00e7ek olan DDP\u201d olmad\u0131klar\u0131n\u0131 s\u00f6yledi. Do\u011fan, bunun MHP\u2019nin ba\u015f\u0131n\u0131n alt\u0131ndan \u00e7\u0131kan zekice bir darbe olabilece\u011fini tart\u0131\u015f\u0131yor: \u201cKimin yarar\u0131na? Berberim dahil, sa\u011flam otoritelere dayanarak MHP\u2019nin Yal\u00e7\u0131nkaya\u2019y\u0131 bu davaya bakmas\u0131 i\u00e7in ikna etti\u011fini d\u00fc\u015f\u00fcn\u00fcyorum. Ancak, Anayasa Mahkemesi\u2019nin ad\u0131n\u0131 vererek Yal\u00e7\u0131nkaya, AKP\u2019ye DDP\u2019yi yok etmesi i\u00e7in gerekli g\u00fcc\u00fc verdi. DDP de ba\u015fka bir kapatma davas\u0131 sayesinde AKP\u2019yi yok edebilir. B\u00f6ylece MHP ayakta kalan tek parti olacak. Bu onlara bir se\u00e7im kazanma \u015fans\u0131 verebilir. Boz kurtlar\u0131 geri getirebilir. K\u00fcrt kelimesini da\u011farc\u0131\u011f\u0131m\u0131zdan silebilir.\u201d<\/p>\n<p style=\"text-align: justify;\">\u015ea\u015fk\u0131n ve kafas\u0131 kar\u0131\u015fm\u0131\u015f bir B\u00fclent Ersoy, (Olduk\u00e7a pop\u00fcler, kar\u015f\u0131 cins gibi giyinen bir TV y\u0131ld\u0131z\u0131, bir s\u00fcre \u00f6nce yarg\u0131ya k\u00fcf\u00fcr etmekle su\u00e7lanm\u0131\u015ft\u0131) makyaj\u0131n\u0131 yapama f\u0131rsat\u0131 bulamadan bas\u0131n mensuplar\u0131 taraf\u0131ndan sar\u0131ld\u0131. Davaya dahil edilmesiyle ilgili olarak, \u201cDepresyon hari\u00e7 herhangi bir derin durumda bulunabilece\u011fime ancak 1 nisan \u015fakas\u0131n\u0131 yutan biri inan\u0131r\u201d dedi.<\/p>\n<p style=\"text-align: justify;\"><a href=\"http:\/\/www.cnnturk.com\/2011\/yazarlar\/09\/06\/turk.siyaseti.ile.dalga.gecmisler\/628345.0\/index.html\" target=\"_blank\">Kaynak : CNN T\u00dcRK<\/a><\/p>\n","protected":false},"excerpt":{"rendered":"<p style=\"text-align: justify;\">\n<p style=\"text-align: justify;\">Eski ABD B\u00fcy\u00fckel\u00e7isi Wilson 1 Nisan \u015fakas\u0131 olarak Washington\u2019a g\u00f6nderdi\u011fi metinde T\u00fcrk siyasetini \u201cti\u201dye ald\u0131. B\u00fclent Ersoy ve \u0130brahim Tatl\u0131ses\u2019i derin devlet \u00fcyesi yapt\u0131.<\/p>\n<p style=\"text-align: justify;\">Amerikal\u0131 diplomatlar\u0131n gizli yaz\u0131\u015fmalar\u0131n\u0131 yay\u0131mlayarak politika g\u00fcndemini alt \u00fcst eden Wikileaks\u2019te T\u00fcrkiye ile ilgili ilgin\u00e7 bir belge ortaya \u00e7\u0131kt\u0131. <\/p>\n","protected":false},"author":1,"featured_media":0,"comment_status":"open","ping_status":"open","sticky":false,"template":"","format":"standard","meta":{"footnotes":""},"categories":[105],"tags":[],"class_list":["post-39583","post","type-post","status-publish","format-standard","hentry","category-gundem","odd"],"_links":{"self":[{"href":"http:\/\/www.korhanyilmaz.com\/index.php?rest_route=\/wp\/v2\/posts\/39583","targetHints":{"allow":["GET"]}}],"collection":[{"href":"http:\/\/www.korhanyilmaz.com\/index.php?rest_route=\/wp\/v2\/posts"}],"about":[{"href":"http:\/\/www.korhanyilmaz.com\/index.php?rest_route=\/wp\/v2\/types\/post"}],"author":[{"embeddable":true,"href":"http:\/\/www.korhanyilmaz.com\/index.php?rest_route=\/wp\/v2\/users\/1"}],"replies":[{"embeddable":true,"href":"http:\/\/www.korhanyilmaz.com\/index.php?rest_route=%2Fwp%2Fv2%2Fcomments&post=39583"}],"version-history":[{"count":0,"href":"http:\/\/www.korhanyilmaz.com\/index.php?rest_route=\/wp\/v2\/posts\/39583\/revisions"}],"wp:attachment":[{"href":"http:\/\/www.korhanyilmaz.com\/index.php?rest_route=%2Fwp%2Fv2%2Fmedia&parent=39583"}],"wp:term":[{"taxonomy":"category","embeddable":true,"href":"http:\/\/www.korhanyilmaz.com\/index.php?rest_route=%2Fwp%2Fv2%2Fcategories&post=39583"},{"taxonomy":"post_tag","embeddable":true,"href":"http:\/\/www.korhanyilmaz.com\/index.php?rest_route=%2Fwp%2Fv2%2Ftags&post=39583"}],"curies":[{"name":"wp","href":"https:\/\/api.w.org\/{rel}","templated":true}]}}