{"id":39573,"date":"2011-09-05T13:15:40","date_gmt":"2011-09-05T10:15:40","guid":{"rendered":"http:\/\/www.korhanyilmaz.com\/?p=39573"},"modified":"2011-09-05T23:07:09","modified_gmt":"2011-09-05T20:07:09","slug":"korg-pekin-tutuklandi","status":"publish","type":"post","link":"http:\/\/www.korhanyilmaz.com\/?p=39573","title":{"rendered":"Korg. Pekin tutukland\u0131"},"content":{"rendered":"<p style=\"text-align: center;\"><a href=\"http:\/\/www.korhanyilmaz.com\/wp-content\/uploads\/2011\/09\/5009.jpg\"  class=\"lightview\"><img loading=\"lazy\" decoding=\"async\" class=\"aligncenter size-full wp-image-39574\" src=\"http:\/\/www.korhanyilmaz.com\/wp-content\/uploads\/2011\/09\/5009.jpg\" alt=\"\" width=\"400\" height=\"209\" \/><\/a><\/p>\n<p style=\"text-align: justify;\">\u201cKamuoyunu y\u00f6nlendirme ama\u00e7l\u0131 internet siteleri\u201d davas\u0131 kapsam\u0131nda haklar\u0131nda yakalama emri \u00e7\u0131kar\u0131lan 14 san\u0131k aras\u0131nda bulunan ve Merkez Komutanl\u0131\u011f\u0131na teslim olan Genelkurmay \u0130stihbarat Daire Ba\u015fkan\u0131 Korgeneral \u0130smail Hakk\u0131 Pekin Silivri Ceza \u0130nfaz Kurumlar\u0131 Yerle\u015fkesi&#8217;ne getirildi. Pekin burada \u00e7\u0131kar\u0131ld\u0131\u011f\u0131 mahkemece tutukland\u0131. Pekin, mahkemede &#8221;\u0130ntenet and\u0131c\u0131 belgesi, Genelkurmay Ba\u015fkanl\u0131\u011f\u0131 b\u00fcnyesinde haz\u0131rlanan yasal ve resmi belgedir&#8221; dedi.\u00a0<!--more--><\/p>\n<p style=\"text-align: justify;\">\u0130stanbul Merkez Komutanl\u0131\u011f\u0131na ait bir ara\u00e7la Silivri Ceza \u0130nfaz Kurumlar\u0131 Yerle\u015fkesi&#8217;ne getirilen Pekin, burada bulunan jandarma asayi\u015f noktas\u0131nda bekletildi.<\/p>\n<p style=\"text-align: justify;\">Pekin, ard\u0131ndan birinci \u201cErgenekon\u201d davas\u0131na bakan \u0130stanbul 13. A\u011f\u0131r Ceza Mahkemesinin, duru\u015fmaya \u00f6\u011fle aras\u0131 vermesi s\u0131ras\u0131nda, mahkeme salonuna al\u0131nd\u0131.<\/p>\n<p style=\"text-align: justify;\">Evli ve 2 \u00e7ocu\u011fu oldu\u011funu, 5 bin 500 lira ayl\u0131k geliri bulundu\u011funu, lojmanda oturdu\u011funu s\u00f6yleyen Pekin&#8217;e hakk\u0131nda \u00e7\u0131kar\u0131lan yakalama karar\u0131 okundu. \u0130ddianame elden tebli\u011f edilen Pekin&#8217;e yasal haklar\u0131 hat\u0131rlat\u0131larak, yakalama karar\u0131na kar\u015f\u0131 beyan\u0131 al\u0131nd\u0131.<\/p>\n<p style=\"text-align: justify;\"><strong>&#8216;\u0130NTERNET ANDICI YASAL VE RESM\u0130 B\u0130R BELGED\u0130R&#8217;\u00a0<\/strong><\/p>\n<p style=\"text-align: justify;\">Pekin, 1972 y\u0131l\u0131ndan itibaren 40 y\u0131ld\u0131r giydi\u011fi \u015ferefli \u00fcniformas\u0131na bug\u00fcne kadar leke s\u00fcrd\u00fcrmedi\u011fini ifade ederek, te\u011fmen r\u00fctbesiyle K\u0131br\u0131s Bar\u0131\u015f Harekat\u0131na kat\u0131ld\u0131\u011f\u0131n\u0131 kaydetti.<\/p>\n<p style=\"text-align: justify;\">Kendisine tebli\u011f edilen g\u00f6revleri \u015fevkle yerine yetirdi\u011fini, ast ve \u00fcstleriyle uyum i\u00e7inde \u00e7al\u0131\u015ft\u0131\u011f\u0131n\u0131 dile getiren Pekin, M\u0130T, D\u0131\u015fi\u015fleri Bakanl\u0131\u011f\u0131 ve Emniyet Genel M\u00fcd\u00fcrl\u00fc\u011f\u00fc ile koordine i\u00e7inde \u00e7al\u0131\u015ft\u0131\u011f\u0131n\u0131 kaydetti.<\/p>\n<p style=\"text-align: justify;\">\u201cHayat\u0131m boyunca hukukun i\u00e7inde kalmaya \u00f6zen g\u00f6sterdim. Bana atfedilen utan\u00e7 verici, onur k\u0131r\u0131c\u0131, i\u015flemedi\u011fim su\u00e7tan dolay\u0131 kar\u015f\u0131n\u0131zda bulunmaktan \u0131st\u0131rap duymaktay\u0131m\u201d diyen Pekin, \u201c\u0130ntenet and\u0131c\u0131 belgesi, Genelkurmay Ba\u015fkanl\u0131\u011f\u0131 b\u00fcnyesinde haz\u0131rlanan yasal ve resmi belgedir. Askeri \u00e7al\u0131\u015fma ve yaz\u0131\u015fma usullerine uygun yasal ve resmi bir belgedir. Onaylanmas\u0131na m\u00fcteakip, uygulamaya emirle ge\u00e7ilen bir belgedir. Bu belgedeki benim paraf\u0131m\u0131n bulunmas\u0131 koordine ama\u00e7l\u0131d\u0131r\u201d \u015feklinde konu\u015ftu.<\/p>\n<p style=\"text-align: justify;\">Pekin, kendisinin bu dok\u00fcmanda, sadece ter\u00f6r \u00f6rg\u00fct\u00fcn\u00fc destekleyen internet sitelerinin takip edilmesi i\u00e7in paraf\u0131 oldu\u011funu belirterek, internet and\u0131c\u0131 belgesinde isimleri bulunan 430 sitenin a\u00e7\u0131k istihbarat amac\u0131 ile takip edildi\u011fini ifade etti.<\/p>\n<p style=\"text-align: justify;\">On y\u0131ld\u0131r yay\u0131n yapt\u0131\u011f\u0131 iddia edilen sitelerin ge\u00e7mi\u015fiyle ilgili bilgisinin olmad\u0131\u011f\u0131n\u0131 ifade eden Pekin, ter\u00f6r \u00f6rg\u00fct\u00fcne destek verdi\u011fi i\u00e7in takip edilen siteler y\u00fcz\u00fcnden m\u00fcebbet hapis istemiyle yarg\u0131lanman\u0131n adil olmad\u0131\u011f\u0131n\u0131 dile getirdi.<\/p>\n<p style=\"text-align: justify;\">\u0130nternet And\u0131c\u0131, belgesinin bas\u0131nda yer almas\u0131 \u00fczerine g\u00f6revi gere\u011fi inceleme yapt\u0131rd\u0131\u011f\u0131n\u0131 s\u00f6yleyen Pekin, s\u00f6z konusu and\u0131c\u0131n ge\u00e7mi\u015fte yay\u0131n yapan sitelerle ilgisi bulunmad\u0131\u011f\u0131n\u0131 yeni kurulacak 4 site i\u00e7in haz\u0131rland\u0131\u011f\u0131n\u0131 anlatt\u0131.<\/p>\n<p style=\"text-align: justify;\"><strong>MAJ\u00d6R DEPRESYON\u00a0<\/strong><\/p>\n<p style=\"text-align: justify;\">Korgeneral Pekin&#8217;in avukat\u0131 Orhan \u00d6nder de \u201cBelgenin haz\u0131rlanmas\u0131nda hi\u00e7bir ilgisi bulunmayan bir insan varsa o da m\u00fcvekkilimdir. \u0130smail Hakk\u0131 Pekin, sadece belgenin alt\u0131na koordinasyon amac\u0131yla imza atm\u0131\u015ft\u0131r. Sitelerin yay\u0131nlar\u0131yla hi\u00e7bir alakas\u0131 yoktur. Ne karar ne de icra makam\u0131ndad\u0131r. \u0130nternet and\u0131c\u0131 denilen belgeyi, ilgili ki\u015filerin paraf\u0131n\u0131 g\u00f6rd\u00fckten sonra paraflam\u0131\u015ft\u0131r. Faaliyet kurumsal silsile i\u00e7inde y\u00fcr\u00fcm\u00fc\u015ft\u00fcr\u201d dedi.<\/p>\n<p style=\"text-align: justify;\">Pekin&#8217;nin, maj\u00f6r depresyon tan\u0131s\u0131yla psikiyatride yatt\u0131\u011f\u0131n\u0131 belirten \u00d6nder, hayati bir hastal\u0131kla m\u00fccadele eden bir o\u011flu, yine burnundan beslenen annesi oldu\u011funu s\u00f6yledi.<\/p>\n<p style=\"text-align: justify;\"><strong>S\u0130LAHINI TESL\u0130M ETM\u0130\u015e\u00a0<\/strong><\/p>\n<p style=\"text-align: justify;\">Doktorunun tavsiyesi \u00fczerine Pekin\u2019in silah\u0131n\u0131 TSK\u2019ya teslim etti\u011fini anlatan \u00d6nder, hava de\u011fi\u015fiminde olmas\u0131na ra\u011fmen mahkemeye teslim oldu\u011funu s\u00f6yledi. Avukat \u00d6nder m\u00fcvekkilinin tutuksuz yarg\u0131lanmas\u0131n\u0131 talep etti.<\/p>\n<p style=\"text-align: justify;\">Savc\u0131 Mehmet Ali Pekg\u00fczel de san\u0131\u011f\u0131n \u00fczerine at\u0131l\u0131 su\u00e7 mahiyeti, kuvvetli su\u00e7 \u015f\u00fcphesi ve delileri karartma gerek\u00e7esiyle tutuklanmas\u0131n\u0131 talep etti.<\/p>\n<p style=\"text-align: justify;\">Mahkeme heyeti, verilen aran\u0131n ard\u0131ndan karar\u0131 a\u00e7\u0131klayan Ba\u015fkan Hasan H\u00fcseyin \u00d6zese, san\u0131\u011f\u0131n \u00fczerine at\u0131l\u0131 su\u00e7, delilleri karartma ve kuvvetli su\u00e7 \u015f\u00fcphesi bulundu\u011funu gerek\u00e7e g\u00f6stererek, \u201ccebir ve \u015fiddet kullanarak, T\u00fcrkiye Cumhuriyeti H\u00fck\u00fcmetini ortadan kald\u0131rmaya veya g\u00f6revlerini yapmas\u0131n\u0131 k\u0131smen veya tamamen engellemeye te\u015febb\u00fcs etmek\u201d ve \u201cter\u00f6r \u00f6rg\u00fct\u00fc y\u00f6neticisi olmak\u201d su\u00e7lar\u0131ndan tutuklanmas\u0131na h\u00fckmedildi\u011fini a\u00e7\u0131klad\u0131.<\/p>\n<p style=\"text-align: justify;\">Tutuklama karar\u0131n\u0131n y\u00fcz\u00fcne okunmas\u0131n\u0131n ard\u0131ndan merkez komutanl\u0131\u011f\u0131na ba\u011fl\u0131 subaylar taraf\u0131ndan cezaevine teslim edilmek \u00fczere salondan \u00e7\u0131kar\u0131lan Pekin, \u201cErgenekon\u201d davas\u0131n\u0131 izlemeye gelenler taraf\u0131ndan alk\u0131\u015fland\u0131.<\/p>\n<p style=\"text-align: justify;\">Mahkemenin yakalama emri \u00e7\u0131kartt\u0131\u011f\u0131 14 san\u0131ktan Pekin, birlikte ile emekli Orgeneral Hasan I\u011fs\u0131z&#8217;\u0131n da aralar\u0131ndan bulundu\u011fu 10 ki\u015fi tutuklanm\u0131\u015f oldu.<\/p>\n<p style=\"text-align: justify;\"><a href=\"http:\/\/www.hurriyet.com.tr\/gundem\/18652934.asp\" target=\"_blank\">Kaynak : H\u00fcrriyet.com.tr<\/a><\/p>\n","protected":false},"excerpt":{"rendered":"<p style=\"text-align: center;\">\n<p style=\"text-align: justify;\">\u201cKamuoyunu y\u00f6nlendirme ama\u00e7l\u0131 internet siteleri\u201d davas\u0131 kapsam\u0131nda haklar\u0131nda yakalama emri \u00e7\u0131kar\u0131lan 14 san\u0131k aras\u0131nda bulunan ve Merkez Komutanl\u0131\u011f\u0131na teslim olan Genelkurmay \u0130stihbarat Daire Ba\u015fkan\u0131 Korgeneral \u0130smail Hakk\u0131 Pekin Silivri Ceza \u0130nfaz Kurumlar\u0131 Yerle\u015fkesi&#8217;ne getirildi. Pekin burada \u00e7\u0131kar\u0131ld\u0131\u011f\u0131 mahkemece tutukland\u0131. Pekin, mahkemede &#8221;\u0130ntenet and\u0131c\u0131 belgesi, Genelkurmay Ba\u015fkanl\u0131\u011f\u0131 b\u00fcnyesinde haz\u0131rlanan yasal ve <\/p>\n","protected":false},"author":1,"featured_media":0,"comment_status":"open","ping_status":"open","sticky":false,"template":"","format":"standard","meta":{"footnotes":""},"categories":[105],"tags":[],"class_list":["post-39573","post","type-post","status-publish","format-standard","hentry","category-gundem","odd"],"_links":{"self":[{"href":"http:\/\/www.korhanyilmaz.com\/index.php?rest_route=\/wp\/v2\/posts\/39573","targetHints":{"allow":["GET"]}}],"collection":[{"href":"http:\/\/www.korhanyilmaz.com\/index.php?rest_route=\/wp\/v2\/posts"}],"about":[{"href":"http:\/\/www.korhanyilmaz.com\/index.php?rest_route=\/wp\/v2\/types\/post"}],"author":[{"embeddable":true,"href":"http:\/\/www.korhanyilmaz.com\/index.php?rest_route=\/wp\/v2\/users\/1"}],"replies":[{"embeddable":true,"href":"http:\/\/www.korhanyilmaz.com\/index.php?rest_route=%2Fwp%2Fv2%2Fcomments&post=39573"}],"version-history":[{"count":0,"href":"http:\/\/www.korhanyilmaz.com\/index.php?rest_route=\/wp\/v2\/posts\/39573\/revisions"}],"wp:attachment":[{"href":"http:\/\/www.korhanyilmaz.com\/index.php?rest_route=%2Fwp%2Fv2%2Fmedia&parent=39573"}],"wp:term":[{"taxonomy":"category","embeddable":true,"href":"http:\/\/www.korhanyilmaz.com\/index.php?rest_route=%2Fwp%2Fv2%2Fcategories&post=39573"},{"taxonomy":"post_tag","embeddable":true,"href":"http:\/\/www.korhanyilmaz.com\/index.php?rest_route=%2Fwp%2Fv2%2Ftags&post=39573"}],"curies":[{"name":"wp","href":"https:\/\/api.w.org\/{rel}","templated":true}]}}