{"id":39568,"date":"2011-09-05T18:44:50","date_gmt":"2011-09-05T15:44:50","guid":{"rendered":"http:\/\/www.korhanyilmaz.com\/?p=39568"},"modified":"2011-09-05T22:56:38","modified_gmt":"2011-09-05T19:56:38","slug":"bakan-itiraf-etti","status":"publish","type":"post","link":"http:\/\/www.korhanyilmaz.com\/?p=39568","title":{"rendered":"&#8216;Bakan itiraf etti&#8217;"},"content":{"rendered":"<p style=\"text-align: center;\"><a href=\"http:\/\/www.korhanyilmaz.com\/wp-content\/uploads\/2011\/09\/5008.jpg\"  class=\"lightview\"><img loading=\"lazy\" decoding=\"async\" class=\"aligncenter size-full wp-image-39569\" src=\"http:\/\/www.korhanyilmaz.com\/wp-content\/uploads\/2011\/09\/5008.jpg\" alt=\"\" width=\"329\" height=\"210\" \/><\/a><\/p>\n<p style=\"text-align: justify;\">CHP Genel Ba\u015fkan Yard\u0131mc\u0131s\u0131 ve Parti S\u00f6zc\u00fcs\u00fc Birg\u00fcl Ayman G\u00fcler, Adalet Bakan\u0131 Sadullah Ergin&#8217;in yasad\u0131\u015f\u0131 dinlemelerle ilgili s\u00f6zlerini ele\u015ftirerek, \u201cSay\u0131n Bakan\u0131n dinlemelerle ilgili olarak &#8216;K\u0131l\u0131\u00e7daro\u011flu a\u00e7\u0131klas\u0131n&#8217; demesi ve &#8216;cep telefonundan bile dinleme yap\u0131labiliyor biz ne yapal\u0131m&#8217; diye a\u00e7\u0131klama yapmas\u0131, hem bir aczin hem de dinlemelerden h\u00fck\u00fcmetin haberdar oldu\u011funun itiraf\u0131d\u0131r\u201d ifadesini kulland\u0131.\u00a0<!--more--><\/p>\n<p style=\"text-align: justify;\">G\u00fcler, yapt\u0131\u011f\u0131 yaz\u0131l\u0131 a\u00e7\u0131klamada, Adalet Bakan\u0131 Sadullah Ergin&#8217;in, \u201cDeniz Feneri e.V Ba\u011flant\u0131l\u0131 Soru\u015fturma, tutuklu milletvekillerinin durumu ve yasad\u0131\u015f\u0131 dinlemelere\u201d ili\u015fkin s\u00f6zlerini de\u011ferlendirdi.<\/p>\n<p style=\"text-align: justify;\">Adalet Bakan\u0131 Ergin&#8217;in a\u00e7\u0131klama yaparken adaletsiz olmamas\u0131 ve kamuoyunu yan\u0131ltmamas\u0131 gerekti\u011fini ifade eden G\u00fcler, bakan\u0131n \u201cDeniz Feneri e.V Ba\u011flant\u0131l\u0131 Soru\u015fturma\u201d konusunda \u201c\u015f\u00fcphelilerin avukat\u0131 gibi\u201d davrand\u0131\u011f\u0131n\u0131, tutuklu milletvekillerinin durumu konusunda ise Ba\u015fbakan Recep Tayyip Erdo\u011fan&#8217;\u0131n onay\u0131yla yay\u0131mlanan protokol\u00fc yok sayd\u0131\u011f\u0131n\u0131 ileri s\u00fcrd\u00fc.<\/p>\n<p style=\"text-align: justify;\">Tutuklu milletvekillerinin durumu hakk\u0131nda TBMM&#8217;de Ak Parti ve CHP temsilcileri aras\u0131nda imzalanan protokol\u00fc hat\u0131rlatan G\u00fcler, a\u00e7\u0131klamas\u0131nda \u015funlar\u0131 kaydetti:<\/p>\n<p style=\"text-align: justify;\">\u201cSay\u0131n Bakan biz CHP olarak Adalet Bakanl\u0131\u011f\u0131&#8217;ndan bir \u015fey istemiyoruz. Biz yaln\u0131zca Say\u0131n Ba\u015fbakan&#8217;\u0131n onay\u0131 ile imzalanan protokole g\u00f6re, AKP Meclis Grubu&#8217;nun da H\u00fck\u00fcmetin de \u00fczerine d\u00fc\u015fen sorumlulu\u011fu yerine getirmesini istiyoruz. Bunu isterken de Say\u0131n Bakan&#8217;a soruyoruz, siz tutuklu milletvekilleriyle ilgili olarak AKP ve CHP aras\u0131nda imzalanan protokol\u00fc bilmiyor musunuz? Okumad\u0131n\u0131z m\u0131? O protokol Say\u0131n Ba\u015fbakan&#8217;\u0131n da onay verdi\u011fi bir anla\u015fmad\u0131r ve Say\u0131n K\u0131l\u0131\u00e7daro\u011flu protokol\u00fcn alt\u0131ndaki imzalar\u0131 partilerin namusu olarak tan\u0131mlay\u0131p, &#8216;herkes namusuna sahip \u00e7\u0131ks\u0131n&#8217; demi\u015ftir. O protokol CHP&#8217;nin yemin yolu a\u00e7\u0131ls\u0131n \u00f6nerisine, H\u00fck\u00fcmetin &#8216;evet hakl\u0131s\u0131n\u0131z, bunun i\u00e7in \u00e7aba harcayaca\u011f\u0131z&#8217; taahh\u00fcd\u00fcd\u00fcr. Biz sizden s\u00f6z namusuna uygun davranman\u0131z\u0131 istiyoruz. Bakan her konuda oldu\u011fu gibi ya ulusal ve uluslararas\u0131 hukukun bu konuda uygulanmas\u0131n\u0131 sa\u011flayacak, yada uygulamayanlar hakk\u0131nda gere\u011fini yapacak. Bunu yapamayan\u0131n o makamda i\u015fi yoktur. Kendisi Bay\u0131nd\u0131rl\u0131k Bakan\u0131 m\u0131, yoksa ba\u015fka bir \u00fclkenin bakan\u0131 m\u0131?\u201d<\/p>\n<p style=\"text-align: justify;\">Ergin&#8217;in, \u201cDeniz Feneri e.V Ba\u011flant\u0131l\u0131 Soru\u015fturma\u201d konusunda \u201cBu soru\u015fturma 3 y\u0131ld\u0131r devam ediyor, savc\u0131lar\u0131n \u00e7al\u0131\u015fmalar\u0131na kimse m\u00fcdahil olmad\u0131\u201d ifadesini kulland\u0131\u011f\u0131n\u0131 kaydeden G\u00fcler, \u201cNe zamana kadar m\u00fcdahil olmad\u0131 Say\u0131n Bakan? Soru\u015fturmada AKP&#8217;lilerle, hatta bir Bakan\u0131n \u00f6zel kalemiyle ili\u015fkiler\u00a0ortaya \u00e7\u0131kana kadar m\u0131? Savc\u0131lar o belge ve bilgiye ula\u015f\u0131nca m\u0131 g\u00f6revden al\u0131nd\u0131?\u201d diye sordu. G\u00fcler, a\u00e7\u0131klamas\u0131nda \u015funlar\u0131 kaydetti:<\/p>\n<p style=\"text-align: justify;\">\u201cSay\u0131n Bakan oturdu\u011fu koltu\u011fun ve yetkilerinin de fark\u0131nda de\u011filmi\u015f gibi savc\u0131lar\u0131n ba\u015fsavc\u0131n\u0131n tasarrufuyla de\u011fi\u015ftirildi\u011fini s\u00f6yl\u00fcyor. Ba\u015fsavc\u0131n\u0131n \u00fcst kurulu Hakimler ve Savc\u0131lar Y\u00fcksek Kurulu, Hakimler ve Savc\u0131lar Y\u00fcksek Kurulu&#8217;nun (HSYK) Ba\u015fkan\u0131 Adalet Bakan\u0131&#8217;d\u0131r. M\u00fcfetti\u015fleri g\u00f6revlendiren de Adalet Bakan\u0131&#8217;d\u0131r. A\u00e7\u0131k ve somut bu ger\u00e7ekler \u0131\u015f\u0131\u011f\u0131nda Say\u0131n Bakan\u0131n &#8216;ba\u015fsavc\u0131 yapt\u0131 ben yapmad\u0131m&#8217; demesi tam bir sorumsuzluk \u00f6rne\u011fidir.<\/p>\n<p style=\"text-align: justify;\">\u00d6te yandan, Say\u0131n Bakan savc\u0131lar i\u00e7in &#8216;kanunu ihlal ettiler&#8217; dedi.<\/p>\n<p style=\"text-align: justify;\">Biliniyor ki, inceleme soru\u015fturmaya d\u00f6n\u00fc\u015ft\u00fcr\u00fcld\u00fc ve devam ediyor. Ama, Bakan Hakimler ve Savc\u0131lar Y\u00fcksek Kurulu&#8217;nun ba\u015fkan\u0131 olarak, bitmeyen bir soru\u015fturmada \u00f6n\u00fcne gelecek konu hakk\u0131nda kesin kanaatini a\u00e7\u0131kl\u0131yor. HSYK sandalyelerinde kendi b\u00fcrokratlar\u0131 ve Bakanl\u0131\u011f\u0131n haz\u0131rlad\u0131\u011f\u0131 blok listeden se\u00e7ilen \u00fcyeler g\u00f6rev yaparken, bunlardan nas\u0131l adalete uygun bir sonu\u00e7 bekleyece\u011fiz?<\/p>\n<p style=\"text-align: justify;\">Say\u0131n Bakan\u0131n dinlemelerle ilgili olarak &#8216;K\u0131l\u0131\u00e7daro\u011flu a\u00e7\u0131klas\u0131n&#8217; demesi ve &#8216;cep telefonundan bile dinleme yap\u0131labiliyor biz ne yapal\u0131m&#8217; diye a\u00e7\u0131klama yapmas\u0131, hem bir aczin hem de dinlemelerden h\u00fck\u00fcmetin haberdar oldu\u011funun itiraf\u0131d\u0131r. &#8216;K\u0131l\u0131\u00e7daro\u011flu a\u00e7\u0131klas\u0131n&#8217; diyen Bakan bilsin ki, CHP iktidar\u0131nda bu ve benzeri her t\u00fcr hukuksuzluk hem a\u00e7\u0131klanacak, hem de herkes hukuksuz tasarrufunun bedelini \u00f6deyecektir.\u201d<\/p>\n<p style=\"text-align: justify;\"><a href=\"http:\/\/haber.gazetevatan.com\/bakan-itiraf-etti\/397992\/9\/Siyaset\" target=\"_blank\">Kaynak : VATAN Gazetesi<\/a><\/p>\n","protected":false},"excerpt":{"rendered":"<p style=\"text-align: center;\">\n<p style=\"text-align: justify;\">CHP Genel Ba\u015fkan Yard\u0131mc\u0131s\u0131 ve Parti S\u00f6zc\u00fcs\u00fc Birg\u00fcl Ayman G\u00fcler, Adalet Bakan\u0131 Sadullah Ergin&#8217;in yasad\u0131\u015f\u0131 dinlemelerle ilgili s\u00f6zlerini ele\u015ftirerek, \u201cSay\u0131n Bakan\u0131n dinlemelerle ilgili olarak &#8216;K\u0131l\u0131\u00e7daro\u011flu a\u00e7\u0131klas\u0131n&#8217; demesi ve &#8216;cep telefonundan bile dinleme yap\u0131labiliyor biz ne yapal\u0131m&#8217; diye a\u00e7\u0131klama yapmas\u0131, hem bir aczin hem de dinlemelerden h\u00fck\u00fcmetin haberdar oldu\u011funun itiraf\u0131d\u0131r\u201d ifadesini <\/p>\n","protected":false},"author":1,"featured_media":0,"comment_status":"open","ping_status":"open","sticky":false,"template":"","format":"standard","meta":{"footnotes":""},"categories":[105],"tags":[],"class_list":["post-39568","post","type-post","status-publish","format-standard","hentry","category-gundem","odd"],"_links":{"self":[{"href":"http:\/\/www.korhanyilmaz.com\/index.php?rest_route=\/wp\/v2\/posts\/39568","targetHints":{"allow":["GET"]}}],"collection":[{"href":"http:\/\/www.korhanyilmaz.com\/index.php?rest_route=\/wp\/v2\/posts"}],"about":[{"href":"http:\/\/www.korhanyilmaz.com\/index.php?rest_route=\/wp\/v2\/types\/post"}],"author":[{"embeddable":true,"href":"http:\/\/www.korhanyilmaz.com\/index.php?rest_route=\/wp\/v2\/users\/1"}],"replies":[{"embeddable":true,"href":"http:\/\/www.korhanyilmaz.com\/index.php?rest_route=%2Fwp%2Fv2%2Fcomments&post=39568"}],"version-history":[{"count":0,"href":"http:\/\/www.korhanyilmaz.com\/index.php?rest_route=\/wp\/v2\/posts\/39568\/revisions"}],"wp:attachment":[{"href":"http:\/\/www.korhanyilmaz.com\/index.php?rest_route=%2Fwp%2Fv2%2Fmedia&parent=39568"}],"wp:term":[{"taxonomy":"category","embeddable":true,"href":"http:\/\/www.korhanyilmaz.com\/index.php?rest_route=%2Fwp%2Fv2%2Fcategories&post=39568"},{"taxonomy":"post_tag","embeddable":true,"href":"http:\/\/www.korhanyilmaz.com\/index.php?rest_route=%2Fwp%2Fv2%2Ftags&post=39568"}],"curies":[{"name":"wp","href":"https:\/\/api.w.org\/{rel}","templated":true}]}}