{"id":39565,"date":"2011-09-05T19:34:40","date_gmt":"2011-09-05T16:34:40","guid":{"rendered":"http:\/\/www.korhanyilmaz.com\/?p=39565"},"modified":"2011-09-05T22:43:59","modified_gmt":"2011-09-05T19:43:59","slug":"hedef-davayi-ergenekona-baglamak","status":"publish","type":"post","link":"http:\/\/www.korhanyilmaz.com\/?p=39565","title":{"rendered":"&#8220;Hedef, davay\u0131 Ergenekon&#8217;a ba\u011flamak&#8221;"},"content":{"rendered":"<p style=\"text-align: center;\"><a href=\"http:\/\/www.korhanyilmaz.com\/wp-content\/uploads\/2011\/09\/5007.jpg\"  class=\"lightview\"><img loading=\"lazy\" decoding=\"async\" class=\"aligncenter size-full wp-image-39566\" src=\"http:\/\/www.korhanyilmaz.com\/wp-content\/uploads\/2011\/09\/5007.jpg\" alt=\"\" width=\"322\" height=\"241\" \/><\/a><\/p>\n<p style=\"text-align: justify;\">Cumhuriyet&#8217;e molotof kokteyli atmaktan san\u0131k Bedirhan \u015einal, polisin davaya Sedat Peker&#8217;in adamlar\u0131n\u0131 dahil etmek i\u00e7in kendisini kulland\u0131\u011f\u0131n\u0131 s\u00f6yledi.<\/p>\n<p style=\"text-align: justify;\">Cumhuriyet- Birinci Ergnekon davas\u0131nda Cumhuriyet Gazetesi\u2019ne molotof kokteyli atmaktan san\u0131k Bedirhan \u015einal, \u201cCumhuriyet Gazetesi\u2019ne atmas\u0131 i\u00e7in baz\u0131 polislerin kendisine bomba verdi\u011fi\u201d iddias\u0131n\u0131 yineledi.<!--more--><\/p>\n<p style=\"text-align: justify;\">Organize su\u00e7 \u00f6rg\u00fct\u00fc lideri oldu\u011fu iddia edilen Sedat Peker\u2019in adam\u0131 oldu\u011fu \u00f6ne s\u00fcr\u00fclen san\u0131k Bo\u011fa\u00e7 Kaan Murathan\u2019\u0131n davada dahil edilmesi i\u00e7in polislerin kendisine kulland\u0131\u011f\u0131n\u0131 s\u00f6yleyen \u015einal, \u201cHedef, davay\u0131 Ergenekon\u2019a ba\u011flmakt\u0131\u201d diye konu\u015ftu. Polisin senaryolar\u0131na imza atmad\u0131\u011f\u0131n\u0131 s\u00f6yleyen \u015einal, \u201cGeldiler \u00e7izdiler, yazd\u0131lar. \u0130mzam olmayan ifadeyi kabul etmiyorum. Bu imzan\u0131n benim olup olmad\u0131\u011f\u0131n\u0131 tespitini istiyorum\u201d dedi.<\/p>\n<p style=\"text-align: justify;\">\u0130stanbul 13. A\u011f\u0131r Ceza Mahkemesi taraf\u0131ndan g\u00f6r\u00fclen \u0130\u015f\u00e7i Partisi Genel Ba\u015fkan\u0131 Do\u011fu Perin\u00e7ek\u2019in de san\u0131klar\u0131 aras\u0131nda bulundu\u011fu davaya 1 ay aradan sonra devam edildi. Silivri Cezaevi yerle\u015fkesi biti\u015fi\u011findeki duru\u015fma salonunda g\u00f6r\u00fclen davan\u0131n d\u00fcn 193. duru\u015fmas\u0131 yap\u0131ld\u0131. Oturumu a\u00e7an Ba\u015fkan Hasan H\u00fcseyin \u00d6zese, Cumhuriyet Gazetesi\u2019ne molotof kokteyli at\u0131lmas\u0131 dosyas\u0131 san\u0131\u011f\u0131 Bedirhan \u015einal\u2019i sorgu ve savunmas\u0131na devam edilmek \u00fczere k\u00fcrs\u00fcye \u00e7a\u011f\u0131rd\u0131. Ba\u015fkan \u00d6zese, \u015einal\u2019e dosya Ergenekon ile birle\u015ftirilmeden \u00f6nce davan\u0131n g\u00f6r\u00fcld\u00fc\u011f\u00fc \u0130stanbul 12. A\u011f\u0131r Ceza Mahkemesi&#8217;ne, \u0130stanbul Cumhuriyet Savc\u0131l\u0131\u011f\u0131\u2019na g\u00f6nderdi\u011fi mektuplar\u0131, cezaevinde el konulan notlar\u0131n\u0131 okuyarak kendisine ait olup olmad\u0131klar\u0131n\u0131 sordu.<\/p>\n<p style=\"text-align: justify;\">Ba\u015fkan \u00d6zese, \u015einal\u2019in Edirne F Tipi Cezaevi\u2019nden ge\u00e7en y\u0131l kaybetti\u011fimiz \u0130lhan Sel\u00e7uk\u2019a g\u00f6ndermek istedi\u011fi, ancak cezaevi y\u00f6netiminin el koydu\u011fu tehdit mektubunu okuyarak kendisinin yaz\u0131p yazmad\u0131\u011f\u0131n\u0131 sordu. Bedirhan \u015einal, \u201cBiz sizi ne zaman istersek bulabiliriz\u201d \u015feklinde ifadeler yer alan \u0130lhan Sel\u00e7uk\u2019un \u00f6l\u00fcmle tehdit edildi\u011fi mektupla ilgili olarak \u201cEvet ben yazd\u0131m. Beni oraya bunun i\u00e7in g\u00f6nderdiler zaten. \u0130lhan Sel\u00e7uk\u2019a ula\u015fmayaca\u011f\u0131n\u0131 biliyordum. \u0130lhan Sel\u00e7uk\u2019a istedi\u011fimiz zaman ula\u015fabilirdik, evet zaten zarf\u0131n \u00fczerinde evinin adresi var\u201d diye konu\u015ftu. \u015einal, iddialar\u0131n\u0131 \u015f\u00f6yle s\u0131ralad\u0131:<\/p>\n<p style=\"text-align: justify;\">\u201cD\u0131\u015fardaki \u015fah\u0131slardan. Bostanc\u0131\u2019da bir yaz\u0131hanede tak\u0131l\u0131yorduk. O yaz\u0131hanede T\u00fcrkiye\u2019de herkesin adresi var. \u0130lhan Sel\u00e7uk\u2019un dosyas\u0131n\u0131 a\u00e7t\u0131\u011f\u0131nda bilgileri bulursun. Bostanc\u0131\u2019daki o yaz\u0131hanede yap\u0131lan eylemlerde toplanan bilgiler tutanak haline getirilir dosyalan\u0131r. \u00d6lm\u00fc\u015f insan hakk\u0131nda konu\u015fmaya gerek yok, ama \u0130han Sel\u00e7uk\u2019un evi \u015ei\u015fli\u2019de bir yerde. Gazete de \u015ei\u015fli\u2019de. \u0130lhan Sel\u00e7uk\u2019u istedi\u011fin zanan \u00f6ld\u00fcrebilirsin, Ba\u015fbakan\u2019\u0131 da \u00f6ld\u00fcrebilirsin.\u201d<\/p>\n<p style=\"text-align: justify;\">Ba\u015fkan \u00d6zese\u2019nin \u201c\u0130lhan Sel\u00e7uk\u2019la ilgili ara\u015ft\u0131rma yapt\u0131n\u0131z m\u0131, adresi kimden ald\u0131n\u0131z\u201d sorus\u00fc \u00fczerine \u015einal, \u015fu iddialarda bulundu: \u201cBostanc\u0131\u2019daki yaz\u0131hanede \u0130lhan Sel\u00e7uk\u2019un foto\u011fraf\u0131, kald\u0131\u011f\u0131 evi, g\u00f6r\u00fc\u015ft\u00fc\u011f\u00fc ki\u015filerle g\u00f6r\u00fc\u015fme i\u00e7eri\u011fi mevcut. Bunlar\u0131 kimin yapt\u0131rd\u0131\u011f\u0131n\u0131 siz de biliyorsunuz. Bunu sizler de biliyorsunuz. Birini alsak \u2018di\u011ferleri de gelir\u2019 diye alm\u0131yorsunuz. Sizin de can g\u00fcvenli\u011finiz yok.\u201d<\/p>\n<p style=\"text-align: justify;\"><strong>Hedef Ergenekon&#8217;a ba\u011flamak\u00a0<\/strong><\/p>\n<p style=\"text-align: justify;\">\u015einal, \u0130stanbul 12. A\u011f\u0131r Ceza Mahkemesi\u2019ne verdi\u011fi ve \u201cCumhuriyet Gazetesi\u2019ne molotofkokteyli atmas\u0131 i\u00e7in Bayrampa\u015fa Cezaevi\u2019nde kendisini Peker\u2019in adam\u0131 Bo\u011fa\u00e7 Kaan Murathan ve di\u011fer san\u0131klar\u0131n azmettirdi\u011fine\u201d ili\u015fkin dilek\u00e7e hakk\u0131nda \u015funlar\u0131 s\u00f6yledi: \u201cEvet ben yazd\u0131m. Polis bana para teklif ediyor, Polisle aram\u0131zda yazd\u0131\u011f\u0131m\u0131z s\u00f6zle\u015fme var. Hedef davay\u0131 Ergenekon\u2019a ba\u011flamak. Silivri Cezaevi\u2019nde m\u00fcd\u00fcr beni Osman Y\u0131ld\u0131r\u0131m\u2019\u0131n yan\u0131na g\u00f6nderece\u011fini s\u00f6yledi. Ama Savc\u0131 izin vermedi.\u201d<\/p>\n<p style=\"text-align: justify;\">Polisin kendisine yapt\u0131\u011f\u0131 vaatlere uymayarak ihanet etti\u011fini anlatan \u015einal, \u201c\u0130hanete, ihanetle kar\u015f\u0131l\u0131k verdim. \u2018Kredi a\u00e7acakt\u0131n\u0131z ne oldu\u2019 dedim. Biraz da vicdan azab\u0131 nedeniyle bunlar\u0131 a\u00e7\u0131klad\u0131m. Bo\u011fa\u00e7 Kaan Murathan\u2019\u0131n bunlarla ilgisi yok\u201d dedi. 15 ya\u015f\u0131ndayken Karag\u00fcmr\u00fck \u00c7etesi olarak bilinen Nuri Ergin ve karde\u015flerinin yan\u0131nda \u201ctak\u0131ld\u0131\u011f\u0131n\u0131\u201d anlatan \u015einal, \u201cTorbac\u0131 denilen, uyu\u015fturucu satan adamlar\u0131 yan\u0131nda dururdum. Silah da verirlerdi. Ak\u015fam da Nuri Ergin para verirdi. Kadroda eksik varsa Nuri Ergin&#8217;i de \u00e7a\u011f\u0131rabilirsiniz\u201d diye konu\u015ftu.<\/p>\n<p style=\"text-align: justify;\"><strong>&#8220;Osman Y\u0131ld\u0131r\u0131m&#8217;\u0131 \u00f6ld\u00fcrecektim&#8221;\u00a0<\/strong><\/p>\n<p style=\"text-align: justify;\">Birinci Ergenekon davas\u0131nda Cumhuriyet Gazetesi\u2019ne molotof kokteyli atmaktan san\u0131k Bedirhan \u015einal, Silivri 5.No.lu Cezaevi 2. M\u00fcd\u00fcr\u00fc ve bir idare memurnun kendisini Osman Y\u0131ld\u0131r\u0131m\u2019\u0131 \u00f6ld\u00fcrmek i\u00e7in azmettirdi\u011fini s\u00f6yledi. \u015einal \u201cG\u00f6revi kabul ettim. Ancak savc\u0131 engelledi. Osman Y\u0131ld\u0131r\u0131m\u2019\u0131 \u00f6ld\u00fcrecektim\u201d diye konu\u015ftu.<\/p>\n<p style=\"text-align: justify;\">Savc\u0131 Nihat Ta\u015fk\u0131n, Bedirhan \u015einal\u2019e \u201cKim seni Osman Y\u0131ld\u0131r\u0131m\u2019\u0131n yan\u0131na g\u00f6ndermek istiyordu\u201d diye sordu. \u015einal, \u201cCezaevinin ikinci m\u00fcd\u00fcr\u00fc \u2018Dilek\u00e7e yaz. Seni Osman Y\u0131ld\u0131r\u0131m\u2019\u0131n yan\u0131na koyal\u0131m\u2019 dedi. Osman Y\u0131ld\u0131r\u0131m\u2019a bir eylem planlam\u0131\u015ft\u0131k. Ama eylemi ger\u00e7ekle\u015ftiremedik, savc\u0131 engel oldu\u201d diye konu\u015ftu.<\/p>\n<p style=\"text-align: justify;\">Savc\u0131 Ta\u015fk\u0131n \u201cYani Osman Y\u0131ld\u0131r\u0131m\u2019\u0131 \u00f6ld\u00fcrmenizi kim istedi\u201d diye sordu.<\/p>\n<p style=\"text-align: justify;\">Bedirhan \u015einal \u201cCezaevi 2. M\u00fcd\u00fcr\u00fc, hatta yan\u0131nda da idare memuru vard\u0131. Bana Osman Y\u0131ld\u0131r\u0131m\u2019\u0131n yan\u0131na ge\u00e7mem i\u00e7in dilek\u00e7e yazd\u0131rd\u0131lar. Emanet de g\u00f6ndereceklerdi. \u0130tiraf\u00e7\u0131 oldu\u011fum i\u00e7in Osman Y\u0131ld\u0131r\u0131m ile yak\u0131nl\u0131k kurabilece\u011fimi d\u00fc\u015f\u00fcd\u00fcler. \u00d6ld\u00fcrme eylemini kabul ettim. Ancak savc\u0131 engel oldu\u201d diye iddiada bulundu.<\/p>\n<p style=\"text-align: justify;\"><a href=\"http:\/\/www.cumhuriyet.com.tr\/?hn=274610&amp;kw=%22Hedef%2C+davay%FD+Ergenekon'a+ba%F0lamak%22\">Kaynak : Cumhuriyet Haber Portal\u0131<\/a><\/p>\n","protected":false},"excerpt":{"rendered":"<p style=\"text-align: center;\">\n<p style=\"text-align: justify;\">Cumhuriyet&#8217;e molotof kokteyli atmaktan san\u0131k Bedirhan \u015einal, polisin davaya Sedat Peker&#8217;in adamlar\u0131n\u0131 dahil etmek i\u00e7in kendisini kulland\u0131\u011f\u0131n\u0131 s\u00f6yledi.<\/p>\n<p style=\"text-align: justify;\">Cumhuriyet- Birinci Ergnekon davas\u0131nda Cumhuriyet Gazetesi\u2019ne molotof kokteyli atmaktan san\u0131k Bedirhan \u015einal, \u201cCumhuriyet Gazetesi\u2019ne atmas\u0131 i\u00e7in baz\u0131 polislerin kendisine bomba verdi\u011fi\u201d iddias\u0131n\u0131 yineledi.<\/p>\n","protected":false},"author":1,"featured_media":0,"comment_status":"open","ping_status":"open","sticky":false,"template":"","format":"standard","meta":{"footnotes":""},"categories":[105],"tags":[],"class_list":["post-39565","post","type-post","status-publish","format-standard","hentry","category-gundem","odd"],"_links":{"self":[{"href":"http:\/\/www.korhanyilmaz.com\/index.php?rest_route=\/wp\/v2\/posts\/39565","targetHints":{"allow":["GET"]}}],"collection":[{"href":"http:\/\/www.korhanyilmaz.com\/index.php?rest_route=\/wp\/v2\/posts"}],"about":[{"href":"http:\/\/www.korhanyilmaz.com\/index.php?rest_route=\/wp\/v2\/types\/post"}],"author":[{"embeddable":true,"href":"http:\/\/www.korhanyilmaz.com\/index.php?rest_route=\/wp\/v2\/users\/1"}],"replies":[{"embeddable":true,"href":"http:\/\/www.korhanyilmaz.com\/index.php?rest_route=%2Fwp%2Fv2%2Fcomments&post=39565"}],"version-history":[{"count":0,"href":"http:\/\/www.korhanyilmaz.com\/index.php?rest_route=\/wp\/v2\/posts\/39565\/revisions"}],"wp:attachment":[{"href":"http:\/\/www.korhanyilmaz.com\/index.php?rest_route=%2Fwp%2Fv2%2Fmedia&parent=39565"}],"wp:term":[{"taxonomy":"category","embeddable":true,"href":"http:\/\/www.korhanyilmaz.com\/index.php?rest_route=%2Fwp%2Fv2%2Fcategories&post=39565"},{"taxonomy":"post_tag","embeddable":true,"href":"http:\/\/www.korhanyilmaz.com\/index.php?rest_route=%2Fwp%2Fv2%2Ftags&post=39565"}],"curies":[{"name":"wp","href":"https:\/\/api.w.org\/{rel}","templated":true}]}}