{"id":39561,"date":"2011-09-05T16:53:48","date_gmt":"2011-09-05T13:53:48","guid":{"rendered":"http:\/\/www.korhanyilmaz.com\/?p=39561"},"modified":"2011-09-05T21:35:29","modified_gmt":"2011-09-05T18:35:29","slug":"israile-ekonomik-yaptirim-yok","status":"publish","type":"post","link":"http:\/\/www.korhanyilmaz.com\/?p=39561","title":{"rendered":"\u0130srail&#8217;e ekonomik yapt\u0131r\u0131m yok"},"content":{"rendered":"<p style=\"text-align: center;\"><a href=\"http:\/\/www.korhanyilmaz.com\/wp-content\/uploads\/2011\/09\/5006.jpg\"  class=\"lightview\"><img loading=\"lazy\" decoding=\"async\" class=\"aligncenter size-full wp-image-39562\" src=\"http:\/\/www.korhanyilmaz.com\/wp-content\/uploads\/2011\/09\/5006.jpg\" alt=\"\" width=\"320\" height=\"214\" \/><\/a><\/p>\n<p style=\"text-align: justify;\">Ekonomi Bakan\u0131 Zafer \u00c7a\u011flayan, \u00f6z\u00fcr dilemedi\u011fi i\u00e7in ili\u015fkilerin ask\u0131ya al\u0131nd\u0131\u011f\u0131 \u0130srail&#8217;le ekonomik ili\u015fkilerin devam etti\u011fini s\u00f6yledi. \u00c7a\u011flayan, &#8220;Ekonomik yapt\u0131r\u0131m \u015fu an i\u00e7in s\u00f6zkonusu de\u011fil&#8221; dedi.<!--more--><\/p>\n<p style=\"text-align: justify;\">Ekonomi Bakan\u0131 Zafer \u00c7a\u011flayan, Mavi Marmara sald\u0131r\u0131s\u0131 nedeniyle \u00f6z\u00fcr dilemeyen \u0130sral\u2019e kar\u015f\u0131 al\u0131nan yapt\u0131r\u0131m kararlar\u0131n\u0131 de\u011ferlendirdi. Zafer \u00c7a\u011flayan, \u0130srail&#8217;e kar\u015f\u0131 ekonomik yapt\u0131r\u0131m\u0131n \u015fu an i\u00e7in s\u00f6zkonusu olmad\u0131\u011f\u0131n\u0131 s\u00f6yledi. Bakan \u00c7a\u011flayan, \u015funlar\u0131 s\u00f6yledi:<\/p>\n<p style=\"text-align: justify;\">\u201c9 masum insan\u0131n \u00f6ld\u00fcr\u00fclmesini kimse a\u00e7\u0131klayamaz. O sald\u0131r\u0131y\u0131 hi\u00e7bir \u015fey d\u00fczeltmemez. T\u00fcrkiye\u2019nin bekledi\u011fi \u0130srail devletinin \u00f6z\u00fcr dilemesidir. H\u00fck\u00fcmetimizin g\u00f6r\u00fc\u015f\u00fc \u00e7ok net bir \u015fekilde D\u0131\u015fi\u015fleri Bakan\u0131 taraf\u0131ndan a\u00e7\u0131klam\u0131\u015ft\u0131r. \u0130srail\u2019le olan ticaret devam ediyor. Filistin\u2019le ticaretimizi \u0130srail \u00fczerinden yap\u0131yoruz. Ekonomiyle ilgili herhangi yapt\u0131r\u0131m s\u00f6zkonusu de\u011fil. \u015eu an itibar\u0131yla herhangi bir \u015fey yok.<\/p>\n<p style=\"text-align: justify;\">\u0130srail halk\u0131 da bundan menmun olmad\u0131\u011f\u0131n\u0131 dile getiriyor. Ne \u0130srail devleti, ne \u0130srail halk\u0131n\u0131n bu konuda dahli yoktur. Bu \u0130srail h\u00fck\u00fcmetinin i\u00e7 politikaya y\u00f6nelik bir oyunudur. Herhalde bu noktaya geleceklerini beklemiyorlard\u0131. Bu konuda \u0130srail h\u00fck\u00fcmeti yaln\u0131z kalacakt\u0131r. Kaybeden \u0130srail olacakt\u0131r. Problemin ana kayna\u011f\u0131 \u0130srail h\u00fck\u00fcmetinin pop\u00fclist yakla\u015f\u0131mlar\u0131d\u0131r.\u201d<\/p>\n<p style=\"text-align: justify;\"><a href=\"http:\/\/www.radikal.com.tr\/Radikal.aspx?aType=RadikalDetayV3&amp;ArticleID=1062358&amp;Date=05.09.2011&amp;CategoryID=80\" target=\"_blank\">Kaynak : Radikal.com.tr<\/a><\/p>\n<p>&nbsp;<\/p>\n","protected":false},"excerpt":{"rendered":"<p style=\"text-align: center;\">\n<p style=\"text-align: justify;\">Ekonomi Bakan\u0131 Zafer \u00c7a\u011flayan, \u00f6z\u00fcr dilemedi\u011fi i\u00e7in ili\u015fkilerin ask\u0131ya al\u0131nd\u0131\u011f\u0131 \u0130srail&#8217;le ekonomik ili\u015fkilerin devam etti\u011fini s\u00f6yledi. \u00c7a\u011flayan, &#8220;Ekonomik yapt\u0131r\u0131m \u015fu an i\u00e7in s\u00f6zkonusu de\u011fil&#8221; dedi.<\/p>\n","protected":false},"author":1,"featured_media":0,"comment_status":"open","ping_status":"open","sticky":false,"template":"","format":"standard","meta":{"footnotes":""},"categories":[7],"tags":[],"class_list":["post-39561","post","type-post","status-publish","format-standard","hentry","category-ekonomi","odd"],"_links":{"self":[{"href":"http:\/\/www.korhanyilmaz.com\/index.php?rest_route=\/wp\/v2\/posts\/39561","targetHints":{"allow":["GET"]}}],"collection":[{"href":"http:\/\/www.korhanyilmaz.com\/index.php?rest_route=\/wp\/v2\/posts"}],"about":[{"href":"http:\/\/www.korhanyilmaz.com\/index.php?rest_route=\/wp\/v2\/types\/post"}],"author":[{"embeddable":true,"href":"http:\/\/www.korhanyilmaz.com\/index.php?rest_route=\/wp\/v2\/users\/1"}],"replies":[{"embeddable":true,"href":"http:\/\/www.korhanyilmaz.com\/index.php?rest_route=%2Fwp%2Fv2%2Fcomments&post=39561"}],"version-history":[{"count":0,"href":"http:\/\/www.korhanyilmaz.com\/index.php?rest_route=\/wp\/v2\/posts\/39561\/revisions"}],"wp:attachment":[{"href":"http:\/\/www.korhanyilmaz.com\/index.php?rest_route=%2Fwp%2Fv2%2Fmedia&parent=39561"}],"wp:term":[{"taxonomy":"category","embeddable":true,"href":"http:\/\/www.korhanyilmaz.com\/index.php?rest_route=%2Fwp%2Fv2%2Fcategories&post=39561"},{"taxonomy":"post_tag","embeddable":true,"href":"http:\/\/www.korhanyilmaz.com\/index.php?rest_route=%2Fwp%2Fv2%2Ftags&post=39561"}],"curies":[{"name":"wp","href":"https:\/\/api.w.org\/{rel}","templated":true}]}}