{"id":39556,"date":"2011-09-05T17:25:34","date_gmt":"2011-09-05T14:25:34","guid":{"rendered":"http:\/\/www.korhanyilmaz.com\/?p=39556"},"modified":"2011-09-05T21:30:37","modified_gmt":"2011-09-05T18:30:37","slug":"basbakan-ambargoyu-reddediyorsa-gazzeye-denizden-gitsin","status":"publish","type":"post","link":"http:\/\/www.korhanyilmaz.com\/?p=39556","title":{"rendered":"&#8216;Ba\u015fbakan ambargoyu reddediyorsa Gazze&#8217;ye denizden gitsin"},"content":{"rendered":"<p style=\"text-align: center;\"><a href=\"http:\/\/www.korhanyilmaz.com\/wp-content\/uploads\/2011\/09\/5005.jpg\"  class=\"lightview\"><img loading=\"lazy\" decoding=\"async\" class=\"aligncenter size-full wp-image-39557\" src=\"http:\/\/www.korhanyilmaz.com\/wp-content\/uploads\/2011\/09\/5005.jpg\" alt=\"\" width=\"346\" height=\"229\" \/><\/a><\/p>\n<p style=\"text-align: justify;\">MHP Grup Ba\u015fkanvekili Oktay Vural, &#8220;Ba\u015fbakan&#8217;\u0131n Gazze&#8217;ye gitme karar\u0131 var. Madem T\u00fcrkiye, denizden uygulanan bu ambargoyu reddediyor o zaman Ba\u015fbakan denizden gitsin. Binsin gemiye gitsin&#8221; dedi.<!--more--><\/p>\n<p style=\"text-align: justify;\">Vural, TBMM&#8217;de d\u00fczenlendi\u011fi bas\u0131n toplant\u0131s\u0131nda, H\u00fck\u00fcmetin, \u0130srail taraf\u0131ndan Mavi Marmara gemisine d\u00fczenlenen sald\u0131r\u0131ya ili\u015fkin ald\u0131\u011f\u0131 yapt\u0131r\u0131m kararlar\u0131nda ge\u00e7 kald\u0131\u011f\u0131n\u0131 savundu. \u0130srail&#8217;e zaman\u0131nda tepki g\u00f6sterilememesinin, \u201cbu \u00fclkenin de\u011firmenine su ta\u015f\u0131d\u0131\u011f\u0131n\u0131\u201d \u00f6ne s\u00fcren Vural, \u201cGenel Ba\u015fkan\u0131m\u0131z Devlet Bah\u00e7eli&#8217;nin \u00f6nerileri dikkate al\u0131nmad\u0131. Say\u0131n Genel Ba\u015fkan, b\u00fcy\u00fckel\u00e7inin s\u00fcresiz olarak \u00e7a\u011fr\u0131lmas\u0131n\u0131 ve anla\u015fmalar\u0131n ask\u0131ya al\u0131nmas\u0131n\u0131 istedi. 1,5 y\u0131l sonra bu \u00f6nerilerin uygulanmas\u0131 noktas\u0131na gelinmesi \u00f6nemlidir. Bu durum, kime ne kazand\u0131rd\u0131 AKP h\u00fck\u00fcmeti d\u00fc\u015f\u00fcns\u00fcn\u201d diye konu\u015ftu.<\/p>\n<p style=\"text-align: justify;\">\u00dclkelerin hakl\u0131 olduklar\u0131 konularda milli politika ve milli reflekslerle zaman\u0131nda tepki g\u00f6stermesi gerekti\u011fini ifade eden Vural, \u201cT\u00fcrkiye neden zaman\u0131nda bu kararlar\u0131 alamamaktad\u0131r? Kim engellemektedir?\u201d sorusunu y\u00f6neltti. Vural, uygulanan gayri milli politikalar\u0131n \u00fclkeyi ba\u015fkalar\u0131n\u0131n \u201cta\u015feronu gibi hareket etme\u201d durumuna d\u00fc\u015f\u00fcrd\u00fc\u011f\u00fcn\u00fc ileri s\u00fcrd\u00fc. \u0130srail&#8217;in hukuksuzluk yapt\u0131\u011f\u0131n\u0131, BM hukukunu tan\u0131mad\u0131\u011f\u0131n\u0131 ve insanlar\u0131 \u00f6ld\u00fcrd\u00fc\u011f\u00fcn\u00fc belirten Vural, \u015f\u00f6yle devam etti:<\/p>\n<p style=\"text-align: justify;\">\u201c\u0130srail&#8217;in g\u00fcvenli\u011fi i\u00e7in bir tak\u0131m makro politikalar haz\u0131rlan\u0131yor. Ondan sonra bu yapt\u0131r\u0131m kararlar\u0131 \u0130srail lobisi taraf\u0131ndan ele\u015ftiriliyor. H\u00fck\u00fcmetin uygulad\u0131\u011f\u0131 bu politikalar, a\u00e7\u0131k\u00e7as\u0131 maalesef son derece \u00e7eli\u015fkili. Say\u0131n Ba\u015fbakan&#8217;\u0131n Gazze&#8217;ye gitme karar\u0131 var. Zaten Ramallah \u00fczerinden Gazze&#8217;ye gitmi\u015f, yar\u0131m saat de bekletmi\u015flerdi. Cumhurba\u015fkan\u0131 da gitmi\u015fti. Madem T\u00fcrkiye denizden uygulanan bu ambargoyu reddediyor o zaman Ba\u015fbakan denizden gitsin. Binsin gemiye gitsin.\u201d<\/p>\n<p style=\"text-align: justify;\">D\u0131\u015fi\u015fleri Bakan\u0131 Ahmet Davuto\u011flu&#8217;nun bir gazetede yer alan r\u00f6portajda, AB \u00fclkelerine hitaben sarfetti\u011fi, \u201cha\u00e7l\u0131 imaj\u0131n\u0131 silin\u201d c\u00fcmlesine de de\u011finen Vural, \u201cSarkozy&#8217;nin bakan\u0131 Libya operasyonuna ili\u015fkin &#8216;ha\u00e7l\u0131 seferini Sarkozy y\u00f6netiyor&#8217; demedi mi? Bush, 11 Eyl\u00fcl sald\u0131r\u0131lar\u0131ndan sonra Ortado\u011fu politikas\u0131na y\u00f6nelik olarak &#8216;ha\u00e7l\u0131 seferi&#8217; dememi\u015f miydi? \u015eimdi t\u00fcm politikalarda AKP onlarla birlikte oluyor, &#8216;ha\u00e7l\u0131 imaj\u0131n\u0131 silin&#8217; diyor\u201d \u015feklinde konu\u015ftu.<\/p>\n<p style=\"text-align: justify;\">Ba\u015fbakan Recep Tayyip Erdo\u011fan&#8217;\u0131n, bir konu\u015fmas\u0131nda sarfetti\u011fi, \u201cHa\u00e7l\u0131 seferleri ayn\u0131 zamanda t\u00fcm taraflar\u0131n birbirini tan\u0131d\u0131\u011f\u0131, ileti\u015fime ge\u00e7ti\u011fi, ittifaklar kurdu\u011fu, bilim, sanat noktas\u0131nda al\u0131\u015fveri\u015fte bulundu\u011fu d\u00f6nemlerdir\u201d c\u00fcmlesini iPad&#8217;ten dinleten Vural, \u201cBa\u015fbakan bu seferlerin \u00e7ok faydal\u0131 y\u00f6nleri oldu\u011funu s\u00f6yl\u00fcyor, di\u011feri &#8216;bu imaj\u0131 silin&#8217; diyor. Bunlar\u0131 a\u00e7\u0131klas\u0131n birileri. Evlere \u015fenlik bir H\u00fck\u00fcmet. D\u00fcn s\u00f6yledi\u011fini unutan, birbirini tekzip eden, birbirini yok sayan&#8230; Al birini vur \u00f6tekine\u201d ifadelerini kulland\u0131.<\/p>\n<p style=\"text-align: justify;\"><strong>MAV\u0130 MARMARA RAPORU<\/strong><\/p>\n<p style=\"text-align: justify;\">H\u00fck\u00fcmetin, d\u0131\u015f politikas\u0131n\u0131n tutars\u0131z oldu\u011funu ileri s\u00fcren Vural, s\u00f6zlerini \u015f\u00f6yle s\u00fcrd\u00fcrd\u00fc:<\/p>\n<p style=\"text-align: justify;\">\u201cAdama sorarlar; g\u00fc\u00e7 elinde oldu\u011funda Esad&#8217;a kar\u015f\u0131 nas\u0131l hitap ediyordunuz? ABD Esad&#8217;a &#8216;git&#8217; dedikten sonra nas\u0131l hitap etmeye ba\u015flad\u0131n\u0131z? Kaddafi&#8217;den \u00f6d\u00fcl al\u0131rken nas\u0131l hitap ediyordunuz? Sarkozy sald\u0131rd\u0131ktan sonra nas\u0131l hitap etmeye ba\u015flad\u0131n\u0131z? Davuto\u011flu, BM Mavi Marmara Raporunun s\u0131zd\u0131r\u0131lmas\u0131yla ilgili diyor ki &#8216;raporun s\u0131zd\u0131r\u0131lmas\u0131 \u00e7ok ay\u0131p olmu\u015ftur&#8217; O zaman, Cumhurba\u015fkan\u0131&#8217;n\u0131n Esad&#8217;a yazd\u0131\u011f\u0131 mektubu s\u0131zd\u0131ran kim?<\/p>\n<p style=\"text-align: justify;\">T\u00fcrkiye&#8217;nin kom\u015fularla &#8216;s\u0131f\u0131r sorun&#8217; politikas\u0131, \u00e7ok bilinmeyenli, bol sorunlu bir d\u0131\u015f politikaya do\u011fru gitmi\u015ftir. Mavi Marmara Raporu konusunda, T\u00fcrkiye&#8217;nin bu panele kat\u0131lmas\u0131, kat\u0131ld\u0131ktan sonra \u0130srail lehine \u00e7\u0131kabilecek haberler kar\u015f\u0131s\u0131nda bu raporun a\u00e7\u0131klanmas\u0131n\u0131 istemesi, aleyhinde \u00e7\u0131k\u0131nca &#8216;yok&#8217; h\u00fckm\u00fcnde saymas\u0131&#8230; Rapor i\u00e7erisinde \u0130srail&#8217;i ele\u015ftiren konular\u0131n Davuto\u011flu taraf\u0131ndan dile getirilirken Cumhurba\u015fkan\u0131n\u0131n bunlar\u0131 yok saymas\u0131, \u00e7eli\u015fki olarak g\u00f6z\u00fck\u00fcyor.<\/p>\n<p style=\"text-align: justify;\">\u00d6zellikle, F\u00fcze Kalkan\u0131 Projesi&#8217;nin de bir oldu bittiyle a\u00e7\u0131klan\u0131p, hemen kar\u015f\u0131l\u0131\u011f\u0131nda da \u0130srail&#8217;e kar\u015f\u0131 tav\u0131r olu\u015fturuyor olmas\u0131 ger\u00e7ekten i\u015fkillendirmektedir. Madem bunu yapacakt\u0131n\u0131z, 2010&#8217;da yapsayd\u0131n\u0131z.\u201d<\/p>\n<p style=\"text-align: justify;\">Vural, konunun BM Genel Kuruluna g\u00f6t\u00fcr\u00fclerek, bir tav\u0131r olu\u015fturulmas\u0131 gerekti\u011fini d\u00fc\u015f\u00fcnd\u00fcklerini s\u00f6yledi. T\u00fcrkiye&#8217;nin hen\u00fcz \u201cm\u00fcnhas\u0131r ekonomik b\u00f6lgelerini\u201d belirlemedi\u011fini \u00f6ne s\u00fcren Vural, \u201cG\u00fcney K\u0131br\u0131s, L\u00fcbnan, \u0130srail ve M\u0131s\u0131r ile m\u00fcnhas\u0131r ekonomik b\u00f6lge anla\u015fmalar\u0131 imzalam\u0131\u015ft\u0131r. T\u00fcrkiye giderek hapsedilmektedir. Bunlar uyguland\u0131\u011f\u0131 zaman T\u00fcrkiye, Akdeniz&#8217;e \u00e7\u0131kamayacak bir boyuta gelebilir\u201d diye konu\u015ftu. Ba\u015fbakan Erdo\u011fan&#8217;\u0131n davetiyle T\u00fcrkiye gelen Yazar Kemal Burkay&#8217;\u0131n, \u201c\u00fclkeye neleri hazmettirmek i\u00e7in geldi\u011finin a\u00e7\u0131k\u00e7a g\u00f6r\u00fcld\u00fc\u011f\u00fcn\u00fc\u201d ifade eden Vural, \u201cYolda\u015f\u0131 Ertu\u011frul G\u00fcnay ile kankas\u0131 Egemen Ba\u011f\u0131\u015f makamlar\u0131nda kabul etmi\u015flerdi. \u015eimdi kalk\u0131p bu ki\u015finin, &#8216;ayr\u0131 bayrak&#8217;, &#8216;ayr\u0131 y\u00f6netim&#8217; demesi&#8230; H\u00fck\u00fcmetin nas\u0131l politikalara kar\u015f\u0131 hamiyetperver oldu\u011funu g\u00f6stermi\u015ftir\u201d dedi.<\/p>\n<p style=\"text-align: justify;\"><strong>BDP&#8217;N\u0130N TALEPLER\u0130<\/strong><\/p>\n<p style=\"text-align: justify;\">Vural a\u00e7\u0131klamas\u0131n\u0131n ard\u0131ndan gazetecilerin sorular\u0131n\u0131 yan\u0131tlad\u0131. Bir gazetecinin, \u201cD\u00fcnk\u00fc BDP kongresinde &#8216;demokratik \u00f6zerklik talebi&#8217; g\u00fcndeme geldi. Ter\u00f6rist ba\u015f\u0131n\u0131n bayra\u011f\u0131 as\u0131ld\u0131. Nas\u0131l de\u011ferlendiriyorsunuz?\u201d sorusu \u00fczerine Vural, \u201cRezalet. Kiminle ne ili\u015fki kuracaks\u0131n? Adamlar\u0131n ne istedikleri belli. Nerede hukuk? Bu kervan y\u00fcr\u00fcr. Kim ne derse desin. T\u00fcrkiye, bu z\u0131rvalara teslim olmaz. Herkes bunu b\u00f6yle bilsin. Sen kimsin? As\u0131l \u00f6nemlisi, ter\u00f6rist ba\u015f\u0131n\u0131n posterlerinin as\u0131ld\u0131\u011f\u0131, &#8216;demokratik \u00f6zerklik&#8217; taleplerinin dile getirildi\u011fi bir d\u00f6nemde H\u00fck\u00fcmetin \u0130mral\u0131 ile pazarl\u0131k etmesi. K\u00f6rle yatan \u015fa\u015f\u0131 kalkar\u201d diye konu\u015ftu.<\/p>\n<p style=\"text-align: justify;\">Vural, silahla baz\u0131 politikalar\u0131n \u00fclkeye hazmettirilmeye \u00e7al\u0131\u015f\u0131lmas\u0131na kar\u015f\u0131 devletin ve milletin kararl\u0131 bir \u015fekilde durmas\u0131n\u0131 istemenin haklar\u0131 oldu\u011funu belirtti. \u201c\u0130mral\u0131 ile yap\u0131lan protokollerin a\u00e7\u0131klanmas\u0131n\u0131 istiyorum\u201d diyen Vural, BDP&#8217;nin, T\u00fcrkiye&#8217;nin \u00e7\u00f6z\u00fclmesini isteyenlerin taleplerini dile getirdi\u011fini ileri s\u00fcrd\u00fc. Vural, \u201cBirileri kalk\u0131p, &#8216;halk bu talepleri istiyor&#8217; dese Ba\u015fbakan ne cevap verecek. Bu \u00e7\u0131kmaz bir sokakt\u0131r. Silahla bir noktaya var\u0131lamaz. Herkes zarar g\u00f6r\u00fcr\u201d dedi.<\/p>\n<p style=\"text-align: justify;\">Vural, bir ba\u015fka gazetecinin, Deniz Feneri davas\u0131 savc\u0131lar\u0131n\u0131n g\u00f6revden al\u0131nmalar\u0131na ili\u015fkin Adalet Bakan\u0131 Sadullah Ergin&#8217;in s\u00f6zlerini an\u0131msatmas\u0131 \u00fczerine, \u201cT\u00fcrkiye&#8217;de ba\u011f\u0131ms\u0131z yarg\u0131 kalmam\u0131\u015ft\u0131r. Hi\u00e7bir yarg\u0131\u00e7, savc\u0131 endi\u015fesiz bir \u015fekilde g\u00f6revini yapam\u0131yor. Bug\u00fcn HSYK, Sadullah Ergin&#8217;in atama makam\u0131 haline d\u00f6n\u00fc\u015ft\u00fcr\u00fclm\u00fc\u015ft\u00fcr. Y\u00fcr\u00fctme m\u00fcdahale ediyor. T\u00fcrkiye&#8217;de hi\u00e7bir yarg\u0131c\u0131n, savc\u0131n\u0131n y\u00fcr\u00fctmenin bask\u0131s\u0131ndan ari oldu\u011funu d\u00fc\u015f\u00fcnm\u00fcyorum. Yarg\u0131 ba\u011f\u0131ms\u0131zl\u0131\u011f\u0131 bask\u0131 alt\u0131ndad\u0131r ve burada ayr\u0131mc\u0131l\u0131k yap\u0131lmaktad\u0131r\u201d diye konu\u015ftu.<\/p>\n<p style=\"text-align: justify;\"><strong>\u201cS\u0130V\u0130LLE\u015eME\u201d TARTI\u015eMALARI<\/strong><\/p>\n<p style=\"text-align: justify;\">Vural, \u201cSiville\u015fme tart\u0131\u015fmalar\u0131n\u0131 nas\u0131l de\u011ferlendiriyorsunuz? Bug\u00fcn de bir gazetede haber vard\u0131. Genel Kurulda askerlerin locada yer almas\u0131 uygulamas\u0131n\u0131n kald\u0131r\u0131lmas\u0131na ili\u015fkin. Nas\u0131l de\u011ferlendiriyorsunuz?\u201d sorusuna \u015fu yan\u0131t\u0131 verdi:<\/p>\n<p style=\"text-align: justify;\">\u201cH\u00fcseyin \u00c7elik herhalde \u00e7ocu\u011fu i\u00e7in bundan sonra &#8216;askere g\u00f6ndermeye gerek yok&#8217; diyecek. T\u00fcrkiye&#8217;de s\u00fcrekli olarak bir &#8216;siville\u015fme&#8217; tart\u0131\u015fmas\u0131&#8230; Ne yapacaks\u0131n\u0131z? Genelkurmay Ba\u015fkan\u0131 m\u0131 olmak istiyor H\u00fcseyin \u00c7elik? Birisi kalksa dese, &#8216;sivil Genelkurmay Ba\u015fkan\u0131 niye olmuyor? Nas\u0131l olsa askerli\u011fimiz yapt\u0131k. Kara Kuvvetleri Komutan\u0131 da B\u00fclent Ar\u0131n\u00e7 olur. Bir profes\u00f6r var o da d\u0131\u015far\u0131dan atan\u0131r. Madem siville\u015fme, askerler de siville\u015fsin ellerine silah almas\u0131nlar ne gerek var?&#8217; Bu kavramlar\u0131n muhtevadan yoksun oldu\u011funu d\u00fc\u015f\u00fcn\u00fcyorum. Bunlar\u0131n asker-sivil \u00fczerinden bir siyaset olu\u015fturma ama\u00e7l\u0131 oldu\u011funu d\u00fc\u015f\u00fcn\u00fcyorum. &#8216;Zaten her tarafta sorunlar \u00e7\u00f6z\u00fclm\u00fc\u015f, asker de siville\u015fsin gerek yok&#8230;&#8217; Elinde yetki var, \u00e7\u0131kar kararname.\u201d<\/p>\n<p style=\"text-align: justify;\">\u201cCumhurba\u015fkan\u0131, Ba\u015fbakan, Meclis Ba\u015fkan\u0131 neden GATA mezuniyet t\u00f6renine gider? Torbal\u0131 Meslek Y\u00fcksek Okulu&#8217;na neden gelmiyorlar\u201d diye soran Vural, bir taraftan \u201csiville\u015fme\u201d diyenlerin di\u011fer taraftan askeri kullanmak i\u00e7in her ortama girdi\u011fini \u00f6ne s\u00fcrd\u00fc. Bir gazetecinin, \u201caskerler milletvekillerine tepeden bak\u0131yorlarm\u0131\u015f\u201d s\u00f6zleri \u00fczerine Vural, vatanda\u015flar\u0131n da Genel Kurula izleyici localar\u0131ndan \u201ctepeden bakt\u0131\u011f\u0131n\u0131\u201d ifade etti. Vural, \u201cAllah ak\u0131l fikir versin. Ak\u0131llar\u0131n\u0131 ekmek peynirle yemi\u015fler. O zaman askeri u\u00e7aklar\u0131n da hava sahas\u0131ndan ge\u00e7mesini yasaklamalar\u0131 gerekiyor onlar da tepeden bak\u0131yor\u201d dedi.<\/p>\n<p style=\"text-align: justify;\">Vural, bir ba\u015fka soru \u00fczerine, AK Parti&#8217;nin, yeni Anayasa \u00e7al\u0131\u015fmalar\u0131na vatanda\u015flar\u0131n da kat\u0131l\u0131m\u0131n\u0131 sa\u011flamak amac\u0131yla SMS veya e-mail yoluyla g\u00f6r\u00fc\u015f almaya d\u00f6n\u00fck \u00e7al\u0131\u015fmas\u0131n\u0131 ele\u015ftirdi.<\/p>\n<p style=\"text-align: justify;\"><a href=\"http:\/\/www.radikal.com.tr\/Radikal.aspx?aType=RadikalDetayV3&amp;ArticleID=1062362&amp;Date=05.09.2011&amp;CategoryID=78\" target=\"_blank\">Kaynak : Radikal.com.tr<\/a><\/p>\n","protected":false},"excerpt":{"rendered":"<p style=\"text-align: center;\">\n<p style=\"text-align: justify;\">MHP Grup Ba\u015fkanvekili Oktay Vural, &#8220;Ba\u015fbakan&#8217;\u0131n Gazze&#8217;ye gitme karar\u0131 var. Madem T\u00fcrkiye, denizden uygulanan bu ambargoyu reddediyor o zaman Ba\u015fbakan denizden gitsin. Binsin gemiye gitsin&#8221; dedi.<\/p>\n","protected":false},"author":1,"featured_media":0,"comment_status":"open","ping_status":"open","sticky":false,"template":"","format":"standard","meta":{"footnotes":""},"categories":[105],"tags":[],"class_list":["post-39556","post","type-post","status-publish","format-standard","hentry","category-gundem","odd"],"_links":{"self":[{"href":"http:\/\/www.korhanyilmaz.com\/index.php?rest_route=\/wp\/v2\/posts\/39556","targetHints":{"allow":["GET"]}}],"collection":[{"href":"http:\/\/www.korhanyilmaz.com\/index.php?rest_route=\/wp\/v2\/posts"}],"about":[{"href":"http:\/\/www.korhanyilmaz.com\/index.php?rest_route=\/wp\/v2\/types\/post"}],"author":[{"embeddable":true,"href":"http:\/\/www.korhanyilmaz.com\/index.php?rest_route=\/wp\/v2\/users\/1"}],"replies":[{"embeddable":true,"href":"http:\/\/www.korhanyilmaz.com\/index.php?rest_route=%2Fwp%2Fv2%2Fcomments&post=39556"}],"version-history":[{"count":0,"href":"http:\/\/www.korhanyilmaz.com\/index.php?rest_route=\/wp\/v2\/posts\/39556\/revisions"}],"wp:attachment":[{"href":"http:\/\/www.korhanyilmaz.com\/index.php?rest_route=%2Fwp%2Fv2%2Fmedia&parent=39556"}],"wp:term":[{"taxonomy":"category","embeddable":true,"href":"http:\/\/www.korhanyilmaz.com\/index.php?rest_route=%2Fwp%2Fv2%2Fcategories&post=39556"},{"taxonomy":"post_tag","embeddable":true,"href":"http:\/\/www.korhanyilmaz.com\/index.php?rest_route=%2Fwp%2Fv2%2Ftags&post=39556"}],"curies":[{"name":"wp","href":"https:\/\/api.w.org\/{rel}","templated":true}]}}