{"id":39548,"date":"2011-09-05T16:57:57","date_gmt":"2011-09-05T13:57:57","guid":{"rendered":"http:\/\/www.korhanyilmaz.com\/?p=39548"},"modified":"2011-09-05T20:47:25","modified_gmt":"2011-09-05T17:47:25","slug":"basbakanin-israil-antipatisi-var","status":"publish","type":"post","link":"http:\/\/www.korhanyilmaz.com\/?p=39548","title":{"rendered":"&#8220;Ba\u015fbakan\u0131n \u0130srail antipatisi var&#8221;"},"content":{"rendered":"<p style=\"text-align: center;\"><a href=\"http:\/\/www.korhanyilmaz.com\/wp-content\/uploads\/2011\/09\/5003.jpg\"  class=\"lightview\"><img loading=\"lazy\" decoding=\"async\" class=\"aligncenter size-full wp-image-39549\" src=\"http:\/\/www.korhanyilmaz.com\/wp-content\/uploads\/2011\/09\/5003.jpg\" alt=\"\" width=\"345\" height=\"266\" \/><\/a><\/p>\n<p style=\"text-align: justify;\">CNN T\u00fcrk&#8217;te Medya Mahallesi&#8217;ne kat\u0131lan Mehmet Ali Birand, Ba\u015fbakan Recep Tayyip Erdo\u011fan&#8217;\u0131n \u0130srail antipatisi bulundu\u011funu s\u00f6yledi. Birand, &#8220;Libya&#8217;da da T\u00fcrkiye de dahil Bat\u0131&#8217;n\u0131n \u00e7etecilik yapt\u0131\u011f\u0131n\u0131&#8221; dile getirdi.<\/p>\n<p style=\"text-align: justify;\">Kanal D Haber Genel Yay\u0131n Y\u00f6netmeni Mehmet Ali Birand, CNN T\u00fcrk&#8217;te kat\u0131ld\u0131\u011f\u0131, Ay\u015fenur Arslan&#8217;\u0131n yap\u0131mc\u0131s\u0131 ve sunucusu oldu\u011fu Medya Mahallesi program\u0131nda Ba\u015fbakan Recep Tayyip Erdo\u011fan&#8217;\u0131n \u0130srail&#8217;e d\u00f6n\u00fck alg\u0131lamas\u0131 \u00fczerine \u00e7arp\u0131c\u0131 de\u011ferlendirmelerde bulundu.\u00a0<!--more--><\/p>\n<p style=\"text-align: justify;\"><strong>&#8220;\u0130srail&#8217;i kar\u015f\u0131na almak ABD&#8217;yi kar\u015f\u0131na almak demek&#8221;\u00a0<\/strong><\/p>\n<p style=\"text-align: justify;\">T\u00fcrkiye&#8217;nin \u0130srail ile askeri iti\u015fmeye girmesinin ayn\u0131 zamanda Washington&#8217;u, ABD&#8217;yi de kar\u015f\u0131s\u0131na almak anlam\u0131n\u0131 ta\u015f\u0131d\u0131\u011f\u0131na dikkat \u00e7eken Birand, &#8220;T\u00fcrk h\u00fck\u00fcmeti i\u015fi buraya kadar g\u00f6t\u00fcr\u00fcr m\u00fc, uzat\u0131r m\u0131, bilmiyorum; sanm\u0131yorum. \u0130srail&#8217;e kar\u015f\u0131 deniz kuvvetlerini harekete ge\u00e7irir mi? O \u00e7ok dipsiz, tehlikeli bir kuyu. Bug\u00fcn yap\u0131lan belirli bir strateji i\u00e7inde tamam, kabul edilebilir ama bunu so\u011fukkanl\u0131l\u0131kla d\u00fc\u015f\u00fcnmekte fayda var. &#8216;Ya\u015fas\u0131n biz \u0130srail&#8217;e dayak at\u0131yoruz&#8217; \u015fekline sokmamak gerekiyor&#8221; diye konu\u015ftu.<\/p>\n<p style=\"text-align: justify;\"><strong>&#8220;Erdo\u011fan&#8217;\u0131n \u0130srail antipatisi var&#8221;\u00a0<\/strong><\/p>\n<p style=\"text-align: justify;\">\u00c7ar\u015famba g\u00fcn\u00fcne kadar T\u00fcrkiye&#8217;yi terk etmesi istenen \u0130srail B\u00fcy\u00fckel\u00e7isi Gabi Levi&#8217;nin Taraf gazetesinde yer verilen &#8220;Erdo\u011fan&#8217;\u0131n dinsel nedenlerle \u0130srail&#8217;den nefret etti\u011fi&#8221; \u015feklindeki s\u00f6zlerini de de\u011ferlendiren Birand, \u015funlar\u0131 s\u00f6yledi:<\/p>\n<p style=\"text-align: justify;\">&#8220;Ben dine ba\u011flayam\u0131yorum onu ama bir \u0130srail antipatisi \u00e7ok kesin olarak var. \u0130srail&#8217;in Filistinlilere yapt\u0131\u011f\u0131 eziyeti, bu iktidar di\u011fer iktidarlardan \u00e7ok daha fazla hissediyor. Bu uzun y\u0131llar\u0131n getirdi\u011fi bir e\u011fitim de, alg\u0131lama da olabilir. Tabii dinsel boyutlar\u0131 da vard\u0131r mutlaka. Fakat dikkat etti\u011fim bir nokta var; Erdo\u011fan olsun, Davuto\u011flu olsun bu son olayda durmadan &#8216;Bizim kar\u015f\u0131 oldu\u011fumuz \u0130srail h\u00fck\u00fcmeti de\u011fil, Netanyahu h\u00fck\u00fcmeti&#8217; diyor. Fakat Erdo\u011fan&#8217;\u0131n \u0130srail&#8217;den hazetmedi\u011fini, \u0130srail&#8217;le y\u0131ld\u0131z\u0131n\u0131n bar\u0131\u015fmas\u0131n\u0131n son derece g\u00fc\u00e7 oldu\u011fu \u00e7ok ortada, \u00e7ok net.&#8221;<\/p>\n<p style=\"text-align: justify;\"><strong>&#8220;K\u00fcrt sorununda tekrar eskiye d\u00f6n\u00fcyoruz, kanl\u0131 ge\u00e7ecek&#8221;\u00a0<\/strong><\/p>\n<p style=\"text-align: justify;\">Programda K\u00fcrt meselesine ili\u015fkin de\u011ferlendirmelerde de bulunan Mehmet Ali Birand, T\u00fcrkiye&#8217;nin hen\u00fcz bar\u0131\u015fa haz\u0131r olmad\u0131\u011f\u0131n\u0131 ve toplumun ya\u015fanan ter\u00f6r olaylar\u0131n\u0131 yeniden kan\u0131ksamaya ba\u015flad\u0131\u011f\u0131n\u0131 s\u00f6yledi. K\u00fcrt sorunu konusundaki a\u00e7\u0131l\u0131m\u0131n sona erdi\u011fini belirten Birand, \u015f\u00f6yle konu\u015ftu:<\/p>\n<p style=\"text-align: justify;\">&#8220;Kanl\u0131 ge\u00e7ecek maalesef. Ben \u00e7ok \u00fcmitliydim. Se\u00e7im sonras\u0131nda bu i\u015fin ray\u0131na oturaca\u011f\u0131n\u0131, se\u00e7im sonras\u0131nda Ba\u015fbakan\u0131n se\u00e7im s\u0131ras\u0131ndaki konu\u015fmalar\u0131ndan farkl\u0131 bir tav\u0131r g\u00f6sterece\u011fini san\u0131yordum. Ama, sertli\u011fini s\u00fcrd\u00fcr\u00fcyor, s\u00fcrd\u00fcrecek, o belli oluyor. Baksan\u0131za Kandil&#8217;e kara harekat\u0131 d\u00fczenlenece\u011fi izlenimi var. Tekrar eskiye d\u00f6n\u00fcyoruz bu \u00e7ok k\u00f6t\u00fc. BDP de bu ortam\u0131 m\u00fcmk\u00fcn oldu\u011fu kadar kendi lehlerine d\u00f6n\u00fc\u015ft\u00fcrmeye \u00e7al\u0131\u015f\u0131yor. Kar\u015f\u0131l\u0131kl\u0131 \u00f6yle bir iti\u015fme haline girildi ki \u00e7\u00f6z\u00fcm gittik\u00e7e uzakla\u015f\u0131yor.&#8221;<\/p>\n<p style=\"text-align: justify;\"><strong>&#8220;Libya&#8217;da Bat\u0131, T\u00fcrkiye de dahil \u00e7etecilik yapt\u0131&#8221;\u00a0<\/strong><\/p>\n<p style=\"text-align: justify;\">Programda Libya&#8217;daki sava\u015f konusunda da g\u00f6r\u00fc\u015flerini anlatan Birand, &#8220;Libya konusunda bat\u0131n\u0131n yapt\u0131\u011f\u0131n\u0131, biz de dahil olmak \u00fczere eski \u00e7etecilikle ayn\u0131 g\u00f6r\u00fcyorum. \u0130lk ba\u015fta biz pek girmek istemedik. Bizi savunmuyorum, onlarla birlikte hareket ettik. \u00c7etecili\u011fe biz de kat\u0131ld\u0131k. &#8216;Efendim Kaddafi \u015f\u00f6yleymi\u015f, b\u00f6yleymi\u015f&#8230;&#8217; Ama sonunda adam\u0131 d\u00f6ve d\u00f6ve oradan att\u0131k. Bunun ba\u015fka a\u00e7\u0131klamas\u0131 yok&#8221; \u015feklinde konu\u015ftu.<\/p>\n<p style=\"text-align: justify;\"><a href=\"http:\/\/www.cnnturk.com\/2011\/turkiye\/09\/05\/basbakanin.israil.antipatisi.var\/628288.0\/index.html\" target=\"_blank\">Kaynak : CNN T\u00dcRK<\/a><\/p>\n","protected":false},"excerpt":{"rendered":"<p style=\"text-align: center;\">\n<p style=\"text-align: justify;\">CNN T\u00fcrk&#8217;te Medya Mahallesi&#8217;ne kat\u0131lan Mehmet Ali Birand, Ba\u015fbakan Recep Tayyip Erdo\u011fan&#8217;\u0131n \u0130srail antipatisi bulundu\u011funu s\u00f6yledi. Birand, &#8220;Libya&#8217;da da T\u00fcrkiye de dahil Bat\u0131&#8217;n\u0131n \u00e7etecilik yapt\u0131\u011f\u0131n\u0131&#8221; dile getirdi.<\/p>\n<p style=\"text-align: justify;\">Kanal D Haber Genel Yay\u0131n Y\u00f6netmeni Mehmet Ali Birand, CNN T\u00fcrk&#8217;te kat\u0131ld\u0131\u011f\u0131, Ay\u015fenur Arslan&#8217;\u0131n yap\u0131mc\u0131s\u0131 ve sunucusu oldu\u011fu Medya Mahallesi program\u0131nda <\/p>\n","protected":false},"author":1,"featured_media":0,"comment_status":"open","ping_status":"open","sticky":false,"template":"","format":"standard","meta":{"footnotes":""},"categories":[105],"tags":[],"class_list":["post-39548","post","type-post","status-publish","format-standard","hentry","category-gundem","odd"],"_links":{"self":[{"href":"http:\/\/www.korhanyilmaz.com\/index.php?rest_route=\/wp\/v2\/posts\/39548","targetHints":{"allow":["GET"]}}],"collection":[{"href":"http:\/\/www.korhanyilmaz.com\/index.php?rest_route=\/wp\/v2\/posts"}],"about":[{"href":"http:\/\/www.korhanyilmaz.com\/index.php?rest_route=\/wp\/v2\/types\/post"}],"author":[{"embeddable":true,"href":"http:\/\/www.korhanyilmaz.com\/index.php?rest_route=\/wp\/v2\/users\/1"}],"replies":[{"embeddable":true,"href":"http:\/\/www.korhanyilmaz.com\/index.php?rest_route=%2Fwp%2Fv2%2Fcomments&post=39548"}],"version-history":[{"count":0,"href":"http:\/\/www.korhanyilmaz.com\/index.php?rest_route=\/wp\/v2\/posts\/39548\/revisions"}],"wp:attachment":[{"href":"http:\/\/www.korhanyilmaz.com\/index.php?rest_route=%2Fwp%2Fv2%2Fmedia&parent=39548"}],"wp:term":[{"taxonomy":"category","embeddable":true,"href":"http:\/\/www.korhanyilmaz.com\/index.php?rest_route=%2Fwp%2Fv2%2Fcategories&post=39548"},{"taxonomy":"post_tag","embeddable":true,"href":"http:\/\/www.korhanyilmaz.com\/index.php?rest_route=%2Fwp%2Fv2%2Ftags&post=39548"}],"curies":[{"name":"wp","href":"https:\/\/api.w.org\/{rel}","templated":true}]}}