{"id":39526,"date":"2011-09-04T11:42:52","date_gmt":"2011-09-04T08:42:52","guid":{"rendered":"http:\/\/www.korhanyilmaz.com\/?p=39526"},"modified":"2011-09-04T20:01:35","modified_gmt":"2011-09-04T17:01:35","slug":"iste-erdoganin-bir-sonraki-israil-adimi","status":"publish","type":"post","link":"http:\/\/www.korhanyilmaz.com\/?p=39526","title":{"rendered":"\u0130\u015fte Erdo\u011fan&#8217;\u0131n bir sonraki \u0130srail ad\u0131m\u0131"},"content":{"rendered":"<p style=\"text-align: center;\"><a href=\"http:\/\/www.korhanyilmaz.com\/wp-content\/uploads\/2011\/09\/8050.jpg\"  class=\"lightview\"><img loading=\"lazy\" decoding=\"async\" class=\"aligncenter size-full wp-image-39527\" src=\"http:\/\/www.korhanyilmaz.com\/wp-content\/uploads\/2011\/09\/8050.jpg\" alt=\"\" width=\"475\" height=\"236\" \/><\/a><\/p>\n<p style=\"text-align: justify;\">\u0130srail&#8217;e y\u00f6nelik yapt\u0131r\u0131mlar\u0131n a\u00e7\u0131klanmas\u0131n\u0131n ard\u0131ndan T\u00fcrkiye, Gazze&#8217;ye y\u00f6nelik ablukan\u0131n kald\u0131r\u0131lmas\u0131 i\u00e7in d\u00fc\u011fmeye bas\u0131yor.<\/p>\n<p style=\"text-align: justify;\">Ba\u015fbakan Tayyip Erdo\u011fan&#8217;\u0131n daha \u00f6nce ertelenen M\u0131s\u0131r ziyaretini bu hafta yapmas\u0131 bekleniyor. Ziyaretin, 12-13 Eyl\u00fcl&#8217;de yap\u0131lmas\u0131 i\u00e7in g\u00f6r\u00fc\u015fmeler hala s\u00fcrerken, Kahire&#8217;den sonra Erdo\u011fan&#8217;\u0131n hedefi Refah s\u0131n\u0131r kap\u0131s\u0131ndan Gazze&#8217;ye ge\u00e7mek.\u00a0<!--more--><\/p>\n<p style=\"text-align: justify;\">Sabah&#8217;\u0131n haberine g\u00f6re e\u011fer, M\u0131s\u0131r bu ge\u00e7i\u015fe izin verirse, Gazze&#8217;nin d\u00fcnyaya a\u00e7\u0131lan tek kap\u0131s\u0131 olan Refah&#8217;tan ilk defa bir h\u00fck\u00fcmet ba\u015fkan\u0131 giri\u015f yapm\u0131\u015f olacak. M\u0131s\u0131r&#8217;\u0131n, ziyareti bu haliyle kabul etmemesi halinde ise ziyaretin ger\u00e7ekle\u015fmesi beklenmiyor.<\/p>\n<p style=\"text-align: justify;\"><strong>BM&#8217;DE AMBARGO OYLANACAK\u00a0<\/strong><\/p>\n<p style=\"text-align: justify;\">\u0130srail y\u00f6netiminin Gazze&#8217;ye y\u00f6nelik ablukas\u0131n\u0131 tan\u0131mad\u0131\u011f\u0131n\u0131 ilan eden T\u00fcrkiye&#8217;nin bir di\u011fer giri\u015fimi de BM&#8217;de olacak. Ba\u015fbakan Recep Tayyip Erdo\u011fan&#8217;\u0131n 18 Eyl\u00fcl tarihinde gidece\u011fi BM Genel Kurulu&#8217;na T\u00fcrkiye, uygulanan ablukan\u0131n yasal olmad\u0131\u011f\u0131n\u0131 belirten bir tasar\u0131 sunacak. Hedef, bu tasar\u0131n\u0131n BM Genel Kurulu&#8217;nda oylanarak kabul edilmesi. Filistin devletinin ilan edilmesi beklenen bu y\u0131l ki Genel Kurul&#8217;da T\u00fcrkiye&#8217;nin ataca\u011f\u0131 ad\u0131m\u0131n da sinerji olu\u015fturmas\u0131 bekleniyor. Tasar\u0131 kabul edilirse T\u00fcrkiye, \u0130srail&#8217; in 31 May\u0131s 2010 tarihi itibariyle Gazze&#8217;ye y\u00f6nelik olarak uygulad\u0131\u011f\u0131 ablukan\u0131n Uluslararas\u0131 Adalet Divan\u0131&#8217;nda incelenmesini sa\u011flayacak. T\u00fcrkiye, kendi ad\u0131na Lahey&#8217;e ba\u015fvuru yapmayacak. D\u0131\u015fi\u015fleri Bakan\u0131 Ahmet Davuto\u011flu&#8217;nun a\u00e7\u0131klad\u0131\u011f\u0131 5 yapt\u0131r\u0131m\u0131n ard\u0131ndan da Filistin Devlet Ba\u015fkan\u0131 Mahmud Abbas ve Arap Birli\u011fi Genel Sekreteri Nebil El Arabi telefonla T\u00fcrkiye&#8217;ye destek verdi. T\u00fcrkiye&#8217;nin \u0130srail&#8217;e kar\u015f\u0131 politikas\u0131n\u0131 destekleyen Abbas ile New York&#8217;ta at\u0131lacak ad\u0131mlar ele al\u0131n\u0131rken, Arabi de yeni politika nedeniyle tebrik etti, destek verdi\u011fini belirtti. Arabi, bu destek \u00e7er\u00e7evesinde Arap Birli\u011fi&#8217;nin ilk toplant\u0131s\u0131nda bu konuyu \u00f6zel g\u00fcndem maddesi olarak birli\u011fe ta\u015f\u0131yaca\u011f\u0131n\u0131 kaydetti.<\/p>\n<p style=\"text-align: justify;\"><strong>TECR\u0130T YAPTIRIMI\u00a0<\/strong><\/p>\n<p style=\"text-align: justify;\">Cumhurba\u015fkan\u0131 Abdullah G\u00fcl&#8217;\u00fcn &#8220;devam\u0131 var&#8221; dedi\u011fi B plan\u0131n\u0131n a\u00e7\u0131klanmayan baz\u0131 ayr\u0131nt\u0131lar\u0131 ortaya \u00e7\u0131kmaya ba\u015flad\u0131. Ankara, Mavi Marmara raporunu s\u0131zd\u0131ran ve 15 ayd\u0131r T\u00fcrkiye&#8217;den \u00f6z\u00fcr dilemeyen \u0130srail&#8217;i uluslararas\u0131 arenada tecrit etmek i\u00e7in yo\u011fun bir kamu diplomasisi kampanyas\u0131na haz\u0131rlan\u0131yor. Kampanya Ba\u015fbakanl\u0131k ve ilgili kurumlar\u0131n i\u015fbirli\u011fiyle y\u00fcr\u00fct\u00fclecek. Uluslararas\u0131 \u00f6rg\u00fctler ve ikili m\u00fcnasebetler temelinde geli\u015ftirilecek kampanyan\u0131n planlamas\u0131n\u0131n yap\u0131ld\u0131\u011f\u0131, \u00f6n\u00fcm\u00fczdeki g\u00fcnlerde e\u015fg\u00fcd\u00fcm i\u00e7erisinde d\u00fc\u011fmeye bas\u0131laca\u011f\u0131 \u00f6\u011frenildi. Kampanyan\u0131n s\u00fcrd\u00fcr\u00fclece\u011fi kurulu\u015flar BM ve \u0130slam Konferans\u0131 \u00d6rg\u00fct\u00fc olarak \u00f6ne \u00e7\u0131k\u0131yor.<\/p>\n<p style=\"text-align: justify;\"><strong>KIRILMA NOKTASI\u00a0<\/strong><\/p>\n<p style=\"text-align: justify;\">&#8220;\u0130li\u015fkilerde \u00e7ok b\u00fcy\u00fck bir k\u0131r\u0131lma noktas\u0131na girdik&#8221; diyen Ba\u015fbakanl\u0131k kaynaklar\u0131, &#8220;Bu dava sadece T\u00fcrkiye-\u0130srail meselesi olmaktan \u00e7\u0131kt\u0131. Arap-\u0130slam d\u00fcnyas\u0131n\u0131 ve hatta Bat\u0131&#8217;y\u0131 da yak\u0131ndan ilgilendiriyor. \u0130srail uluslararas\u0131 kamu vicdan\u0131nda mahkum edilecek&#8221; ifadesini kulland\u0131. Bu arada \u0130srail h\u00fck\u00fcmeti \u00fczerine kurulacak bask\u0131da en etkili y\u00f6ntemlerden birisinin \u0130srail&#8217;le askeri ili\u015fkilerin dondurulmas\u0131 oldu\u011fu belirtiliyor. Buna g\u00f6re \u0130srailli firmalar askeri ihalelere al\u0131nmayacak. Bu durumda \u0130srail&#8217;deki silah \u00fcreticilerinin h\u00fck\u00fcmet \u00fczerinde bask\u0131 kuraca\u011f\u0131 belirtiliyor.<\/p>\n<p style=\"text-align: justify;\"><strong>MISIR \u0130SRA\u0130L ARASINDA Y\u00dcKSEK GER\u0130L\u0130M\u00a0<\/strong><\/p>\n<p style=\"text-align: justify;\">M\u0131s\u0131r&#8217;\u0131n, \u0130srail ve T\u00fcrkiye aras\u0131ndaki sorunda nas\u0131l bir tutum tak\u0131naca\u011f\u0131 hen\u00fcz netle\u015fmedi. Erdo\u011fan&#8217;\u0131n, Gazze&#8217;ye ge\u00e7ememesi halinde M\u0131s\u0131r ziyaretini yine erteleyebilece\u011fi belirtilirken, \u0130srail ve M\u0131s\u0131r aras\u0131ndaki y\u00fcksek gerilime i\u015faret edildi. A\u011fustos ay\u0131nda Sina yar\u0131madas\u0131 yak\u0131nlar\u0131ndaki Eilat kasabas\u0131nda otob\u00fcsleri hedef alan sald\u0131r\u0131da sekiz ki\u015fi hayat\u0131n\u0131 kaybetmi\u015fti. \u0130srail ordusunun, sald\u0131r\u0131 \u00fczerine hem Gazze&#8217;de hem de sald\u0131r\u0131n\u0131n meydana geldi\u011fi b\u00f6lgede d\u00fczenledi\u011fi operasyonlar M\u0131s\u0131r s\u0131n\u0131r\u0131n\u0131n \u00f6tesine de ta\u015fm\u0131\u015f ve aralar\u0131nda be\u015f polisin de bulundu\u011fu 15 ki\u015fi hayat\u0131n\u0131 kaybetmi\u015fti. M\u0131s\u0131r da bunun \u00fczerine Tel Aviv&#8217;deki B\u00fcy\u00fckel\u00e7isi&#8217;ni geri \u00e7a\u011f\u0131rm\u0131\u015f, \u0130srail&#8217;i siyasi ve hukuki olarak sorumlu tuttu\u011funu a\u00e7\u0131klam\u0131\u015f, soru\u015fturma ve \u00f6z\u00fcr talep etmi\u015fti. \u0130srail&#8217;den gelen \u00f6zr\u00fcn hemen ard\u0131ndan B\u00fcy\u00fckel\u00e7i geri d\u00f6nmemi\u015fti.<\/p>\n<p style=\"text-align: justify;\"><strong>LEVY VE 2 D\u0130PLOMAT\u00a0<\/strong><\/p>\n<p style=\"text-align: justify;\">\u0130kinci katip d\u00fczeyinin \u00fcst\u00fcndeki \u0130srail&#8217;li diplomatlar\u0131n \u00fclkeyi terk etmesi istenirken, bu konuyla ilgili resmi bildirimin yar\u0131n yap\u0131lmas\u0131 bekleniyor. Halen \u0130srail&#8217;de bulunan ve art\u0131k geri d\u00f6nmeyecek olan B\u00fcy\u00fckel\u00e7i Gaby Levy&#8217;nin yan\u0131 s\u0131ra M\u00fcste\u015far Ella Aphek ve Ankara Konsolosu T\u00fcrkiye&#8217;yi terk etmeye haz\u0131rlan\u0131yor. \u0130srail&#8217;in askeri ata\u015fesi de ge\u00e7ti\u011fimiz ay g\u00f6rev s\u00fcresi doldu\u011fu i\u00e7in geri d\u00f6nm\u00fc\u015ft\u00fc. Bu durumda Ankara&#8217;n\u0131n \u0130srail B\u00fcy\u00fckel\u00e7ili\u011fi&#8217;nde en k\u0131demli diplomat olarak bir D\u00fcrzi olan Maslahatg\u00fczar Nizan Amir kalacak.<\/p>\n<p style=\"text-align: justify;\"><a href=\"http:\/\/siyaset.milliyet.com.tr\/iste-erdogan-in-bir-sonraki-israil-adimi\/siyaset\/siyasetdetay\/04.09.2011\/1434447\/default.htm\" target=\"_blank\">Kaynak : Milliyet.com.tr<\/a><\/p>\n","protected":false},"excerpt":{"rendered":"<p style=\"text-align: center;\">\n<p style=\"text-align: justify;\">\u0130srail&#8217;e y\u00f6nelik yapt\u0131r\u0131mlar\u0131n a\u00e7\u0131klanmas\u0131n\u0131n ard\u0131ndan T\u00fcrkiye, Gazze&#8217;ye y\u00f6nelik ablukan\u0131n kald\u0131r\u0131lmas\u0131 i\u00e7in d\u00fc\u011fmeye bas\u0131yor.<\/p>\n<p style=\"text-align: justify;\">Ba\u015fbakan Tayyip Erdo\u011fan&#8217;\u0131n daha \u00f6nce ertelenen M\u0131s\u0131r ziyaretini bu hafta yapmas\u0131 bekleniyor. Ziyaretin, 12-13 Eyl\u00fcl&#8217;de yap\u0131lmas\u0131 i\u00e7in g\u00f6r\u00fc\u015fmeler hala s\u00fcrerken, Kahire&#8217;den sonra Erdo\u011fan&#8217;\u0131n hedefi Refah s\u0131n\u0131r kap\u0131s\u0131ndan Gazze&#8217;ye ge\u00e7mek. <\/p>\n","protected":false},"author":1,"featured_media":0,"comment_status":"open","ping_status":"open","sticky":false,"template":"","format":"standard","meta":{"footnotes":""},"categories":[105],"tags":[],"class_list":["post-39526","post","type-post","status-publish","format-standard","hentry","category-gundem","odd"],"_links":{"self":[{"href":"http:\/\/www.korhanyilmaz.com\/index.php?rest_route=\/wp\/v2\/posts\/39526","targetHints":{"allow":["GET"]}}],"collection":[{"href":"http:\/\/www.korhanyilmaz.com\/index.php?rest_route=\/wp\/v2\/posts"}],"about":[{"href":"http:\/\/www.korhanyilmaz.com\/index.php?rest_route=\/wp\/v2\/types\/post"}],"author":[{"embeddable":true,"href":"http:\/\/www.korhanyilmaz.com\/index.php?rest_route=\/wp\/v2\/users\/1"}],"replies":[{"embeddable":true,"href":"http:\/\/www.korhanyilmaz.com\/index.php?rest_route=%2Fwp%2Fv2%2Fcomments&post=39526"}],"version-history":[{"count":0,"href":"http:\/\/www.korhanyilmaz.com\/index.php?rest_route=\/wp\/v2\/posts\/39526\/revisions"}],"wp:attachment":[{"href":"http:\/\/www.korhanyilmaz.com\/index.php?rest_route=%2Fwp%2Fv2%2Fmedia&parent=39526"}],"wp:term":[{"taxonomy":"category","embeddable":true,"href":"http:\/\/www.korhanyilmaz.com\/index.php?rest_route=%2Fwp%2Fv2%2Fcategories&post=39526"},{"taxonomy":"post_tag","embeddable":true,"href":"http:\/\/www.korhanyilmaz.com\/index.php?rest_route=%2Fwp%2Fv2%2Ftags&post=39526"}],"curies":[{"name":"wp","href":"https:\/\/api.w.org\/{rel}","templated":true}]}}