{"id":39522,"date":"2011-09-04T17:52:02","date_gmt":"2011-09-04T14:52:02","guid":{"rendered":"http:\/\/www.korhanyilmaz.com\/?p=39522"},"modified":"2011-09-04T19:43:19","modified_gmt":"2011-09-04T16:43:19","slug":"metinerden-suc-duyurusu","status":"publish","type":"post","link":"http:\/\/www.korhanyilmaz.com\/?p=39522","title":{"rendered":"Metiner&#8217;den su\u00e7 duyurusu"},"content":{"rendered":"<p style=\"text-align: center;\"><a href=\"http:\/\/www.korhanyilmaz.com\/wp-content\/uploads\/2011\/09\/8049.jpg\"  class=\"lightview\"><img loading=\"lazy\" decoding=\"async\" class=\"aligncenter size-full wp-image-39523\" src=\"http:\/\/www.korhanyilmaz.com\/wp-content\/uploads\/2011\/09\/8049.jpg\" alt=\"\" width=\"462\" height=\"210\" \/><\/a><\/p>\n<p style=\"text-align: justify;\">AK Parti Ad\u0131yaman Milletvekili Mehmet Metiner&#8217;e ait oldu\u011fu iddia edilen ve video payla\u015f\u0131m sitesinde yay\u0131nlanan ses kayd\u0131 i\u00e7in Cumhuriyet Savc\u0131l\u0131\u011f\u0131&#8217;na su\u00e7 duyurusunda bulunuldu.<\/p>\n<p style=\"text-align: justify;\">ADIYAMAN &#8211; Mehmet Metiner&#8217;in avukat\u0131 \u0130smail Altan taraf\u0131ndan Bak\u0131rk\u00f6y Cumhuriyet Savc\u0131l\u0131\u011f\u0131&#8217;na yap\u0131lan su\u00e7 duyurusunda, &#8221;sosyalist1968&#8221; ad\u0131n\u0131 kullanarak videoyu y\u00fckledi\u011fi tahmin edilen ki\u015finin cezaland\u0131r\u0131lmas\u0131 istendi.\u00a0<!--more--><\/p>\n<p style=\"text-align: justify;\">Su\u00e7 duyurusunda, Metiner&#8217;in, Ramazan Bayram\u0131&#8217;nda, Ad\u0131yaman&#8217;da bu t\u00fcr bir konu\u015fma yapmad\u0131\u011f\u0131, montajlanarak haz\u0131rland\u0131\u011f\u0131, d\u00fczmece oldu\u011fu belirlenen ses kayd\u0131n\u0131 yapan ki\u015fi veya ki\u015filerin ama\u00e7lar\u0131n\u0131n milletvekilini ve partisini k\u00fc\u00e7\u00fck d\u00fc\u015f\u00fcrmek, zor durumda b\u0131rakmak ve kamuoyu nezdinde itibars\u0131zla\u015ft\u0131rmak oldu\u011fu ifade edildi.<\/p>\n<p style=\"text-align: justify;\">Mehmet Metiner&#8217;in, \u00e7e\u015fitli zamanlarda yap\u0131lan konu\u015fmalar\u0131n\u0131n, elektronik ortamda de\u011fi\u015ftirilerek ve montajlanarak hayali bir konu\u015fma yarat\u0131ld\u0131\u011f\u0131n\u0131n g\u00f6r\u00fcld\u00fc\u011f\u00fc savunulan su\u00e7 duyurusunda, \u015fu g\u00f6r\u00fc\u015flere yer verildi:<\/p>\n<p style=\"text-align: justify;\">&#8221;Ses kayd\u0131 tamamen sahte olup, ger\u00e7ekle hi\u00e7bir ilgisi yoktur. M\u00fcvekkilim bu durumdan derin bir \u00fcz\u00fcnt\u00fc duymaktad\u0131r. Bu kay\u0131t, elektronik ortamda haz\u0131rlanm\u0131\u015f olup, bir ortam dinlemesi olmay\u0131p, tamamen senaryodan ibarettir. Zira ses kayd\u0131n\u0131n bir kalabal\u0131k ortamda kay\u0131t edildi\u011fine dair hi\u00e7bir emare ta\u015f\u0131mamaktad\u0131r. Kay\u0131t, eskiye ait politik \u00f6gelerden ve politikac\u0131lardan (bug\u00fcn olmayan) bahsedilmesi, Say\u0131n Ba\u015fbakan\u0131n bu eski siyaset\u00e7ilerle i\u015fbirli\u011fi halinde oldu\u011fundan bahsedilmesi kayd\u0131n d\u00fczmece ve sahte bir kay\u0131t oldu\u011funu rahatl\u0131kla a\u00e7\u0131klamaktad\u0131r.&#8221;<\/p>\n<p style=\"text-align: justify;\">Kayd\u0131 y\u00fckleyen ki\u015finin, bir ter\u00f6r \u00f6rg\u00fct\u00fc mensubu oldu\u011funun, sanal ortamda yap\u0131lacak ara\u015ft\u0131rmada rahatl\u0131kla g\u00f6r\u00fclece\u011finin belirtildi\u011fi su\u00e7 duyurusunda \u015funlar kaydedildi:<\/p>\n<p style=\"text-align: justify;\">&#8221;Zira, bu \u015fahs\u0131n, sanal bir ad kullanarak, yapt\u0131\u011f\u0131 ve di\u011fer sanal ortam y\u00fcklemelerinde g\u00f6r\u00fclecektir ki, \u015fahs\u0131n bir PKK sempatizan\u0131 ve mensubu oldu\u011fu veya bu jenerasyona ait bir ki\u015filik yap\u0131s\u0131nda oldu\u011fu g\u00f6r\u00fclmektedir. Ter\u00f6r \u00f6rg\u00fct\u00fc PKK taraf\u0131ndan daha \u00f6nceden suikast d\u00fczenlenecek ki\u015filer aras\u0131nda ad\u0131 ge\u00e7en m\u00fcvekkilim, halen g\u00fcvenlik g\u00fc\u00e7leri taraf\u0131ndan koruma alt\u0131nda bulunmaktad\u0131r. Bu ses kayd\u0131n\u0131n \u00f6rg\u00fct taraf\u0131ndan haz\u0131rlanan bir komplo oldu\u011fu a\u00e7\u0131kt\u0131r. \u00c7\u00fcnk\u00fc sahte ses kayd\u0131n\u0131 y\u00fckleyen ki\u015finin bu \u00f6rg\u00fcte sempati duyan bir ki\u015fi oldu\u011fu anla\u015f\u0131lmaktad\u0131r.&#8221;<\/p>\n<p style=\"text-align: justify;\"><a href=\"http:\/\/www.gazeteport.com.tr\/haber\/50442\/metinerden_suc_duyurusu\" target=\"_blank\">Kaynak : GAZETEPORT<\/a><\/p>\n","protected":false},"excerpt":{"rendered":"<p style=\"text-align: center;\">\n<p style=\"text-align: justify;\">AK Parti Ad\u0131yaman Milletvekili Mehmet Metiner&#8217;e ait oldu\u011fu iddia edilen ve video payla\u015f\u0131m sitesinde yay\u0131nlanan ses kayd\u0131 i\u00e7in Cumhuriyet Savc\u0131l\u0131\u011f\u0131&#8217;na su\u00e7 duyurusunda bulunuldu.<\/p>\n<p style=\"text-align: justify;\">ADIYAMAN &#8211; Mehmet Metiner&#8217;in avukat\u0131 \u0130smail Altan taraf\u0131ndan Bak\u0131rk\u00f6y Cumhuriyet Savc\u0131l\u0131\u011f\u0131&#8217;na yap\u0131lan su\u00e7 duyurusunda, &#8221;sosyalist1968&#8221; ad\u0131n\u0131 kullanarak videoyu y\u00fckledi\u011fi tahmin edilen ki\u015finin cezaland\u0131r\u0131lmas\u0131 istendi. <\/p>\n","protected":false},"author":1,"featured_media":0,"comment_status":"open","ping_status":"open","sticky":false,"template":"","format":"standard","meta":{"footnotes":""},"categories":[105],"tags":[],"class_list":["post-39522","post","type-post","status-publish","format-standard","hentry","category-gundem","odd"],"_links":{"self":[{"href":"http:\/\/www.korhanyilmaz.com\/index.php?rest_route=\/wp\/v2\/posts\/39522","targetHints":{"allow":["GET"]}}],"collection":[{"href":"http:\/\/www.korhanyilmaz.com\/index.php?rest_route=\/wp\/v2\/posts"}],"about":[{"href":"http:\/\/www.korhanyilmaz.com\/index.php?rest_route=\/wp\/v2\/types\/post"}],"author":[{"embeddable":true,"href":"http:\/\/www.korhanyilmaz.com\/index.php?rest_route=\/wp\/v2\/users\/1"}],"replies":[{"embeddable":true,"href":"http:\/\/www.korhanyilmaz.com\/index.php?rest_route=%2Fwp%2Fv2%2Fcomments&post=39522"}],"version-history":[{"count":0,"href":"http:\/\/www.korhanyilmaz.com\/index.php?rest_route=\/wp\/v2\/posts\/39522\/revisions"}],"wp:attachment":[{"href":"http:\/\/www.korhanyilmaz.com\/index.php?rest_route=%2Fwp%2Fv2%2Fmedia&parent=39522"}],"wp:term":[{"taxonomy":"category","embeddable":true,"href":"http:\/\/www.korhanyilmaz.com\/index.php?rest_route=%2Fwp%2Fv2%2Fcategories&post=39522"},{"taxonomy":"post_tag","embeddable":true,"href":"http:\/\/www.korhanyilmaz.com\/index.php?rest_route=%2Fwp%2Fv2%2Ftags&post=39522"}],"curies":[{"name":"wp","href":"https:\/\/api.w.org\/{rel}","templated":true}]}}