{"id":39515,"date":"2011-09-03T11:24:44","date_gmt":"2011-09-03T08:24:44","guid":{"rendered":"http:\/\/www.korhanyilmaz.com\/?p=39515"},"modified":"2011-09-04T08:50:31","modified_gmt":"2011-09-04T05:50:31","slug":"cumhurbaskaninin-cadillac-sefasi","status":"publish","type":"post","link":"http:\/\/www.korhanyilmaz.com\/?p=39515","title":{"rendered":"Cumhurba\u015fkan\u0131&#8217;n\u0131n Cadillac sefas\u0131"},"content":{"rendered":"<p style=\"text-align: center;\"><a href=\"http:\/\/www.korhanyilmaz.com\/wp-content\/uploads\/2011\/09\/8047.jpg\"  class=\"lightview\"><img loading=\"lazy\" decoding=\"async\" class=\"aligncenter size-full wp-image-39516\" src=\"http:\/\/www.korhanyilmaz.com\/wp-content\/uploads\/2011\/09\/8047.jpg\" alt=\"\" width=\"384\" height=\"254\" \/><\/a><\/p>\n<p style=\"text-align: justify;\">Hem\u015fehrisi Fatih Karamanc\u0131&#8217;n\u0131n arac\u0131yla Tarabya&#8217;da k\u0131sa bir gezinti yapan G\u00fcl, bu gezinin foto\u011fraf\u0131n\u0131 Twitter hesab\u0131ndan payla\u015ft\u0131.<\/p>\n<p style=\"text-align: justify;\">ANKARA &#8211; Ge\u00e7ti\u011fimiz hafta verdi\u011fi bir r\u00f6portajda araba kullanmay\u0131 \u00f6zledi\u011fini s\u00f6yleyen G\u00fcl\u2019e hem\u015fehrisi i\u015fadam\u0131 Fatih Karamanc\u0131 bir jest yapt\u0131. Kendisini ziyarete gelen Karamanc\u0131\u2019n\u0131n Cadillac marka arac\u0131n\u0131n direksiyon koltu\u011funa oturan G\u00fcl, Tarabya\u2019da araba sefas\u0131 yapt\u0131.<!--more--><\/p>\n<p style=\"text-align: justify;\">G\u00fcl foto\u011fraf\u0131n\u0131 da payla\u015ft\u0131\u011f\u0131 bu geziyi &#8220;Ge\u00e7enlerde Kayseri\u2019de kurdu\u011fumuz \u00fcniversiteyi destekleme vakf\u0131n\u0131n kurucular\u0131ndan, hem\u015fehrim Fatih Karamanc\u0131 bir hafta sonu foto\u011fraftaki arabas\u0131yla geldi. Biz de binip Tarabya\u2019da k\u0131sa bir tur att\u0131k&#8221; s\u00f6zleriyle Twitter hesab\u0131ndan duyurdu. G\u00fcl\u2019\u00fcn k\u0131sa gezintisinde kendisine i\u015fadam\u0131 Fatih Karamanc\u0131, Abdullah G\u00fcl \u00dcniversitesi M\u00fctevelli Heyeti \u00dcyesi Mustafa \u00c7\u0131kr\u0131k\u00e7\u0131o\u011flu ve \u00d6zel Kalem M\u00fcd\u00fcr\u00fc H\u00fcseyin Avni Karsl\u0131o\u011flu da e\u015flik etti.<\/p>\n<p style=\"text-align: justify;\"><strong>-TWITTER\u2019DAN SONRA \u015e\u0130MD\u0130 DE FACEBOOK, YOUTUBE\u2019DA\u00a0<\/strong><\/p>\n<p style=\"text-align: justify;\">Sosyal payla\u015f\u0131m sitesi Twitter\u2019\u0131 en etkin kullanan isimler aras\u0131nda yer alan Cumhurba\u015fkan\u0131 Abdullah G\u00fcl\u2019\u00fcn, Facebook ve Youtube\u2019da da sayfalar\u0131 a\u00e7\u0131ld\u0131. G\u00fcl\u2019\u00fcn temaslar\u0131n\u0131n, vatanda\u015flarla bir araya geldi\u011fi g\u00f6r\u00fcnt\u00fclerin ve foto\u011fraflar\u0131n yay\u0131nland\u0131\u011f\u0131 hesaplar\u0131n\u0131n a\u00e7\u0131l\u0131\u015f\u0131n\u0131, yine Cumhurba\u015fkan\u0131 Twitter hesab\u0131ndan ilan etti. Facebook \u00fczerinden http:\/\/www.facebook.com\/cbabdullahgul adresinden G\u00fcl\u2019\u00fcn ad\u0131na kurulan grupta, G\u00fcl\u2019\u00fcn foto\u011fraflar\u0131, videolar\u0131, etkinlikleri, yapt\u0131\u011f\u0131 konu\u015fmalar ve \u00f6zge\u00e7mi\u015fi var. G\u00fcl, zaman zaman ki\u015fisel g\u00f6r\u00fc\u015flerini ve \u00f6zel mesajlar\u0131n\u0131 da bu sayfa \u00fczerinden payla\u015f\u0131yor. Ayn\u0131 Twitter hesab\u0131nda oldu\u011fu gibi burada da vatanda\u015flarla bulu\u015fan G\u00fcl, onlar\u0131n g\u00f6r\u00fc\u015flerini al\u0131yor.Ayr\u0131ca ayn\u0131 Facebook sayfas\u0131 http:\/\/www.facebook.com\/cbabdullahgul#!\/trpresidency adresinden \u0130ngilizce olarak da yay\u0131nlanmaya ba\u015flad\u0131.<\/p>\n<p style=\"text-align: justify;\">T\u00fcrkiye\u2019de uzun s\u00fcre kapal\u0131 kalan Youtube\u2019da da hesap a\u00e7t\u0131ran Cumhurba\u015fkan\u0131 G\u00fcl, Youtube\u2019da &#8220;brand channel&#8221; olarak adland\u0131r\u0131lan marka bir kanal a\u00e7t\u0131. &#8220;Cumhurba\u015fkan\u0131\u2019n\u0131n kanal\u0131&#8221; olarak adland\u0131r\u0131lan kanalda G\u00fcl, ki\u015fisel bir televizyon kanal\u0131 gibi yay\u0131n yap\u0131yor. D\u00fcnyada \u00e7ok az devlet ba\u015fkan\u0131nda oldu\u011fu belirtilen bu kanalda G\u00fcl\u2019\u00fcn e\u015fi Hayr\u00fcnnisa G\u00fcl\u2019e y\u00f6nelik de videolar yer al\u0131yor.<\/p>\n<p style=\"text-align: justify;\"><strong>-864 RAKIMLI TEPEN\u0130N IPHONE UYGULAMASI DA \u00c7IKTI-\u00a0<\/strong><\/p>\n<p style=\"text-align: justify;\">G\u00fcl\u2019\u00fcn ad\u0131na sosyal payla\u015f\u0131m sitelerinde a\u00e7\u0131lan hesaplar\u0131n yan\u0131 s\u0131ra iPhone ve iPad kullan\u0131c\u0131lar\u0131 i\u00e7in de Cumhurba\u015fkanl\u0131\u011f\u0131 uygulamas\u0131 olu\u015fturuldu. Bu uygulamada da yine G\u00fcl\u2019\u00fcn a\u00e7\u0131klamalar\u0131, konu\u015fmalar\u0131n\u0131n yan\u0131 s\u0131ra g\u00fcnl\u00fck program\u0131n\u0131n ilan\u0131 yap\u0131l\u0131yor.<\/p>\n<p style=\"text-align: justify;\"><a href=\"http:\/\/www.radikal.com.tr\/Radikal.aspx?aType=RadikalDetayV3&amp;ArticleID=1062178&amp;Date=04.09.2011&amp;CategoryID=78\" target=\"_blank\">Kaynak : Radikal.com.tr<\/a><\/p>\n","protected":false},"excerpt":{"rendered":"<p style=\"text-align: center;\">\n<p style=\"text-align: justify;\">Hem\u015fehrisi Fatih Karamanc\u0131&#8217;n\u0131n arac\u0131yla Tarabya&#8217;da k\u0131sa bir gezinti yapan G\u00fcl, bu gezinin foto\u011fraf\u0131n\u0131 Twitter hesab\u0131ndan payla\u015ft\u0131.<\/p>\n<p style=\"text-align: justify;\">ANKARA &#8211; Ge\u00e7ti\u011fimiz hafta verdi\u011fi bir r\u00f6portajda araba kullanmay\u0131 \u00f6zledi\u011fini s\u00f6yleyen G\u00fcl\u2019e hem\u015fehrisi i\u015fadam\u0131 Fatih Karamanc\u0131 bir jest yapt\u0131. Kendisini ziyarete gelen Karamanc\u0131\u2019n\u0131n Cadillac marka arac\u0131n\u0131n direksiyon koltu\u011funa oturan G\u00fcl, Tarabya\u2019da araba <\/p>\n","protected":false},"author":1,"featured_media":0,"comment_status":"open","ping_status":"open","sticky":false,"template":"","format":"standard","meta":{"footnotes":""},"categories":[105],"tags":[],"class_list":["post-39515","post","type-post","status-publish","format-standard","hentry","category-gundem","odd"],"_links":{"self":[{"href":"http:\/\/www.korhanyilmaz.com\/index.php?rest_route=\/wp\/v2\/posts\/39515","targetHints":{"allow":["GET"]}}],"collection":[{"href":"http:\/\/www.korhanyilmaz.com\/index.php?rest_route=\/wp\/v2\/posts"}],"about":[{"href":"http:\/\/www.korhanyilmaz.com\/index.php?rest_route=\/wp\/v2\/types\/post"}],"author":[{"embeddable":true,"href":"http:\/\/www.korhanyilmaz.com\/index.php?rest_route=\/wp\/v2\/users\/1"}],"replies":[{"embeddable":true,"href":"http:\/\/www.korhanyilmaz.com\/index.php?rest_route=%2Fwp%2Fv2%2Fcomments&post=39515"}],"version-history":[{"count":0,"href":"http:\/\/www.korhanyilmaz.com\/index.php?rest_route=\/wp\/v2\/posts\/39515\/revisions"}],"wp:attachment":[{"href":"http:\/\/www.korhanyilmaz.com\/index.php?rest_route=%2Fwp%2Fv2%2Fmedia&parent=39515"}],"wp:term":[{"taxonomy":"category","embeddable":true,"href":"http:\/\/www.korhanyilmaz.com\/index.php?rest_route=%2Fwp%2Fv2%2Fcategories&post=39515"},{"taxonomy":"post_tag","embeddable":true,"href":"http:\/\/www.korhanyilmaz.com\/index.php?rest_route=%2Fwp%2Fv2%2Ftags&post=39515"}],"curies":[{"name":"wp","href":"https:\/\/api.w.org\/{rel}","templated":true}]}}