{"id":39505,"date":"2011-09-03T22:18:02","date_gmt":"2011-09-03T19:18:02","guid":{"rendered":"http:\/\/www.korhanyilmaz.com\/?p=39505"},"modified":"2011-09-04T01:23:02","modified_gmt":"2011-09-03T22:23:02","slug":"uluslararasi-kamuoyunda-akdeniz-endisesi","status":"publish","type":"post","link":"http:\/\/www.korhanyilmaz.com\/?p=39505","title":{"rendered":"Uluslararas\u0131 kamuoyunda Akdeniz endi\u015fesi"},"content":{"rendered":"<p style=\"text-align: center;\"><a href=\"http:\/\/www.korhanyilmaz.com\/wp-content\/uploads\/2011\/09\/8045.jpg\"  class=\"lightview\"><img loading=\"lazy\" decoding=\"async\" class=\"aligncenter size-full wp-image-39506\" src=\"http:\/\/www.korhanyilmaz.com\/wp-content\/uploads\/2011\/09\/8045.jpg\" alt=\"\" width=\"399\" height=\"224\" \/><\/a><\/p>\n<p style=\"text-align: justify;\">Uluslararas\u0131 kamuoyunda \u00f6nde gelen Ortado\u011fu ve T\u00fcrkiye analistleri Ankara\u2019n\u0131n d\u00fcn \u0130srail\u2019e kar\u015f\u0131 ald\u0131\u011f\u0131 yapt\u0131r\u0131m kararlar\u0131n\u0131n sonu\u00e7lar\u0131 konusunda endi\u015feli. Analistler, \u00f6zellikle, D\u0131\u015fi\u015fleri Bakan\u0131 Ahmet Davuto\u011flu\u2019nun Do\u011fu Akdeniz\u2019de seyr\u00fcsefer serbestisi a\u00e7\u0131klamas\u0131n\u0131n tehlikeli bir durum yaratabilece\u011fini belirtti.\u00a0<!--more--><\/p>\n<p style=\"text-align: justify;\">Lehigh \u00dcniversitesi \u00f6\u011fretim \u00fcyesi, Ortado\u011fu ve T\u00fcrkiye uzman\u0131 Henri Barkey, Anadolu Ajans\u0131\u2019na yapt\u0131\u011f\u0131 a\u00e7\u0131klamada, bunun &#8220;\u00e7ok ciddi bir kriz&#8221; oldu\u011funu s\u00f6yledi. &#8220;Bu krizin gelece\u011fini biliyorduk ama yine de herkes \u015fa\u015f\u0131rd\u0131&#8221; diyen Barkey, \u00f6zellikle Obama y\u00f6netiminin T\u00fcrkiye&#8217;den b\u00f6yle bir hamle beklemedi\u011fini ifade etti.<\/p>\n<p style=\"text-align: justify;\">Barkey, Davuto\u011flu&#8217;nun T\u00fcrkiye&#8217;nin &#8220;Do\u011fu Akdeniz\u2019de seyr\u00fcsefer serbestisi i\u00e7in gerekli g\u00f6rd\u00fc\u011f\u00fc her t\u00fcrl\u00fc \u00f6nlemi alaca\u011f\u0131&#8221; y\u00f6n\u00fcndeki s\u00f6zlerine \u015fa\u015f\u0131rd\u0131\u011f\u0131n\u0131 belirterek, &#8220;Bu t\u00fcr \u00f6ng\u00f6r\u00fcler i\u00e7in \u00e7ok erken ama bu durum \u00e7ok tehlikeli bir d\u00f6n\u00fc\u015f\u00fcmle sonu\u00e7lanabilir. Diyelim ba\u015fka T\u00fcrk gemisi veya ba\u015fka bir \u00fclkenin gemisi Gazze\u2019ye gitmeye \u00e7al\u0131\u015f\u0131rsa ve \u0130srail bunu durdurursa ne olacak? T\u00fcrk ve \u0130srail donanmas\u0131 birbiriyle mi kar\u015f\u0131la\u015facak? Bu durum, ba\u015fka ki\u015fi ve \u00f6rg\u00fctlere bir \u015fekilde kriz yaratma olana\u011f\u0131 tan\u0131yabilir\u201d dedi.<\/p>\n<p style=\"text-align: justify;\">T\u00fcrkiye&#8217;nin, \u0130srail&#8217;e y\u00f6nelik bu yeni ad\u0131mlarla, &#8220;Libya ve Suriye konular\u0131nda Arap d\u00fcnyas\u0131nda hasara u\u011frayan imaj\u0131n\u0131&#8221; da d\u00fczeltmek istedi\u011fini savunan Barkey, bu olaylar\u0131n, BM&#8217;de Filistin&#8217;in devlet olarak tan\u0131nmas\u0131na y\u00f6nelik deste\u011fe ivme kazand\u0131raca\u011f\u0131n\u0131 s\u00f6yledi.<\/p>\n<p style=\"text-align: justify;\"><strong>DAHA \u00c7OK D\u0130PLOMAS\u0130 ZAMANI<\/strong><\/p>\n<p style=\"text-align: justify;\">ABD merkezli d\u00fc\u015f\u00fcnce kurulu\u015fu German Marshall Fund uzmanlar\u0131ndan Joshua Walker ise son geli\u015fmelerin sadece \u0130srail&#8217;i k\u0131zd\u0131raca\u011f\u0131n\u0131 ve T\u00fcrkiye&#8217;nin de \u0130ran gibi kaybedildi\u011fini s\u00f6yleyen \u00fclkedeki sa\u011f kanad\u0131 ise dolduru\u015fa getirece\u011fini belirtti.<\/p>\n<p style=\"text-align: justify;\">Walker, &#8220;\u00dczg\u00fcn\u00fcm ama bir\u00e7ok Amerikal\u0131 da b\u00f6yle d\u00fc\u015f\u00fcn\u00fcyor. Bundan dolay\u0131 bu geli\u015fmelerin sadece T\u00fcrkiye-\u0130srail ili\u015fkileri olman\u0131n \u00f6tesine ta\u015fmas\u0131ndan kayg\u0131l\u0131y\u0131m. Bence, \u015fimdi daha az de\u011fil daha \u00e7ok diplomasi zaman\u0131&#8221; diye konu\u015ftu.<\/p>\n<p style=\"text-align: justify;\"><strong>\u2018KOM\u015eULARLA SIFIR SORUN\u2019UN BENZ\u0130N\u0130 B\u0130TT\u0130<\/strong><\/p>\n<p style=\"text-align: justify;\">Gazeteci Andrew Finkel ise Guardian i\u00e7in kaleme ald\u0131\u011f\u0131 makalede, Ankara\u2019n\u0131n g\u00fcndeme getirdi\u011fi 5 maddelik yapt\u0131r\u0131m paketinin b\u00f6lgesel bir politika izlemekten ziyade Arap d\u00fcnyas\u0131ndaki geli\u015fmelere yan\u0131t oldu\u011funu belirtti.<\/p>\n<p style=\"text-align: justify;\">Davuto\u011flu\u2019nun d\u00fcn yapt\u0131\u011f\u0131 a\u00e7\u0131klamalarla \u201ckom\u015fularla s\u0131f\u0131r sorun politikas\u0131n\u0131n benzininin bitti\u011fini z\u0131mnen kabul etti\u011fini\u201d ifade eden Finkel, T\u00fcrkiye\u2019nin Kuzey Afrika ve Ortado\u011fu\u2019nun ayakland\u0131\u011f\u0131 bir d\u00f6nemde \u0130srail\u2019i daha da yaln\u0131zla\u015ft\u0131rman\u0131n Netanyahu h\u00fck\u00fcmetini \u00f6z\u00fcr dilemeye zorlayaca\u011f\u0131n\u0131n hesab\u0131n\u0131 yapt\u0131\u011f\u0131n\u0131 \u00f6ne s\u00fcrd\u00fc.<\/p>\n<p style=\"text-align: justify;\">Finkel, \u201c[\u015eimdiye kadar] Ankara\u2019n\u0131n Suriye\u2019yle ili\u015fkilerini d\u00fczeltmesi ya da Tahran\u2019a kap\u0131s\u0131n\u0131 a\u00e7mas\u0131 NATO\u2019daki m\u00fcttefikleri taraf\u0131ndan \u00e7ok hevesle kar\u015f\u0131lanmasa da T\u00fcrkiye, a\u00e7\u0131k bir d\u0131\u015f politika ajandas\u0131 oldu\u011funu \u00f6ne s\u00fcrebilirdi. Ancak \u015fimdi sadece ya\u015fanan olaylara tepki verdi\u011fi izlenimini yaratt\u0131\u201d yorumunu yapt\u0131.<\/p>\n<p style=\"text-align: justify;\"><strong>\u00dcRD\u00dcN VE MISIR DA HAREKETE GE\u00c7EB\u0130L\u0130R<\/strong><\/p>\n<p style=\"text-align: justify;\">Wall Street Journal gazetesine konu\u015fan \u0130srailli emekli diplomat Alon Liel ise T\u00fcrkiye\u2019nin ard\u0131ndan b\u00f6lgede \u0130srail\u2019le ili\u015fkileri hala s\u00fcren iki M\u00fcsl\u00fcman \u00fclke, \u00dcrd\u00fcn ve M\u0131s\u0131r\u2019\u0131n da benzer ad\u0131mlar atabilece\u011fini iddia etti.<\/p>\n<p style=\"text-align: justify;\">Liel, \u201cBunun etkisi \u00e7ok b\u00fcy\u00fck \u00e7\u00fcnk\u00fc T\u00fcrkiye, son 20 y\u0131lda Ortado\u011fu\u2019da ve M\u00fcsl\u00fcman d\u00fcnyas\u0131nda \u0130srail\u2019e en yak\u0131n duran \u00fclkeydi. Ortado\u011fu\u2019daki bir numaral\u0131 dostumuzu ve m\u00fcttefikimizi kaybediyoruz\u201d dedi.<\/p>\n<p style=\"text-align: justify;\"><a href=\"http:\/\/www.hurriyet.com.tr\/planet\/18640423.asp\" target=\"_blank\">Kaynak : H\u00fcrriyet.com.tr<\/a><\/p>\n","protected":false},"excerpt":{"rendered":"<p style=\"text-align: center;\">\n<p style=\"text-align: justify;\">Uluslararas\u0131 kamuoyunda \u00f6nde gelen Ortado\u011fu ve T\u00fcrkiye analistleri Ankara\u2019n\u0131n d\u00fcn \u0130srail\u2019e kar\u015f\u0131 ald\u0131\u011f\u0131 yapt\u0131r\u0131m kararlar\u0131n\u0131n sonu\u00e7lar\u0131 konusunda endi\u015feli. Analistler, \u00f6zellikle, D\u0131\u015fi\u015fleri Bakan\u0131 Ahmet Davuto\u011flu\u2019nun Do\u011fu Akdeniz\u2019de seyr\u00fcsefer serbestisi a\u00e7\u0131klamas\u0131n\u0131n tehlikeli bir durum yaratabilece\u011fini belirtti. <\/p>\n","protected":false},"author":1,"featured_media":0,"comment_status":"open","ping_status":"open","sticky":false,"template":"","format":"standard","meta":{"footnotes":""},"categories":[105],"tags":[],"class_list":["post-39505","post","type-post","status-publish","format-standard","hentry","category-gundem","odd"],"_links":{"self":[{"href":"http:\/\/www.korhanyilmaz.com\/index.php?rest_route=\/wp\/v2\/posts\/39505","targetHints":{"allow":["GET"]}}],"collection":[{"href":"http:\/\/www.korhanyilmaz.com\/index.php?rest_route=\/wp\/v2\/posts"}],"about":[{"href":"http:\/\/www.korhanyilmaz.com\/index.php?rest_route=\/wp\/v2\/types\/post"}],"author":[{"embeddable":true,"href":"http:\/\/www.korhanyilmaz.com\/index.php?rest_route=\/wp\/v2\/users\/1"}],"replies":[{"embeddable":true,"href":"http:\/\/www.korhanyilmaz.com\/index.php?rest_route=%2Fwp%2Fv2%2Fcomments&post=39505"}],"version-history":[{"count":0,"href":"http:\/\/www.korhanyilmaz.com\/index.php?rest_route=\/wp\/v2\/posts\/39505\/revisions"}],"wp:attachment":[{"href":"http:\/\/www.korhanyilmaz.com\/index.php?rest_route=%2Fwp%2Fv2%2Fmedia&parent=39505"}],"wp:term":[{"taxonomy":"category","embeddable":true,"href":"http:\/\/www.korhanyilmaz.com\/index.php?rest_route=%2Fwp%2Fv2%2Fcategories&post=39505"},{"taxonomy":"post_tag","embeddable":true,"href":"http:\/\/www.korhanyilmaz.com\/index.php?rest_route=%2Fwp%2Fv2%2Ftags&post=39505"}],"curies":[{"name":"wp","href":"https:\/\/api.w.org\/{rel}","templated":true}]}}