{"id":39501,"date":"2011-09-03T20:49:32","date_gmt":"2011-09-03T17:49:32","guid":{"rendered":"http:\/\/www.korhanyilmaz.com\/?p=39501"},"modified":"2011-09-03T22:53:57","modified_gmt":"2011-09-03T19:53:57","slug":"tuncelide-catisma-2-sehit","status":"publish","type":"post","link":"http:\/\/www.korhanyilmaz.com\/?p=39501","title":{"rendered":"Tunceli&#8217;de \u00e7at\u0131\u015fma: 2 \u015fehit"},"content":{"rendered":"<p style=\"text-align: center;\"><a href=\"http:\/\/www.korhanyilmaz.com\/wp-content\/uploads\/2011\/09\/8044.jpg\"  class=\"lightview\"><img loading=\"lazy\" decoding=\"async\" class=\"aligncenter size-full wp-image-39502\" src=\"http:\/\/www.korhanyilmaz.com\/wp-content\/uploads\/2011\/09\/8044.jpg\" alt=\"\" width=\"357\" height=\"272\" \/><\/a><\/p>\n<p style=\"text-align: justify;\">TUNCEL\u0130\u2019nin merkeze ba\u011fl\u0131 C\u0131lga K\u00f6y\u00fc yak\u0131nlar\u0131nda arazi arama tarama faaliyetinde bulunan askerlere PKK\u2019l\u0131 ter\u00f6ristler taraf\u0131ndan pusu kurularak uzun namlulu silahlarla ate\u015f a\u00e7\u0131ld\u0131. A\u00e7\u0131lan ilk ate\u015fte bir te\u011fmen ve uzman \u00e7avu\u015f olmak \u00fczere 2 asker \u015fehit oldu. Sald\u0131r\u0131n\u0131n ard\u0131ndan PKK\u2019l\u0131 ter\u00f6ristlerin bulundu\u011fu b\u00f6lge Kobra helikopterleri taraf\u0131ndan yo\u011fun ate\u015f alt\u0131na al\u0131nd\u0131.\u00a0<!--more--><\/p>\n<p style=\"text-align: justify;\">Tunceli merkeze ba\u011fl\u0131 Geyiksuyu Jandarma Tabur Komutanl\u0131\u011f\u0131\u2019na ait askerler bu ak\u015fam saatlerinde C\u0131lga K\u00f6y\u00fc Esenyurt Mevkii\u2019nde arazi arama tarama faaliyetinde bulunurken PKK\u2019l\u0131 ter\u00f6ristler taraf\u0131ndan pusu kuruldu. Ter\u00f6ristler askerlerin \u00fczerine uzun namlulu silahlarla ate\u015f a\u00e7t\u0131. A\u00e7\u0131lan ilk ate\u015fte bir te\u011fmen, bir uzman \u00e7avu\u015f olmak \u00fczere 2 asker \u015fehit oldu. Grupta bulunan di\u011fer askerlerin an\u0131nda kar\u015f\u0131l\u0131k vermesiyle \u00e7at\u0131\u015fma \u00e7\u0131kt\u0131.<\/p>\n<p style=\"text-align: justify;\">\u00c7at\u0131\u015fma s\u00fcrerken, Tunceli Jandarma B\u00f6lge Komutanl\u0131\u011f\u0131\u2019ndan kalkan 2 Kobra helikopter PKK\u2019l\u0131lar\u0131n bulundu\u011fu alanlar\u0131 bombalay\u0131p, yo\u011fun ate\u015f alt\u0131na ald\u0131. B\u00f6lgeye Tunceli 4\u2019\u00fcnc\u00fc Komando Tugay Komutanl\u0131\u011f\u0131\u2019ndan Sikorsky helikopterlerle komandolar indirildi. B\u00f6lgede \u00e7at\u0131\u015fmalar\u0131n s\u00fcrd\u00fc\u011f\u00fc belirtilirken, \u015fehit ve yaral\u0131 say\u0131s\u0131 konusunda hen\u00fcz bilgi al\u0131namad\u0131.<\/p>\n<p style=\"text-align: justify;\">PKK\u2019l\u0131 ter\u00f6ristlerin sald\u0131r\u0131s\u0131nda \u015fehit olan 2 askerin cenazeleri Elaz\u0131\u011f Asker Hastanesi\u2019ne g\u00f6t\u00fcr\u00fcld\u00fc.<\/p>\n<p style=\"text-align: justify;\"><a href=\"http:\/\/www.hurriyet.com.tr\/gundem\/18642804.asp\" target=\"_blank\">Kaynak : H\u00fcrriyet.com.tr<\/a><\/p>\n","protected":false},"excerpt":{"rendered":"<p style=\"text-align: center;\">\n<p style=\"text-align: justify;\">TUNCEL\u0130\u2019nin merkeze ba\u011fl\u0131 C\u0131lga K\u00f6y\u00fc yak\u0131nlar\u0131nda arazi arama tarama faaliyetinde bulunan askerlere PKK\u2019l\u0131 ter\u00f6ristler taraf\u0131ndan pusu kurularak uzun namlulu silahlarla ate\u015f a\u00e7\u0131ld\u0131. A\u00e7\u0131lan ilk ate\u015fte bir te\u011fmen ve uzman \u00e7avu\u015f olmak \u00fczere 2 asker \u015fehit oldu. Sald\u0131r\u0131n\u0131n ard\u0131ndan PKK\u2019l\u0131 ter\u00f6ristlerin bulundu\u011fu b\u00f6lge Kobra helikopterleri taraf\u0131ndan yo\u011fun ate\u015f alt\u0131na al\u0131nd\u0131. <\/p>\n","protected":false},"author":1,"featured_media":0,"comment_status":"open","ping_status":"open","sticky":false,"template":"","format":"standard","meta":{"footnotes":""},"categories":[105],"tags":[],"class_list":["post-39501","post","type-post","status-publish","format-standard","hentry","category-gundem","odd"],"_links":{"self":[{"href":"http:\/\/www.korhanyilmaz.com\/index.php?rest_route=\/wp\/v2\/posts\/39501","targetHints":{"allow":["GET"]}}],"collection":[{"href":"http:\/\/www.korhanyilmaz.com\/index.php?rest_route=\/wp\/v2\/posts"}],"about":[{"href":"http:\/\/www.korhanyilmaz.com\/index.php?rest_route=\/wp\/v2\/types\/post"}],"author":[{"embeddable":true,"href":"http:\/\/www.korhanyilmaz.com\/index.php?rest_route=\/wp\/v2\/users\/1"}],"replies":[{"embeddable":true,"href":"http:\/\/www.korhanyilmaz.com\/index.php?rest_route=%2Fwp%2Fv2%2Fcomments&post=39501"}],"version-history":[{"count":0,"href":"http:\/\/www.korhanyilmaz.com\/index.php?rest_route=\/wp\/v2\/posts\/39501\/revisions"}],"wp:attachment":[{"href":"http:\/\/www.korhanyilmaz.com\/index.php?rest_route=%2Fwp%2Fv2%2Fmedia&parent=39501"}],"wp:term":[{"taxonomy":"category","embeddable":true,"href":"http:\/\/www.korhanyilmaz.com\/index.php?rest_route=%2Fwp%2Fv2%2Fcategories&post=39501"},{"taxonomy":"post_tag","embeddable":true,"href":"http:\/\/www.korhanyilmaz.com\/index.php?rest_route=%2Fwp%2Fv2%2Ftags&post=39501"}],"curies":[{"name":"wp","href":"https:\/\/api.w.org\/{rel}","templated":true}]}}