{"id":39497,"date":"2011-09-03T08:51:16","date_gmt":"2011-09-03T05:51:16","guid":{"rendered":"http:\/\/www.korhanyilmaz.com\/?p=39497"},"modified":"2011-09-03T17:11:50","modified_gmt":"2011-09-03T14:11:50","slug":"turkiye-kazandi-uzan-kaybetti","status":"publish","type":"post","link":"http:\/\/www.korhanyilmaz.com\/?p=39497","title":{"rendered":"T\u00fcrkiye kazand\u0131, Uzan kaybetti"},"content":{"rendered":"<p style=\"text-align: justify;\"><a href=\"http:\/\/www.korhanyilmaz.com\/wp-content\/uploads\/2011\/09\/8043.jpg\"  class=\"lightview\"><img loading=\"lazy\" decoding=\"async\" class=\"aligncenter size-full wp-image-39498\" title=\"\" src=\"http:\/\/www.korhanyilmaz.com\/wp-content\/uploads\/2011\/09\/8043.jpg\" alt=\"\" width=\"292\" height=\"278\" \/><\/a><\/p>\n<p style=\"text-align: justify;\">Enerji Bakan\u0131 Taner Y\u0131ld\u0131z, \u00c7EA\u015e ve Kepez Elektrik&#8217;e el konulmas\u0131 sonras\u0131nda a\u00e7\u0131lan ve 10.1 milyar dolar tazminat talep edilen Libananco davas\u0131n\u0131n T\u00fcrkiye lehine sonu\u00e7land\u0131\u011f\u0131n\u0131 belirterek &#8216;Uzan ailesinin tazminat talebi reddedilmi\u015ftir&#8217; dedi.<\/p>\n<p style=\"text-align: justify;\">Uluslararas\u0131 Yat\u0131r\u0131m Anla\u015fmazl\u0131klar\u0131 \u00c7\u00f6z\u00fcm Merkezi (ICSID), T\u00fcrkiye Cumhuriyeti ile Uzan ailesi aras\u0131ndaki Libananco davas\u0131n\u0131 T\u00fcrkiye lehine sonu\u00e7land\u0131rd\u0131.<!--more--><\/p>\n<p style=\"text-align: justify;\">Enerji Bakan\u0131 Taner Y\u0131ld\u0131z Libanaco Davas\u0131 ile ilgili a\u00e7\u0131klama yapt\u0131. Y\u0131ld\u0131sz \u00f6zetle \u015funlar\u0131 s\u00f6yledi: &#8220;Dan\u0131\u015ftay bizi hakl\u0131 g\u00f6rm\u00fc\u015ft\u00fc. \u015eimdi uluslararas\u0131 hukuk da bizi hakl\u0131 buldu. Enerji Bakanl\u0131\u011f\u0131 bu s\u00fcre i\u00e7inde enerjisinin yar\u0131s\u0131n\u0131, tabirimi mazur g\u00f6r\u00fcn, \u2018T\u00fcrkiye\u2019yi emmek isteyen s\u00fcl\u00fcklerle\u2019 m\u00fccadele ederek ge\u00e7irdi. Cem Uzan davay\u0131 siyasi ama\u00e7 i\u00e7in kulland\u0131. Bu kadar organize bu kadar sahtecilikle, sahtecilik benim ifadem de\u011fildir, hileli evrak kullanmak ve suistimal yapmakla ilgili belgeler tespit edildi. Vatanda\u015f\u0131m\u0131z ba\u015f\u0131na ki\u015fi ba\u015f\u0131na d\u00fc\u015fen milli gelirini hemen hemen tamam\u0131n\u0131 isteyen bir davayd\u0131 bu. Temyiz yolu da vard\u0131r, ama biz bu a\u015famada ba\u015fta tahkim kuruluna te\u015fekk\u00fcr ediyoruz. Sa\u011fduyular\u0131ndan dolay\u0131. Bu, uluslararas\u0131 soygun tarz\u0131nda d\u00fczenlenmi\u015f bir yap\u0131yd\u0131. Buna onlar da g\u00f6z yummad\u0131lar. Son dava faizleriyle birlikte 17-18 milyar dolar talep edilen bir davayd\u0131. Ben bu davada eme\u011fi ge\u00e7en herkese te\u015fekk\u00fcr ediyorum. 6 y\u0131ldan beri y\u00fczde 50 i\u015fimizi bu davaya vermi\u015fiz. Yapaca\u011f\u0131m\u0131z bir\u00e7ok i\u015ften fedakarl\u0131k yap\u0131p bu davayla ilgilenmi\u015fiz. T\u00fcrkiye b\u00f6yle bir s\u00fcl\u00fckten, kamburdan kurtulmu\u015ftur. Kangren olmaya y\u00fcz tutmu\u015f bir kol kesilip at\u0131lm\u0131\u015ft\u0131r. Bu dava uluslararas\u0131 hukuk alan\u0131nda T\u00fcrkiye\u2019nin kazand\u0131\u011f\u0131 bir ba\u015far\u0131d\u0131r.&#8221;<\/p>\n<p style=\"text-align: justify;\"><strong>21 milyar dolar\u0131 bulabilirdi<\/strong><\/p>\n<p style=\"text-align: justify;\">Libananco davas\u0131, Enerji Bakanl\u0131\u011f\u0131\u2019n\u0131n 2003\u2019te Enerji Piyasas\u0131 D\u00fczenleme Kurumu\u2019nun ba\u015fvurusu \u00fczerine, Uzan Grubu\u2019na ait \u00c7EA\u015e ve Kepez Elektrik\u2019e el koymas\u0131ndan kaynaklan\u0131yor. El koyma karar\u0131ndan 3 y\u0131l sonra 19 Nisan 2006\u2019da G\u00fcney K\u0131br\u0131s\u2019ta faaliyet g\u00f6sterdi\u011fini a\u00e7\u0131klayan Libananco Holdings isimli \u015firket, \u00c7EA\u015e ve Kepez\u2019e ortak oldu\u011funu ve el koyma karar\u0131yla ma\u011fdur edildi\u011fini iddia ederek, T\u00fcrkiye aleyhine ICSID\u2019e dava a\u00e7m\u0131\u015ft\u0131.<\/p>\n<p style=\"text-align: justify;\">Libananco\u2019nun mahkemeyi kazanmas\u0131 halinde T\u00fcrkiye\u2019nin faiziyle birlikte 21 milyar dolar\u0131 bulabilecek tazminat \u00f6demesinin s\u00f6z konusu olabilece\u011fi ileri s\u00fcr\u00fcl\u00fcrken, Yarg\u0131tay\u2019\u0131n da onad\u0131\u011f\u0131 mahkeme karar\u0131yla Uzan Grubu\u2019nun, \u015firket hisseleriyle ilgili muvazaal\u0131 sat\u0131\u015f yapt\u0131\u011f\u0131 tespit edilmi\u015fti. Davay\u0131 g\u00f6r\u00fc\u015fen mahkeme de bu geli\u015fme \u00fczerine T\u00fcrk mahkemelerinin karar\u0131n\u0131 istemi\u015fti. Uzan Grubu\u2019nun muvazaal\u0131 hisse devrini tescil eden bu karar\u0131n, Libananco davas\u0131n\u0131n seyrini T\u00fcrkiye lehine de\u011fi\u015ftirebilece\u011fi belirtilmi\u015fti.<\/p>\n<p style=\"text-align: justify;\">Cem Uzan\u2019\u0131n Fransa\u2019ya iltica talebiyle ba\u015fvurmas\u0131 da, Libananco davas\u0131yla ilgili bir manevra olarak yorumlanm\u0131\u015f ve \u201cSiyasi bask\u0131 g\u00f6rd\u00fcm\u201d tezini belgelemek i\u00e7in b\u00f6yle bir yola ba\u015fvurdu\u011fu iddia edilmi\u015fti.<\/p>\n<p style=\"text-align: justify;\"><a href=\"http:\/\/www.radikal.com.tr\/Radikal.aspx?aType=RadikalDetayV3&amp;ArticleID=1062160&amp;Date=03.09.2011&amp;CategoryID=80\" target=\"_blank\">Kaynak : Radikal.com.tr<\/a><\/p>\n","protected":false},"excerpt":{"rendered":"<p style=\"text-align: justify;\">\n<p style=\"text-align: justify;\">Enerji Bakan\u0131 Taner Y\u0131ld\u0131z, \u00c7EA\u015e ve Kepez Elektrik&#8217;e el konulmas\u0131 sonras\u0131nda a\u00e7\u0131lan ve 10.1 milyar dolar tazminat talep edilen Libananco davas\u0131n\u0131n T\u00fcrkiye lehine sonu\u00e7land\u0131\u011f\u0131n\u0131 belirterek &#8216;Uzan ailesinin tazminat talebi reddedilmi\u015ftir&#8217; dedi.<\/p>\n<p style=\"text-align: justify;\">Uluslararas\u0131 Yat\u0131r\u0131m Anla\u015fmazl\u0131klar\u0131 \u00c7\u00f6z\u00fcm Merkezi (ICSID), T\u00fcrkiye Cumhuriyeti ile Uzan ailesi aras\u0131ndaki Libananco davas\u0131n\u0131 T\u00fcrkiye lehine sonu\u00e7land\u0131rd\u0131.<\/p>\n","protected":false},"author":1,"featured_media":0,"comment_status":"open","ping_status":"open","sticky":false,"template":"","format":"standard","meta":{"footnotes":""},"categories":[105],"tags":[],"class_list":["post-39497","post","type-post","status-publish","format-standard","hentry","category-gundem","odd"],"_links":{"self":[{"href":"http:\/\/www.korhanyilmaz.com\/index.php?rest_route=\/wp\/v2\/posts\/39497","targetHints":{"allow":["GET"]}}],"collection":[{"href":"http:\/\/www.korhanyilmaz.com\/index.php?rest_route=\/wp\/v2\/posts"}],"about":[{"href":"http:\/\/www.korhanyilmaz.com\/index.php?rest_route=\/wp\/v2\/types\/post"}],"author":[{"embeddable":true,"href":"http:\/\/www.korhanyilmaz.com\/index.php?rest_route=\/wp\/v2\/users\/1"}],"replies":[{"embeddable":true,"href":"http:\/\/www.korhanyilmaz.com\/index.php?rest_route=%2Fwp%2Fv2%2Fcomments&post=39497"}],"version-history":[{"count":0,"href":"http:\/\/www.korhanyilmaz.com\/index.php?rest_route=\/wp\/v2\/posts\/39497\/revisions"}],"wp:attachment":[{"href":"http:\/\/www.korhanyilmaz.com\/index.php?rest_route=%2Fwp%2Fv2%2Fmedia&parent=39497"}],"wp:term":[{"taxonomy":"category","embeddable":true,"href":"http:\/\/www.korhanyilmaz.com\/index.php?rest_route=%2Fwp%2Fv2%2Fcategories&post=39497"},{"taxonomy":"post_tag","embeddable":true,"href":"http:\/\/www.korhanyilmaz.com\/index.php?rest_route=%2Fwp%2Fv2%2Ftags&post=39497"}],"curies":[{"name":"wp","href":"https:\/\/api.w.org\/{rel}","templated":true}]}}