{"id":39493,"date":"2011-09-03T10:36:15","date_gmt":"2011-09-03T07:36:15","guid":{"rendered":"http:\/\/www.korhanyilmaz.com\/?p=39493"},"modified":"2011-09-03T17:07:41","modified_gmt":"2011-09-03T14:07:41","slug":"tekirdag-f-tipinde-ne-oluyor","status":"publish","type":"post","link":"http:\/\/www.korhanyilmaz.com\/?p=39493","title":{"rendered":"Tekirda\u011f F Tipi&#8217;nde ne oluyor?"},"content":{"rendered":"<p style=\"text-align: center;\"><a href=\"http:\/\/www.korhanyilmaz.com\/wp-content\/uploads\/2011\/09\/8042.jpg\"  class=\"lightview\"><img loading=\"lazy\" decoding=\"async\" class=\"aligncenter size-full wp-image-39494\" src=\"http:\/\/www.korhanyilmaz.com\/wp-content\/uploads\/2011\/09\/8042.jpg\" alt=\"\" width=\"384\" height=\"254\" \/><\/a><\/p>\n<p style=\"text-align: justify;\">Tekirda\u011f 1 No&#8217;lu F Tipi Cezaevi M\u00fcd\u00fcr\u00fc Haydar Ali Ak hakk\u0131nda, bir tutuklunun kolunu k\u0131rmak, bir di\u011ferini yumruklamak, kendisine &#8216;G\u00fcnayd\u0131n&#8217; demeyen tutukluya tek ki\u015filik h\u00fccre cezas\u0131 uygulatmak gibi iddialarla su\u00e7 duyurusunda bulunuldu.<\/p>\n<p style=\"text-align: justify;\">\u0130STANBUL &#8211; Tekirda\u011f 1 No\u2019lu F Tipi Cezaevi\u2019nde, \u2018Haydar Ali M\u00fcd\u00fcr\u2019 ayaklanmas\u0131 ya\u015fan\u0131yor. Tutuklu ve h\u00fck\u00fcml\u00fclerin \u015fikayet\u00e7i oldu\u011fu M\u00fcd\u00fcr Haydar Ali A ile son bir y\u0131l i\u00e7erisindeki 25 iddiadan baz\u0131lar\u0131 \u015f\u00f6yle: bir tutuklunun kolunu k\u0131rmak, bir di\u011ferini yumruklamak, kendisine \u201cG\u00fcnayd\u0131n\u201d demeyen bir tutukluya tek ki\u015filik h\u00fccre cezas\u0131 uygulatmak, ka\u011f\u0131ttan yap\u0131lm\u0131\u015f el \u00fcr\u00fcn\u00fc kalemlikleri toplamak, sabah say\u0131mlar\u0131n\u0131 bask\u0131na \u00e7evirip odalar\u0131 talan etmek, itiraz edenleri \u2018s\u00fcngerli oda\u2019 ad\u0131 verilen h\u00fccreye koymak&#8230;\u00a0<!--more--><\/p>\n<p style=\"text-align: justify;\">Tekirda\u011f 1 No\u2019lu F Tipi Cezaevi\u2019nde kalan tutuklular\u0131n ortak mektubu \u00fczerine harekete ge\u00e7en avukatlar d\u00fcn Tekirda\u011f Cumhuriyet Ba\u015fsavc\u0131l\u0131\u011f\u0131\u2019nda su\u00e7 duyurusunda bulundu. Cezaevi M\u00fcd\u00fcr\u00fc Haydar Ali Ak hakk\u0131nda \u2018i\u015fkence, hakaret, darp, g\u00f6revi k\u00f6t\u00fcye kullanma\u2019 iddialar\u0131yla yap\u0131lan su\u00e7 duyurusunda, 6 May\u0131s 2010-15 Temmuz 2011 aras\u0131ndaki 25 vakaya yer verildi. Su\u00e7 duyurusundaki iddialardan baz\u0131lar\u0131 \u015f\u00f6yle:<\/p>\n<p style=\"text-align: justify;\">6 May\u0131s 2010: Sabah say\u0131m\u0131nda Haydar Ali Ak\u2019\u0131n g\u00f6zetiminde bir grup gardiyan \u00fc\u00e7 h\u00fccredeki tutuklular\u0131 darp etti. Say\u0131m yerine arama i\u015flemi yap\u0131ld\u0131. Fehmi Karaman isimli tutuklu yaraland\u0131. Tutuklulara h\u00fccre cezas\u0131 verildi.<\/p>\n<p style=\"text-align: justify;\">25 Haziran: Ka\u011f\u0131ttan yap\u0131lan el \u00fcr\u00fcn\u00fc kalemli\u011fe Ak el koydu. Buna itiraz eden H\u00fcseyin Karao\u011flan adl\u0131 tutukluya \u2018memura kar\u015f\u0131 gelmek\u2019ten be\u015f g\u00fcn tke ki\u015filik h\u00fccre cezas\u0131 verildi.<\/p>\n<p style=\"text-align: justify;\">23 Eyl\u00fcl: Televizyon masas\u0131n\u0131 y\u00fckseltmek i\u00e7in kullan\u0131lan \u00e7ekpas sopalar\u0131na el konuldu, itiraz edenlere ceza verildi.<\/p>\n<p style=\"text-align: justify;\">24 Eyl\u00fcl: Ayn\u0131 h\u00fccredeki \u2018m\u00fch\u00fcrs\u00fcz\u2019 kitaplara el konuldu. \u0130tiraz edenlere disiplin cezas\u0131&#8230; \u0130ki battaniyeye \u2018fazla\u2019 denilerek al\u0131nd\u0131. Tutuklu Turar Solak, \u201cBattaniye idarece verildi\u201d diye itirazda bulununca be\u015f g\u00fcn tek ki\u015filik h\u00fccreye konuldu. Su petlerine \u2018fazla\u2019 diye el kondu.<\/p>\n<p style=\"text-align: justify;\"><strong>\u2018G\u00fcnayd\u0131n\u2019 demeyince&#8230;<\/strong><\/p>\n<p style=\"text-align: justify;\">8 Ekim: Ak, \u00fc\u00e7 tutukluya, \u201cBuraya 40 ki\u015fi y\u0131\u011fd\u0131rtmay\u0131n\u201d dedi. Not, kitap ve e\u015fyalara el kondu, disiplin cezas\u0131 verildi.<\/p>\n<p style=\"text-align: justify;\">13 Ekim: Say\u0131mda Ak, tutuklu Muzaffer \u00d6zt\u00fcrk\u2019e \u201cG\u00fcnayd\u0131n\u201d dedi. \u00d6zt\u00fcrk ise \u201cArkada\u015flar\u0131m\u0131za sald\u0131ran, i\u015fkence yapana g\u00fcnayd\u0131n demem\u201d deyince Ak, \u201cSen ter\u00f6ristsin\u201d diye kar\u015f\u0131l\u0131k verdi. \u00d6zt\u00fcrk\u2019e disiplin cezas\u0131&#8230;<\/p>\n<p style=\"text-align: justify;\">15 Ekim: H\u00fccreler aras\u0131nda kullan\u0131lan ileti\u015fim toplar\u0131n\u0131 (\u00fczerine yaz\u0131lar yaz\u0131l\u0131p top haline getirilerek havaland\u0131rma bo\u015flu\u011funda ko\u011fu\u015ftan ko\u011fu\u015fa f\u0131rlat\u0131lan ka\u011f\u0131tlar) gerek\u00e7e g\u00f6sterilerek arama yap\u0131laca\u011f\u0131 s\u00f6ylendi. \u0130tiraz eden iki tutuklu zorla havaland\u0131rmaya \u00e7\u0131kar\u0131ld\u0131, M\u00fcrtaza Da\u011f ise Ak taraf\u0131ndan d\u00f6v\u00fcld\u00fc. Ak, \u201cGece 3\u2019te basar\u0131m, kimse bana bir \u015fey diyemez, istedi\u011fimi yapar\u0131m. M\u00fcrtaza Da\u011f senin ismini \u00e7ok duyuyorum, seni gebertirim\u201d dedi.<\/p>\n<p style=\"text-align: justify;\">24 Kas\u0131m: \u00dc\u00e7 tutuklu, ani aramaya itiraz edince darp edildi ve h\u00fccreleri talan edildi. Ayn\u0131 g\u00fcn \u2018kap\u0131lara vurdu\u011fu\u2019 gerek\u00e7esiyle H\u00fcseyin Uzunda\u011f s\u00fcngerli h\u00fccreye at\u0131ld\u0131, Murat Akta\u015f d\u00f6v\u00fcld\u00fc.<\/p>\n<p style=\"text-align: justify;\">1 Aral\u0131k: \u201cKap\u0131lara vuruluyor\u201d diye Bekta\u015f Karaman darp edildi ve s\u00fcngerli h\u00fccreye at\u0131ld\u0131. \u0130\u015fkenceler sonucu Karaman, kan i\u015fedi ve daha sonra kendisine disiplin cezas\u0131 verildi.<\/p>\n<p style=\"text-align: justify;\">2 Aral\u0131k: Say\u0131m sonras\u0131 radyo, meyve b\u0131\u00e7a\u011f\u0131, radyo kulakl\u0131\u011f\u0131 ve radyo antenleri al\u0131nd\u0131 ve disiplin cezas\u0131 verildi. Ayn\u0131 g\u00fcn C-94\u2019daki ani aramada \u015eehmuz Avc\u0131 adl\u0131 tutuklunun kolu k\u0131r\u0131ld\u0131.<\/p>\n<p style=\"text-align: justify;\">8 Ocak 2011: Say\u0131mda Faruk Erdo\u011fan darp edildi, radyo ve kulakl\u0131k kablosuna el konuldu ve iki g\u00fcn h\u00fccre cezas\u0131 verildi. Ayn\u0131 g\u00fcn Alig\u00fcl Alkaya, M\u00fcd\u00fcr Ak taraf\u0131ndan darp edildi, bir g\u00fcn de h\u00fccre cezas\u0131 verildi.<\/p>\n<p style=\"text-align: justify;\">13 Ocak: Kaan Nakay\u2019\u0131n panosundaki resimlere el konuldu.<\/p>\n<p style=\"text-align: justify;\">1 \u015eubat: M\u00fcd\u00fcr Ak, sloganlarla protesto edildi. Hepsine birer g\u00fcn tek ki\u015filik h\u00fccre cezas\u0131 verildi.<\/p>\n<p style=\"text-align: justify;\">30 Haziran: Say\u0131mda tutuklu \u00d6zcan Bayram darp edildi, panodaki resimlerine, \u00e7ekpas sap\u0131na ve dergilerine el konuldu. Zorla s\u00fcrgerli h\u00fccrede tutuldu. Alt\u0131 g\u00fcn h\u00fccre ve bir ay ziyaret yasa\u011f\u0131 ald\u0131.<\/p>\n<p style=\"text-align: justify;\">14 Temmuz: Disiplin soru\u015fturmas\u0131 i\u00e7in ifadeye giden \u00d6zcan Bayram, tokatland\u0131. Bir g\u00fcn h\u00fccre ve 1 ay ziyaret yasa\u011f\u0131 verildi.<\/p>\n<p style=\"text-align: justify;\">15 Temmuz: Hakan Karabey, Ak\u2019\u0131n emri \u00fczerine alt\u0131 saat s\u00fcngerli h\u00fccrede kald\u0131 ve bizzat Ak taraf\u0131ndan yumrukland\u0131. Karabey, a\u00e7\u0131lan soru\u015fturma sonucunda, sekiz g\u00fcn h\u00fccre, bir ay da ileti\u015fim yasa\u011f\u0131 ald\u0131.<\/p>\n<p style=\"text-align: justify;\">Cezaevi M\u00fcd\u00fcr Haydar Ali Ak, 657 say\u0131s\u0131 Devlet Memurlar\u0131 Kanunu\u2019na tabi oldu\u011fundan herhangi bir a\u00e7\u0131klama yapamayaca\u011f\u0131n\u0131 veya g\u00f6r\u00fc\u015f veremeyece\u011fini ifade etti.<\/p>\n<p style=\"text-align: justify;\"><a href=\"http:\/\/www.radikal.com.tr\/Radikal.aspx?aType=RadikalDetayV3&amp;ArticleID=1062170&amp;Date=03.09.2011&amp;CategoryID=77\" target=\"_blank\">Kaynak : Radikal.com.tr<\/a><\/p>\n","protected":false},"excerpt":{"rendered":"<p style=\"text-align: center;\">\n<p style=\"text-align: justify;\">Tekirda\u011f 1 No&#8217;lu F Tipi Cezaevi M\u00fcd\u00fcr\u00fc Haydar Ali Ak hakk\u0131nda, bir tutuklunun kolunu k\u0131rmak, bir di\u011ferini yumruklamak, kendisine &#8216;G\u00fcnayd\u0131n&#8217; demeyen tutukluya tek ki\u015filik h\u00fccre cezas\u0131 uygulatmak gibi iddialarla su\u00e7 duyurusunda bulunuldu.<\/p>\n<p style=\"text-align: justify;\">\u0130STANBUL &#8211; Tekirda\u011f 1 No\u2019lu F Tipi Cezaevi\u2019nde, \u2018Haydar Ali M\u00fcd\u00fcr\u2019 ayaklanmas\u0131 ya\u015fan\u0131yor. Tutuklu ve h\u00fck\u00fcml\u00fclerin <\/p>\n","protected":false},"author":1,"featured_media":0,"comment_status":"open","ping_status":"open","sticky":false,"template":"","format":"standard","meta":{"footnotes":""},"categories":[105],"tags":[],"class_list":["post-39493","post","type-post","status-publish","format-standard","hentry","category-gundem","odd"],"_links":{"self":[{"href":"http:\/\/www.korhanyilmaz.com\/index.php?rest_route=\/wp\/v2\/posts\/39493","targetHints":{"allow":["GET"]}}],"collection":[{"href":"http:\/\/www.korhanyilmaz.com\/index.php?rest_route=\/wp\/v2\/posts"}],"about":[{"href":"http:\/\/www.korhanyilmaz.com\/index.php?rest_route=\/wp\/v2\/types\/post"}],"author":[{"embeddable":true,"href":"http:\/\/www.korhanyilmaz.com\/index.php?rest_route=\/wp\/v2\/users\/1"}],"replies":[{"embeddable":true,"href":"http:\/\/www.korhanyilmaz.com\/index.php?rest_route=%2Fwp%2Fv2%2Fcomments&post=39493"}],"version-history":[{"count":0,"href":"http:\/\/www.korhanyilmaz.com\/index.php?rest_route=\/wp\/v2\/posts\/39493\/revisions"}],"wp:attachment":[{"href":"http:\/\/www.korhanyilmaz.com\/index.php?rest_route=%2Fwp%2Fv2%2Fmedia&parent=39493"}],"wp:term":[{"taxonomy":"category","embeddable":true,"href":"http:\/\/www.korhanyilmaz.com\/index.php?rest_route=%2Fwp%2Fv2%2Fcategories&post=39493"},{"taxonomy":"post_tag","embeddable":true,"href":"http:\/\/www.korhanyilmaz.com\/index.php?rest_route=%2Fwp%2Fv2%2Ftags&post=39493"}],"curies":[{"name":"wp","href":"https:\/\/api.w.org\/{rel}","templated":true}]}}