{"id":39487,"date":"2011-09-02T17:15:59","date_gmt":"2011-09-02T14:15:59","guid":{"rendered":"http:\/\/www.korhanyilmaz.com\/?p=39487"},"modified":"2011-09-03T00:59:16","modified_gmt":"2011-09-02T21:59:16","slug":"besir-atalaydan-kostebek-iddiasina-yanit","status":"publish","type":"post","link":"http:\/\/www.korhanyilmaz.com\/?p=39487","title":{"rendered":"Be\u015fir Atalay&#8217;dan &#8220;k\u00f6stebek&#8221; iddias\u0131na yan\u0131t"},"content":{"rendered":"<p style=\"text-align: center;\"><a href=\"http:\/\/www.korhanyilmaz.com\/wp-content\/uploads\/2011\/09\/8041.jpg\"  class=\"lightview\"><img loading=\"lazy\" decoding=\"async\" class=\"aligncenter size-full wp-image-39488\" title=\"BASBAKAN YARDIMCISI BESIR ATALAY\" src=\"http:\/\/www.korhanyilmaz.com\/wp-content\/uploads\/2011\/09\/8041.jpg\" alt=\"\" width=\"307\" height=\"236\" \/><\/a><\/p>\n<p style=\"text-align: justify;\">Ba\u015fbakan Yard\u0131mc\u0131s\u0131 Be\u015fir Atalay &#8220;k\u00f6stebek&#8221; iddialar\u0131na yan\u0131t verdi. \u0130ddialar\u0131 &#8220;siyasi karalama, iftira kampanyas\u0131&#8221; diye niteleyen Atalay, CHP Genel Ba\u015fkan\u0131 Kemal K\u0131l\u0131\u00e7daro\u011flu&#8217;nu &#8220;\u00e7irkin siyaset&#8221; yapmakla su\u00e7lad\u0131.<\/p>\n<p style=\"text-align: justify;\">\u0130\u00e7i\u015fleri Bakan\u0131 oldu\u011fu d\u00f6nemde Deniz Feneri soru\u015fturmas\u0131 kapsam\u0131nda yap\u0131lacak aramay\u0131 Kanal 7&#8217;ye haber vermekle su\u00e7lanan Ba\u015fbakan Yard\u0131mc\u0131s\u0131 Be\u015fir Atalay, iddialara yan\u0131t verdi. Atalay, \u0130\u00e7i\u015fleri Bakanl\u0131\u011f\u0131 d\u00f6neminde, \u00f6ncesinde veya sonras\u0131nda devam eden hi\u00e7bir davayla ilgili herhangi bir y\u00f6nlendirmesinin kesinlikle s\u00f6z konusu olmad\u0131\u011f\u0131n\u0131 bildirdi.\u00a0<!--more--><\/p>\n<p style=\"text-align: justify;\">Atalay yapt\u0131\u011f\u0131 yaz\u0131l\u0131 a\u00e7\u0131klamada, bug\u00fcn, &#8220;\u00e7e\u015fitli yay\u0131n organlar\u0131nda \u0130\u00e7i\u015fleri Bakanl\u0131\u011f\u0131 d\u00f6nemini ilzam eden baz\u0131 haberler yer ald\u0131\u011f\u0131n\u0131, devam eden bir yarg\u0131lama s\u00fcrecine m\u00fcdahale edildi\u011fine dair baz\u0131 iddialar\u0131n g\u00fcndeme getirildi\u011fini&#8221; belirtti.<\/p>\n<p style=\"text-align: justify;\">S\u00f6z konusu iddialar\u0131n &#8220;ger\u00e7ek d\u0131\u015f\u0131, as\u0131ls\u0131z ve k\u00fclliyen yalan oldu\u011funu&#8221; vurgulayan Bakan Atalay, \u015funlar\u0131 kaydetti:<\/p>\n<p style=\"text-align: justify;\">&#8220;\u0130\u00e7i\u015fleri Bakanl\u0131\u011f\u0131 d\u00f6nemimde, \u00f6ncesinde veya sonras\u0131nda devam eden hi\u00e7bir davayla ilgili herhangi bir y\u00f6nlendirmem kesinlikle s\u00f6z konusu olmam\u0131\u015ft\u0131r. \u015eahs\u0131ma atfen dile getirilen bu iddialar tamamen ger\u00e7ek d\u0131\u015f\u0131d\u0131r, as\u0131ls\u0131zd\u0131r ve k\u00fclliyen yaland\u0131r. Bahse konu olan davayla ne bir ilgim s\u00f6z konusudur ne de davan\u0131n gidi\u015fat\u0131n\u0131 etkilemeye y\u00f6nelik bir m\u00fcdahalem vuku bulmu\u015ftur. Bu iddialar, anamuhalefet partisi Genel Ba\u015fkan\u0131 taraf\u0131ndan \u015fahs\u0131m\u0131, \u0130\u00e7i\u015fleri Bakanl\u0131\u011f\u0131&#8217;n\u0131 ve AK Parti H\u00fck\u00fcmetini su\u00e7layacak \u015fekilde g\u00fcndeme getirilerek, siyasi iftira ve karalama kampanyas\u0131na d\u00f6n\u00fc\u015ft\u00fcr\u00fclm\u00fc\u015ft\u00fcr. CHP Genel Ba\u015fkan\u0131&#8217;n\u0131n devam eden davan\u0131n savc\u0131s\u0131 gibi kendisini konumland\u0131rarak, davayla \u015fahs\u0131m\u0131 ve AK Parti&#8217;yi ili\u015fkilendirmeye \u00e7al\u0131\u015fmas\u0131 b\u00fcy\u00fck bir sorumsuzluk \u00f6rne\u011fidir, \u00e7irkindir ve yak\u0131\u015f\u0131ks\u0131z bir siyaset tarz\u0131d\u0131r. Say\u0131n K\u0131l\u0131\u00e7daro\u011flu&#8217;nun s\u00fcren davayla ilgili yorum ve de\u011ferlendirmelerde bulunmas\u0131 su\u00e7 oldu\u011fu gibi, masum insanlar\u0131 su\u00e7lu ilan ederek isimlerini karalamaya \u00e7al\u0131\u015fmas\u0131 da ahlak ve insaf \u00f6l\u00e7\u00fclerini a\u015fan bir sorumsuzluk \u00f6rne\u011fidir.&#8221;<\/p>\n<p style=\"text-align: justify;\">Hukuka sayg\u0131l\u0131 olan herkese d\u00fc\u015fen g\u00f6revin, yarg\u0131laman\u0131n tamamlanarak, adaletin tecelli etmesini beklemek oldu\u011funu bildiren Bakan Atalay, &#8220;Biz de \u015fahs\u0131m\u0131za y\u00f6nelik ithamlara ili\u015fkin dava a\u00e7ma hakk\u0131n\u0131 sakl\u0131 tutarak, devam eden\u00a0s\u00fcrecin hakkaniyete uygun \u015fekilde neticelenmesini bekliyoruz&#8221; ifadelerini\u00a0kulland\u0131.<\/p>\n<p style=\"text-align: justify;\"><a href=\"http:\/\/www.cnnturk.com\/2011\/turkiye\/09\/02\/besir.atalaydan.kostebek.iddiasina.yanit\/628046.0\/index.html\" target=\"_blank\">Kaynak : CNN T\u00dcRK<\/a><\/p>\n","protected":false},"excerpt":{"rendered":"<p style=\"text-align: center;\">\n<p style=\"text-align: justify;\">Ba\u015fbakan Yard\u0131mc\u0131s\u0131 Be\u015fir Atalay &#8220;k\u00f6stebek&#8221; iddialar\u0131na yan\u0131t verdi. \u0130ddialar\u0131 &#8220;siyasi karalama, iftira kampanyas\u0131&#8221; diye niteleyen Atalay, CHP Genel Ba\u015fkan\u0131 Kemal K\u0131l\u0131\u00e7daro\u011flu&#8217;nu &#8220;\u00e7irkin siyaset&#8221; yapmakla su\u00e7lad\u0131.<\/p>\n<p style=\"text-align: justify;\">\u0130\u00e7i\u015fleri Bakan\u0131 oldu\u011fu d\u00f6nemde Deniz Feneri soru\u015fturmas\u0131 kapsam\u0131nda yap\u0131lacak aramay\u0131 Kanal 7&#8217;ye haber vermekle su\u00e7lanan Ba\u015fbakan Yard\u0131mc\u0131s\u0131 Be\u015fir Atalay, iddialara yan\u0131t verdi. Atalay, <\/p>\n","protected":false},"author":1,"featured_media":0,"comment_status":"open","ping_status":"open","sticky":false,"template":"","format":"standard","meta":{"footnotes":""},"categories":[105],"tags":[],"class_list":["post-39487","post","type-post","status-publish","format-standard","hentry","category-gundem","odd"],"_links":{"self":[{"href":"http:\/\/www.korhanyilmaz.com\/index.php?rest_route=\/wp\/v2\/posts\/39487","targetHints":{"allow":["GET"]}}],"collection":[{"href":"http:\/\/www.korhanyilmaz.com\/index.php?rest_route=\/wp\/v2\/posts"}],"about":[{"href":"http:\/\/www.korhanyilmaz.com\/index.php?rest_route=\/wp\/v2\/types\/post"}],"author":[{"embeddable":true,"href":"http:\/\/www.korhanyilmaz.com\/index.php?rest_route=\/wp\/v2\/users\/1"}],"replies":[{"embeddable":true,"href":"http:\/\/www.korhanyilmaz.com\/index.php?rest_route=%2Fwp%2Fv2%2Fcomments&post=39487"}],"version-history":[{"count":0,"href":"http:\/\/www.korhanyilmaz.com\/index.php?rest_route=\/wp\/v2\/posts\/39487\/revisions"}],"wp:attachment":[{"href":"http:\/\/www.korhanyilmaz.com\/index.php?rest_route=%2Fwp%2Fv2%2Fmedia&parent=39487"}],"wp:term":[{"taxonomy":"category","embeddable":true,"href":"http:\/\/www.korhanyilmaz.com\/index.php?rest_route=%2Fwp%2Fv2%2Fcategories&post=39487"},{"taxonomy":"post_tag","embeddable":true,"href":"http:\/\/www.korhanyilmaz.com\/index.php?rest_route=%2Fwp%2Fv2%2Ftags&post=39487"}],"curies":[{"name":"wp","href":"https:\/\/api.w.org\/{rel}","templated":true}]}}