{"id":39482,"date":"2011-09-02T23:42:31","date_gmt":"2011-09-02T20:42:31","guid":{"rendered":"http:\/\/www.korhanyilmaz.com\/?p=39482"},"modified":"2011-09-03T00:54:15","modified_gmt":"2011-09-02T21:54:15","slug":"mavi-marmara-raporu-resmen-aciklandi","status":"publish","type":"post","link":"http:\/\/www.korhanyilmaz.com\/?p=39482","title":{"rendered":"Mavi Marmara raporu resmen a\u00e7\u0131kland\u0131"},"content":{"rendered":"<p style=\"text-align: center;\"><a href=\"http:\/\/www.korhanyilmaz.com\/wp-content\/uploads\/2011\/09\/8040.jpg\"  class=\"lightview\"><img loading=\"lazy\" decoding=\"async\" class=\"aligncenter size-full wp-image-39483\" src=\"http:\/\/www.korhanyilmaz.com\/wp-content\/uploads\/2011\/09\/8040.jpg\" alt=\"\" width=\"320\" height=\"249\" \/><\/a><\/p>\n<p style=\"text-align: justify;\"><strong>Bas\u0131na s\u0131zan Mavi Marmara Raporu BM Genel Sekreteri Ban Ki Moon&#8217;un onay\u0131n\u0131n ard\u0131ndan resmen a\u00e7\u0131kland\u0131.\u00a0<\/strong><\/p>\n<p style=\"text-align: justify;\">BM Soru\u015fturma Komisyonu&#8217;nun raporunda, \u0130srail ordusunun 2010 May\u0131s ay\u0131 sonunda a\u00e7\u0131k denizde Mavi Marmara gemisine yapt\u0131\u011f\u0131 ve 9 T\u00fcrk&#8217;\u00fcn hayat\u0131n\u0131 kaybetti\u011fi sald\u0131r\u0131da a\u015f\u0131r\u0131 ve izah edilemeyen g\u00fc\u00e7 kulland\u0131\u011f\u0131, yolculara da k\u00f6t\u00fc muamelede bulundu\u011fu belirtildi.\u00a0<!--more--><\/p>\n<p style=\"text-align: justify;\">BM Genel Sekreteri Ban Ki-mun taraf\u0131ndan ge\u00e7en y\u0131l kurulan BM Soru\u015fturma Komisyonu, Mavi Marmara sald\u0131r\u0131s\u0131yla ilgili haz\u0131rlad\u0131\u011f\u0131 105 sayfal\u0131k raporunu Genel Sekreter Ban&#8217;a bug\u00fcn sundu. Raporun, Genel Sekretere sunulmas\u0131n\u0131n ard\u0131ndan, BM S\u00f6zc\u00fcl\u00fc\u011f\u00fc de k\u0131sa bir yaz\u0131l\u0131 a\u00e7\u0131klama yaparak raporun Genel Sekretere sunuldu\u011funu ve BM&#8217;nin web sitesinde g\u00f6r\u00fclebilece\u011fini bildirdi. A\u00e7\u0131klamada Genel Sekreterin, BM Soru\u015fturma Komisyonu \u00fcyelerine \u00e7al\u0131\u015fmalar\u0131 nedeniyle ve taraflara (T\u00fcrkiye ve \u0130srail) da Komisyonla yapt\u0131klar\u0131 i\u015fbirli\u011fi i\u00e7in te\u015fekk\u00fcr etti\u011fi de bildirildi.<\/p>\n<p style=\"text-align: justify;\">\u0130srail komandolar\u0131n\u0131n Mavi Marmara gemisine uyar\u0131da bulunmadan ve a\u015f\u0131r\u0131 g\u00fc\u00e7 kullanarak sald\u0131rd\u0131klar\u0131 belirtilen raporda, \u0130srail&#8217;in gemiye sald\u0131r\u0131s\u0131 sonucunda 9 insan\u0131n \u00f6l\u00fcm\u00fcn\u00fc izah edemedi\u011fi, kurbanlara yak\u0131n mesafeden pek \u00e7ok kez ate\u015f edildi\u011fi, can kayb\u0131 ve yaralanmalar\u0131n kabul edilemez oldu\u011fu, gemideki yolcular\u0131n ciddi anlamda k\u00f6t\u00fc muameleye maruz kald\u0131klar\u0131, taciz edildikleri ve mallar\u0131na el konuldu\u011fu bildirildi.<\/p>\n<p style=\"text-align: justify;\">Ancak Gazze&#8217;ye y\u00f6nelik ablukay\u0131 me\u015fru bulan raporun sonunda, komisyonun ba\u015fkanl\u0131\u011f\u0131n\u0131 yapan Yeni Zelanda&#8217;n\u0131n eski ba\u015fbakan\u0131 Geoffrey Palmer ile komisyonun ba\u015fkan yard\u0131mc\u0131s\u0131 Kolombiya&#8217;n\u0131n eski Devlet Ba\u015fkan\u0131 Alvaro Uribe&#8217;nin g\u00f6r\u00fc\u015flerine itirazlar\u0131 olan komisyonun T\u00fcrk \u00fcyesi emekli B\u00fcy\u00fckel\u00e7i \u00d6zdem Sanberk ile \u0130srailli Joseph Ciechanove&#8217;un, ayr\u0131 yaz\u0131l\u0131 a\u00e7\u0131klamalar\u0131 da yer ald\u0131.Komisyon raporda yer alan hususlarla ilgili olarak, \u00fcyelerinin t\u00fcm\u00fcn\u00fcn oybirli\u011fini sa\u011flamay\u0131 ba\u015faramad\u0131\u011f\u0131n\u0131, dolay\u0131s\u0131yla komisyon ba\u015fkan\u0131 ve ba\u015fkan yard\u0131mc\u0131s\u0131n\u0131n kendi aralar\u0131ndaki uzla\u015fmaya dayanarak raporun yay\u0131mland\u0131\u011f\u0131n\u0131n da alt\u0131n\u0131 \u00e7izdi.<\/p>\n<p style=\"text-align: justify;\">Raporun ba\u015f\u0131nda, soru\u015fturma komisyonunun bir mahkeme olarak g\u00f6rev yapmad\u0131\u011f\u0131, soru\u015fturmaya ili\u015fkin yasal sorumluluk \u00fczerinde h\u00fck\u00fcm verme amac\u0131 ta\u015f\u0131mad\u0131\u011f\u0131 \u00f6zellikle vurguland\u0131. Raporda, komisyonun, belge talep etme veya tan\u0131\u011f\u0131n bulunmas\u0131n\u0131 zorunlu k\u0131lma yetkisinin olmad\u0131\u011f\u0131, sadece T\u00fcrkiye ve \u0130srail&#8217;in sa\u011flad\u0131\u011f\u0131 bilgilere dayand\u0131\u011f\u0131, bu nedenle \u00e7\u0131kar\u0131mlar\u0131n\u0131n, ne hakikat ne de hukuk a\u00e7\u0131s\u0131ndan kati kabul edilemeyece\u011fine de dikkati \u00e7ekildi. Komisyon, raporun, Mavi Marmara olay\u0131na ili\u015fkin konular\u0131n \u00e7\u00f6z\u00fcmlenmesine ve geride b\u0131rak\u0131lmas\u0131na yard\u0131mc\u0131 olmas\u0131n\u0131 umut etti\u011fini de belirtti.Raporun ba\u015f\u0131nda, 31 May\u0131s 2010&#8217;da ya\u015fanan olaylar\u0131n kesinlikle o \u015fekilde ya\u015fanmamas\u0131 gerekti\u011fi belirtilerek ileride bu t\u00fcr olaylar\u0131n ya\u015fanmas\u0131n\u0131n \u00f6nlenmesi i\u00e7in yo\u011fun \u00e7aba harcanmas\u0131 gerekti\u011fi belirtildi.<\/p>\n<p style=\"text-align: justify;\"><strong>RAPORDAN \u00d6NEML\u0130 B\u00d6L\u00dcMLER\u00a0<\/strong><\/p>\n<p style=\"text-align: justify;\">A\u00e7\u0131k denizlerde seyr\u00fcsefer serbestisi temel hakk\u0131n\u0131n uluslararas\u0131 hukuk kurallar\u0131na g\u00f6re sadece k\u0131s\u0131tl\u0131 istisnalar\u0131 oldu\u011funa dikkati \u00e7ekilen raporda, \u0130srail&#8217;in Gazze&#8217;deki militan gruplardan kendisine y\u00f6nelik \u201cger\u00e7ek bir g\u00fcvenlik tehdidi\u201d alt\u0131nda oldu\u011fu g\u00f6r\u00fc\u015f\u00fc savunuldu. Ayr\u0131ca raporda, \u0130srail&#8217;in Gazze&#8217;ye uygulad\u0131\u011f\u0131 ablukan\u0131n, Gazze&#8217;ye deniz yoluyla silah giri\u015fini engellemek i\u00e7in uygulanan \u201cme\u015fru bir g\u00fcvenlik \u00f6nlemi\u201d oldu\u011fu ve bu kapsamda ablukan\u0131n uygulanmas\u0131n\u0131n uluslararas\u0131 hukuk kurallar\u0131na uygun oldu\u011fu ileri s\u00fcr\u00fcld\u00fc.<\/p>\n<p style=\"text-align: justify;\">Gazze&#8217;ye yard\u0131m g\u00f6t\u00fcren konvoyun sivil toplum giri\u015fimi oldu\u011fu belirtilen raporda, \u201ckonvoya kat\u0131lanlar\u0131n siyasi g\u00f6r\u00fc\u015flerini ifade etme hakk\u0131na sahip olmakla birlikte, konvoyun ablukay\u0131 a\u015fma giri\u015fimiyle sorumsuzca hareket etti\u011fi\u201d savunuldu. Konvoydakilerin \u00e7o\u011funlu\u011funun \u015fiddet niyetlerinin olmad\u0131\u011f\u0131n\u0131n alt\u0131 \u00e7izilen raporda, ancak \u201cMavi Marmara&#8217;n\u0131n organizat\u00f6rleri, \u00f6zellikle \u0130HH&#8217;n\u0131n davran\u0131\u015f\u0131, ger\u00e7ek niteli\u011fi ve ama\u00e7lar\u0131 hakk\u0131nda ciddi soru i\u015faretlerinin bulundu\u011fu\u201d da iddia edildi.<\/p>\n<p style=\"text-align: justify;\">S\u00f6z konusu olay\u0131n ve sonu\u00e7lar\u0131n\u0131n ne T\u00fcrkiye ne de \u0130srail taraf\u0131ndan ama\u00e7lanmad\u0131\u011f\u0131 kaydedilen raporda, iki devletin de olay\u0131n, bireylerin hayatlar\u0131 ile uluslararas\u0131 bar\u0131\u015f ve g\u00fcvenli\u011fi tehlikeye atacak \u015fekilde geli\u015fmesini \u00f6nleme amac\u0131yla ad\u0131mlar att\u0131klar\u0131 belirtildi.Bu kapsamda T\u00fcrk yetkililerin, &#8220;Mavi Marmara&#8221;n\u0131n organizat\u00f6rlerini, gerekli olursa geminin seyrini de\u011fi\u015ftirmeye ve \u0130srail g\u00fc\u00e7leriyle kar\u015f\u0131 kar\u015f\u0131ya gelmekten ka\u00e7\u0131nmaya ikna etmeye \u00e7al\u0131\u015ft\u0131\u011f\u0131 belirtilen raporda, ancak bu kapsamda &#8220;daha fazlas\u0131n\u0131n yap\u0131labilece\u011fi&#8221; g\u00f6r\u00fc\u015f\u00fcne de yer verildi.<\/p>\n<p style=\"text-align: justify;\">\u0130srail&#8217;in, abluka b\u00f6lgesinin bu kadar uza\u011f\u0131nda, gemilere bu denli g\u00fc\u00e7 kullanarak sald\u0131rma karar\u0131 ve bunun hemen \u00f6ncesinde son bir uyar\u0131da bulunmamas\u0131n\u0131n \u201ca\u015f\u0131r\u0131 ve uygunsuz\u201d bir davran\u0131\u015f oldu\u011fu vurgulanan raporda, bu olayda ilk ba\u015fta \u015fiddet i\u00e7ermeyen y\u00f6ntemlere ba\u015fvurulmas\u0131 gere\u011fine i\u015faret edildi. Bu kapsamda Mavi Marmara&#8217;ya sald\u0131rmadan \u00f6nce \u0130srail taraf\u0131n\u0131n \u00f6nce gemiye a\u00e7\u0131k bir uyar\u0131da bulunmas\u0131 ve bunu g\u00f6stermesi gerekti\u011fi, ayr\u0131ca direni\u015f fark edilince o anda \u0130srail&#8217;in, operasyonun se\u00e7eneklerini yeniden de\u011ferlendirmesi gerekti\u011fi belirtildi.<\/p>\n<p style=\"text-align: justify;\">Raporda Mavi Marmara&#8217;ya \u00e7\u0131kan \u0130srail komandolar\u0131n\u0131n, &#8220;bir grup yolcunun organize ve \u015fiddetli direni\u015fiyle&#8221; kar\u015f\u0131 kar\u015f\u0131ya kald\u0131\u011f\u0131, bu nedenle kendilerini korumak i\u00e7in g\u00fc\u00e7 kullanma ihtiyac\u0131 i\u00e7ine girdikleri de ileri s\u00fcr\u00fclerek 3 askerin s\u00f6z konusu yolcularca ele ge\u00e7irildi\u011fi, k\u00f6t\u00fc muameleye maruz kald\u0131klar\u0131, riske sokulduklar\u0131 g\u00f6r\u00fc\u015f\u00fcne de yer verildi.<\/p>\n<p style=\"text-align: justify;\"><strong>\u201cCAN KAYBI VE YARALANMALAR KABUL ED\u0130LEMEZ\u201d\u00a0<\/strong><\/p>\n<p style=\"text-align: justify;\">Raporda Mavi Marmara&#8217;n\u0131n \u0130srail komandolar\u0131 taraf\u0131ndan ele ge\u00e7irili\u015fi s\u0131ras\u0131nda g\u00fc\u00e7 kullan\u0131lmas\u0131 sonucunda can kayb\u0131 ve yaralanmalar\u0131n ya\u015fanmas\u0131n\u0131n \u201ckabul edilemez\u201d oldu\u011fu belirtilerek bunun sonucunda \u0130srail g\u00fc\u00e7lerince 9 yolcunun \u00f6ld\u00fcr\u00fcld\u00fc\u011f\u00fc, pek \u00e7o\u011funun ciddi \u015fekilde yaraland\u0131\u011f\u0131 ifade edildi.<\/p>\n<p style=\"text-align: justify;\">Raporda bu 9 \u00f6l\u00fcmden hi\u00e7biriyle ilgili olarak komisyona \u0130srail taraf\u0131nca tatmin edici bir izah\u0131n verilmedi\u011fi bildirildi. Adli t\u0131p bulgular\u0131n\u0131n, \u00f6ld\u00fcr\u00fclenlerin \u00e7o\u011funlu\u011funun arkalar\u0131ndan da dahil olmak \u00fczere bedenlerinin \u00e7e\u015fitli yerlerinden pek \u00e7ok kez ve yak\u0131ndan vurulduklar\u0131n\u0131 g\u00f6stermesine kar\u015f\u0131l\u0131k bunun hesab\u0131n\u0131n \u0130srail taraf\u0131ndan yeterince verilmedi\u011fine i\u015faret edilen raporda, \u00f6ld\u00fcr\u00fclen 9 ki\u015fiden 7&#8217;sinin bedeninin kritik b\u00f6l\u00fcmlerine \u00e7ok kez ate\u015f edildi\u011fi, be\u015finin arkadan vuruldu\u011fu belirtilirken kurbanlardan \u00f6zellikle Furkan Do\u011fan&#8217;a son derece yak\u0131ndan ate\u015f edildi\u011fi, Do\u011fan&#8217;\u0131n \u00f6ld\u00fcr\u00fcc\u00fc kur\u015funu almadan \u00f6nce zaten yerde yaral\u0131 yat\u0131yor olabilece\u011fi, bu hususlarda \u0130srail taraf\u0131n\u0131n detayl\u0131 izah ve hesap veremedi\u011fi kaydedildi.<\/p>\n<p style=\"text-align: justify;\">Raporda Mavi Marmara gemisinin ele ge\u00e7irilmesinin ard\u0131ndan yolcular\u0131n \u0130srail&#8217;den s\u0131n\u0131r d\u0131\u015f\u0131 edilene kadar ciddi anlamda fiziken ve manen k\u00f6t\u00fc muameleye maruz kald\u0131klar\u0131, taciz edildikleri, korkutulduklar\u0131, ellerindeki e\u015fyalara gerek\u00e7esiz el kondu\u011fu ve konsolosluk hizmetlerinden zaman\u0131nda yararlanmalar\u0131na izin verilmedi\u011fi de bildirildi.<\/p>\n<p style=\"text-align: justify;\"><strong>TAVS\u0130YELER\u00a0<\/strong><\/p>\n<p style=\"text-align: justify;\">Raporda, \u0130srail taraf\u0131n\u0131n, Mavi Marmara olay\u0131n\u0131n sonu\u00e7lar\u0131 \u0131\u015f\u0131\u011f\u0131nda, olayla ilgili olarak &#8220;\u00fcz\u00fcnt\u00fcs\u00fcn\u00fc uygun bi\u00e7imde a\u00e7\u0131klamas\u0131&#8221;, \u00f6len ve yaralananlar ile aileleri i\u00e7in T\u00fcrkiye ve \u0130srail taraf\u0131ndan idare edilecek ve miktar\u0131 iki taraf\u00e7a belirlenecek bir fona \u00f6deme yapmas\u0131 da \u00f6ng\u00f6r\u00fcld\u00fc.<\/p>\n<p style=\"text-align: justify;\">Raporda T\u00fcrkiye ve \u0130srail&#8217;in ili\u015fkilerini Ortado\u011fu&#8217;da istikrar, uluslararas\u0131 bar\u0131\u015f ve g\u00fcvenlik a\u00e7\u0131s\u0131ndan d\u00fczelterek tam diplomatik ili\u015fkilere yeniden ba\u015flamalar\u0131 da tavsiye edilerek, bu kapsamda iki taraf aras\u0131nda g\u00f6r\u00fc\u015f al\u0131\u015fveri\u015fini sa\u011flayacak siyasi bir forumun kurulmas\u0131n\u0131n da bu amaca yard\u0131mc\u0131 olabilece\u011fi ifade edildi. Yine ayn\u0131 kapsamda komisyon raporunda, T\u00fcrkiye, \u0130srail ve uluslararas\u0131 toplumun bu olay\u0131 geride b\u0131rakabilmesine yard\u0131mc\u0131 olacak baz\u0131 \u00e7\u00f6z\u00fcmler bulmaya \u00e7al\u0131\u015f\u0131ld\u0131\u011f\u0131 yinelendi.<\/p>\n<p style=\"text-align: justify;\">Raporda \u0130srail&#8217;in Gazze&#8217;ye uygulad\u0131\u011f\u0131 deniz ablukas\u0131n\u0131n gerekli olup olmad\u0131\u011f\u0131n\u0131 de\u011ferlendirmek \u00fczere ablukay\u0131 d\u00fczenli bir yeniden g\u00f6zden ge\u00e7irmeye tabi tutmas\u0131 da tavsiye edildi.<\/p>\n<p style=\"text-align: justify;\"><strong>T\u00dcRK TARAFININ \u0130T\u0130RAZI\u00a0<\/strong><\/p>\n<p style=\"text-align: justify;\">Raporun sonunda, BM Soru\u015fturma Komisyonunun T\u00fcrk \u00fcyesi emekli B\u00fcy\u00fckel\u00e7i \u00d6zdem Sanberk&#8217;in, raporda yer alan \u201c\u0130srail taraf\u0131ndan Gazze&#8217;ye uygulanan ablukan\u0131n me\u015frulu\u011fu, Mavi Marmara gemisinin hareketleri\u201d ile ilgili yaz\u0131lanlara kat\u0131lmad\u0131\u011f\u0131n\u0131 ve itiraz etti\u011fini belirten bir yaz\u0131l\u0131 a\u00e7\u0131klamas\u0131 da yer ald\u0131.<\/p>\n<p style=\"text-align: justify;\">Sanberk yaz\u0131l\u0131 a\u00e7\u0131klamas\u0131nda, Gazze&#8217;deki ablukan\u0131n yasal y\u00f6n\u00fcyle ilgili olarak T\u00fcrk ve \u0130srail taraf\u0131n\u0131n komisyona iki kar\u015f\u0131t g\u00f6r\u00fc\u015f sundu\u011funu, ancak komisyon ba\u015fkanl\u0131\u011f\u0131n\u0131n, \u0130srail taraf\u0131n\u0131n g\u00f6r\u00fc\u015f\u00fcn\u00fc benimserken T\u00fcrk taraf\u0131n\u0131n g\u00f6r\u00fc\u015f\u00fcn\u00fc reddetti\u011fini vurgulad\u0131. Uluslararas\u0131 hukuk otoritelerinin bu konuda kendi aralar\u0131nda b\u00f6l\u00fcnd\u00fc\u011f\u00fcn\u00fc, konunun benzersiz, son derece kar\u0131\u015f\u0131k ve yasal \u00e7er\u00e7evesinin belirlenmedi\u011fini vurgulayan Sanberk, bu kapsamda T\u00fcrkiye taraf\u0131ndan komisyona sunulan yasal gerek\u00e7elerin uluslararas\u0131 toplumun b\u00fcy\u00fck \u00e7o\u011funlu\u011fu taraf\u0131ndan desteklendi\u011finin de alt\u0131n\u0131 \u00e7izdi.<\/p>\n<p style=\"text-align: justify;\">\u201cAkl\u0131 selimin ve vicdan\u0131n, ablukan\u0131n me\u015fru olmad\u0131\u011f\u0131n\u0131 tespit etti\u011fini\u201d de belirten Sanberk yaz\u0131l\u0131 a\u00e7\u0131klamas\u0131nda, BM \u0130nsan Haklar\u0131 Konseyinin ablukan\u0131n me\u015fru olmad\u0131\u011f\u0131 sonucuna vard\u0131\u011f\u0131n\u0131, bu konudaki \u0130nsan Haklar\u0131 Konseyinin veri toplama komisyonunun raporunun da BM \u00fcyesi devletlerce geni\u015f \u015fekilde onayland\u0131\u011f\u0131n\u0131 an\u0131msatt\u0131.<\/p>\n<p style=\"text-align: justify;\">A\u00e7\u0131k denizlerde seyr\u00fcsefer serbestisi ve g\u00fcvenli\u011finin uluslararas\u0131 hukukun evrensel bir kural\u0131 oldu\u011funu belirten Sanberk, bu ilkenin -evrensel bir \u015fekilde uzla\u015fma olmad\u0131\u011f\u0131 takdirde- istisnas\u0131 bulunamayaca\u011f\u0131n\u0131n alt\u0131n\u0131 \u00e7izdi.Uluslararas\u0131 insani konvoya kat\u0131lanlar\u0131n amac\u0131n\u0131n insani oldu\u011funu, ancak bu insanlar\u0131n uluslararas\u0131 sularda sald\u0131r\u0131ya maruz kald\u0131klar\u0131n\u0131 ve kendilerini korumak amac\u0131yla direni\u015fte bulunduklar\u0131n\u0131 belirten Sanberk, 9 yolcunun \u00f6ld\u00fc\u011f\u00fcn\u00fc, pek \u00e7o\u011funun yaraland\u0131\u011f\u0131n\u0131, kurbanlardan birinin halen komada oldu\u011funu an\u0131msatt\u0131.<\/p>\n<p style=\"text-align: justify;\">Sanberk, bulgular\u0131n, kurbanlardan baz\u0131lar\u0131n\u0131n kasten \u00f6ld\u00fcr\u00fcld\u00fc\u011f\u00fcn\u00fc teyit etti\u011fini de belirterek, raporun, kurbanlar\u0131n maruz kald\u0131klar\u0131 mezalimin ger\u00e7ek derecesini ifade etmekte tatmin edici olmad\u0131\u011f\u0131n\u0131 ve raporda bu kapsamda yer alan hususlar\u0131 reddetti\u011fini belirtti.<\/p>\n<p style=\"text-align: justify;\"><strong>\u0130SRA\u0130L TARAFININ YAZILI A\u00c7IKLAMASI\u00a0<\/strong><\/p>\n<p style=\"text-align: justify;\">\u0130srailli Komisyon \u00dcyesi Joseph Ciechanove ise yaz\u0131l\u0131 a\u00e7\u0131klamas\u0131nda, rapordaki baz\u0131 hususlara \u00e7ekince koydu\u011funu belirterek \u0130srail komandolar\u0131n\u0131n olayda &#8220;a\u015f\u0131r\u0131 ve uygunsuz g\u00fc\u00e7\u201d kullanmas\u0131na y\u00f6nelik nitelendirmeyi kabul etmediklerini, \u0130srail askerlerinin Mavi Marmara gemisine indiklerinde hayatlar\u0131n\u0131n tehlikeye girdi\u011fini, kendilerini savunduklar\u0131n\u0131 ve sorumlu hareket ettiklerini ileri s\u00fcrd\u00fc.<\/p>\n<p style=\"text-align: justify;\">\u0130srail taraf\u0131n\u0131n yaz\u0131l\u0131 a\u00e7\u0131klamas\u0131nda, \u0130srail&#8217;in T\u00fcrk ve Yahudi halklar\u0131 aras\u0131ndaki ortak tarih, y\u00fczy\u0131llard\u0131r devam eden g\u00fc\u00e7l\u00fc dostluk ve i\u015fbirli\u011fine de\u011fer verdi\u011fi de belirtilerek Soru\u015fturma Komisyonunun son aylardaki \u00e7al\u0131\u015fmalar\u0131n\u0131n (raporun) iki \u00fclkenin i\u015fbirli\u011fine d\u00f6nme yolunu bulmalar\u0131na yard\u0131mc\u0131 olmas\u0131n\u0131 umduklar\u0131 da kaydedildi.<\/p>\n<p style=\"text-align: justify;\"><a href=\"http:\/\/www.hurriyet.com.tr\/planet\/18637673.asp\" target=\"_blank\">Kaynak : H\u00fcrriyet.com.tr\u00a0<\/a><\/p>\n","protected":false},"excerpt":{"rendered":"<p style=\"text-align: center;\">\n<p style=\"text-align: justify;\">Bas\u0131na s\u0131zan Mavi Marmara Raporu BM Genel Sekreteri Ban Ki Moon&#8217;un onay\u0131n\u0131n ard\u0131ndan resmen a\u00e7\u0131kland\u0131. <\/p>\n<p style=\"text-align: justify;\">BM Soru\u015fturma Komisyonu&#8217;nun raporunda, \u0130srail ordusunun 2010 May\u0131s ay\u0131 sonunda a\u00e7\u0131k denizde Mavi Marmara gemisine yapt\u0131\u011f\u0131 ve 9 T\u00fcrk&#8217;\u00fcn hayat\u0131n\u0131 kaybetti\u011fi sald\u0131r\u0131da a\u015f\u0131r\u0131 ve izah edilemeyen g\u00fc\u00e7 kulland\u0131\u011f\u0131, yolculara da k\u00f6t\u00fc muamelede <\/p>\n","protected":false},"author":1,"featured_media":0,"comment_status":"open","ping_status":"open","sticky":false,"template":"","format":"standard","meta":{"footnotes":""},"categories":[105],"tags":[],"class_list":["post-39482","post","type-post","status-publish","format-standard","hentry","category-gundem","odd"],"_links":{"self":[{"href":"http:\/\/www.korhanyilmaz.com\/index.php?rest_route=\/wp\/v2\/posts\/39482","targetHints":{"allow":["GET"]}}],"collection":[{"href":"http:\/\/www.korhanyilmaz.com\/index.php?rest_route=\/wp\/v2\/posts"}],"about":[{"href":"http:\/\/www.korhanyilmaz.com\/index.php?rest_route=\/wp\/v2\/types\/post"}],"author":[{"embeddable":true,"href":"http:\/\/www.korhanyilmaz.com\/index.php?rest_route=\/wp\/v2\/users\/1"}],"replies":[{"embeddable":true,"href":"http:\/\/www.korhanyilmaz.com\/index.php?rest_route=%2Fwp%2Fv2%2Fcomments&post=39482"}],"version-history":[{"count":0,"href":"http:\/\/www.korhanyilmaz.com\/index.php?rest_route=\/wp\/v2\/posts\/39482\/revisions"}],"wp:attachment":[{"href":"http:\/\/www.korhanyilmaz.com\/index.php?rest_route=%2Fwp%2Fv2%2Fmedia&parent=39482"}],"wp:term":[{"taxonomy":"category","embeddable":true,"href":"http:\/\/www.korhanyilmaz.com\/index.php?rest_route=%2Fwp%2Fv2%2Fcategories&post=39482"},{"taxonomy":"post_tag","embeddable":true,"href":"http:\/\/www.korhanyilmaz.com\/index.php?rest_route=%2Fwp%2Fv2%2Ftags&post=39482"}],"curies":[{"name":"wp","href":"https:\/\/api.w.org\/{rel}","templated":true}]}}