{"id":39478,"date":"2011-09-02T17:55:17","date_gmt":"2011-09-02T14:55:17","guid":{"rendered":"http:\/\/www.korhanyilmaz.com\/?p=39478"},"modified":"2011-09-02T21:39:57","modified_gmt":"2011-09-02T18:39:57","slug":"hutbede-85-yillik-zulum-bitecek-diyen-imami-cemaat-susturdu","status":"publish","type":"post","link":"http:\/\/www.korhanyilmaz.com\/?p=39478","title":{"rendered":"Hutbede &#8217;85 y\u0131ll\u0131k zul\u00fcm bitecek&#8217; diyen imam\u0131 cemaat susturdu"},"content":{"rendered":"<p style=\"text-align: center;\"><a href=\"http:\/\/www.korhanyilmaz.com\/wp-content\/uploads\/2011\/09\/8039.jpg\"  class=\"lightview\"><img loading=\"lazy\" decoding=\"async\" class=\"aligncenter size-full wp-image-39479\" src=\"http:\/\/www.korhanyilmaz.com\/wp-content\/uploads\/2011\/09\/8039.jpg\" alt=\"\" width=\"400\" height=\"199\" \/><\/a><\/p>\n<p style=\"text-align: justify;\">MALATYA\u2019da cuma namaz\u0131nda m\u00fcft\u00fcl\u00fc\u011f\u00fcn belirledi\u011fi hutbe yerine, &#8220;85 y\u0131ld\u0131r yap\u0131lan zul\u00fcm bitecek&#8221; diyerek kendi haz\u0131rlad\u0131\u011f\u0131 hutbeyi okumaya kalk\u0131\u015fan vekil imam Cumali \u00c7akmak cemaatin tepkisiyle kar\u015f\u0131la\u015ft\u0131. Diyanet \u0130\u015fleri Ba\u015fkanl\u0131\u011f\u0131\u2019n\u0131 da sert dille ele\u015ftiren imam Cumali \u00c7akmak, tepkiler \u00fczerine hutbeyi tamamlayamadan minberden indi ve namaz\u0131 m\u00fcezzin k\u0131ld\u0131rd\u0131. Malatya M\u00fcft\u00fcl\u00fc\u011f\u00fc hakk\u0131nda soru\u015fturma ba\u015flatt\u0131\u011f\u0131 imam \u00c7akmak\u2019\u0131n istifas\u0131n\u0131 ald\u0131.\u00a0<!--more--><\/p>\n<p style=\"text-align: justify;\">Kent merkezindeki Mehmet Buyruk Caddesi \u00fczerinde bulunan Turgut \u00d6zal Cami\u2019inde bug\u00fcn cuma namaz\u0131n\u0131 vekil imam 25 ya\u015f\u0131ndaki Cumali \u00c7akmak k\u0131ld\u0131rmaya ba\u015flad\u0131. \u0130mam \u00c7akmak, hutbe okumak i\u00e7in mimbere \u00e7\u0131kt\u0131\u011f\u0131nda, Malatya M\u00fcft\u00fcl\u00fc\u011f\u00fc taraf\u0131ndan hat\u0131rlan\u0131p verilen hutbeyi okumad\u0131, bunun yerine kendi haz\u0131rlad\u0131\u011f\u0131 hutbeyi okumaya ba\u015flad\u0131. Hilafeti savunan imam \u00c7akmak, iddiaya g\u00f6re &#8220;85 y\u0131ld\u0131r yap\u0131lan zul\u00fcm bitecek&#8221; dedi. Hilafetin kald\u0131r\u0131lmas\u0131yla dinin ba\u015fka mecralara \u00e7ekildi\u011fini, Kuran \u00f6\u011fretilmedi\u011fini ileri s\u00fcreren imam \u00c7umali \u00c7akmak, &#8220;Kuran \u00f6\u011fretilmedi, Diyanet de \u00f6\u011fretmedi. Ba\u015fka \u015feyler \u00f6\u011fretildi. Kuran kanundur, ba\u015fka kanun kabul etmiyoruz&#8221; dedi.<\/p>\n<p style=\"text-align: justify;\"><strong>CEMAAT TEPK\u0130 G\u00d6STERD\u0130\u00a0<\/strong><\/p>\n<p style=\"text-align: justify;\">Kentteki \u00fcst d\u00fczey b\u00fcrokratlar\u0131n ve askerlerin de gitti\u011fi camide bulunan cemaat, imam Cumali \u00c7akmak\u2019\u0131n bu s\u00f6zlerine tepki g\u00f6sterdi. \u00d6nce cemaatle tart\u0131\u015fmaya giren imam \u00c7akmak, tepkinin artmas\u0131 \u00fczerine hutbeyi tamamlamadan mimberden indi.<\/p>\n<p style=\"text-align: justify;\">\u0130mam Cumali \u00c7akmak namaza devam etmeyince, yerine m\u00fcezzin cemaatin \u00f6n\u00fcne ge\u00e7ip cuma namaz\u0131n\u0131 tamamlad\u0131.<\/p>\n<p style=\"text-align: justify;\"><strong>TEPK\u0130 DI\u015eARDA DA S\u00dcR\u00dcNCE POL\u0130S GELD\u0130\u00a0<\/strong><\/p>\n<p style=\"text-align: justify;\">Namazdan sonra cemaat d\u0131\u015far\u0131da toplanarak vekil imam \u00c7akmak\u2019a tepkisini s\u00fcrd\u00fcr\u00fcnce durum polise bildirildi. Gelen polis ekibi \u00f6fkeli cemaati yat\u0131\u015ft\u0131rarak, camiye girip imam Cumali \u00c7akmak ile g\u00f6r\u00fc\u015ft\u00fc. Bu s\u0131rada camiye gelen Malatya Emniyet M\u00fcd\u00fcrl\u00fc\u011f\u00fc Asayi\u015f \u015eube M\u00fcd\u00fcr\u00fc Ahmet Turan Odaba\u015f\u0131 yapt\u0131\u011f\u0131 a\u00e7\u0131klamada olay\u0131n yanl\u0131\u015f anla\u015f\u0131lmadan kaynakland\u0131\u011f\u0131n\u0131, imam\u0131n hatas\u0131n\u0131 anlad\u0131\u011f\u0131n\u0131 ve \u015fuan ortada bir su\u00e7 ve \u015fikayet\u00e7inin olmad\u0131\u011f\u0131n\u0131 s\u00f6yledi. Sakinle\u015ftirilen cemaat camiden uzakla\u015ft\u0131r\u0131ld\u0131.<\/p>\n<p style=\"text-align: justify;\"><strong>M\u00dcFT\u00dcL\u00dcK \u0130ST\u0130FASINI ALDI\u00a0<\/strong><\/p>\n<p style=\"text-align: justify;\">Malatya M\u00fcft\u00fc Vekili Cengiz Ya\u011fc\u0131, caminin kadrolu imam\u0131n\u0131n yurt d\u0131\u015f\u0131nda olmas\u0131 nedeniyle 26 Temmuz\u2019dan itibaren Cumali \u00c7akmak\u2019\u0131n vekil imam olarak g\u00f6reve ba\u015flat\u0131ld\u0131\u011f\u0131n\u0131 s\u00f6yledi.<\/p>\n<p style=\"text-align: justify;\">Cumali \u00c7akmak\u2019\u0131n, m\u00fcft\u00fcl\u00fck taraf\u0131ndan haz\u0131rlanan hutbenin d\u0131\u015f\u0131na \u00e7\u0131karak kafas\u0131na g\u00f6re hutbe okudu\u011funun belirlendi\u011fini s\u00f6yleyen Ya\u011fc\u0131, &#8220;Bizim belirledi\u011fimiz hutbenin d\u0131\u015f\u0131na \u00e7\u0131kan imam arkada\u015f, kendi hutbesinde maksad\u0131 a\u015f\u0131nca cemaatten baz\u0131 arkada\u015flar tepki g\u00f6stermi\u015f. Bunun \u00fczerine namaza ge\u00e7ilmi\u015f. Biz konuyu ara\u015ft\u0131rd\u0131k ve vekil imam arkada\u015f\u0131n istifas\u0131n\u0131 alarak hemen i\u015fleme koyduk ve Valili\u011fe g\u00f6nderdik&#8221; dedi.<\/p>\n<p style=\"text-align: justify;\">M\u00fcft\u00fc Vekili Cengiz Ya\u011fc\u0131, baz\u0131 camilerde din g\u00f6revlisi s\u0131k\u0131nt\u0131s\u0131 ya\u015fand\u0131\u011f\u0131n\u0131 bu nedenle de m\u00fcft\u00fcl\u00fck taraf\u0131ndan vekil imam g\u00f6revlendirildi\u011fini belirterek, vekil imam Cumali \u00c7akmak\u2019\u0131n da \u00f6n elemelerden ge\u00e7irildikten sonra g\u00f6reve getirildi\u011fini s\u00f6yledi.<\/p>\n<p style=\"text-align: justify;\"><a href=\"http:\/\/gundem.milliyet.com.tr\/hutbede-85-yillik-zulum-bitecek-diyen-imami-cemaat-susturdu\/gundem\/gundemdetay\/02.09.2011\/1433921\/default.htm\" target=\"_blank\">Kaynak : Milliyet.com.tr<\/a><\/p>\n","protected":false},"excerpt":{"rendered":"<p style=\"text-align: center;\">\n<p style=\"text-align: justify;\">MALATYA\u2019da cuma namaz\u0131nda m\u00fcft\u00fcl\u00fc\u011f\u00fcn belirledi\u011fi hutbe yerine, &#8220;85 y\u0131ld\u0131r yap\u0131lan zul\u00fcm bitecek&#8221; diyerek kendi haz\u0131rlad\u0131\u011f\u0131 hutbeyi okumaya kalk\u0131\u015fan vekil imam Cumali \u00c7akmak cemaatin tepkisiyle kar\u015f\u0131la\u015ft\u0131. Diyanet \u0130\u015fleri Ba\u015fkanl\u0131\u011f\u0131\u2019n\u0131 da sert dille ele\u015ftiren imam Cumali \u00c7akmak, tepkiler \u00fczerine hutbeyi tamamlayamadan minberden indi ve namaz\u0131 m\u00fcezzin k\u0131ld\u0131rd\u0131. Malatya M\u00fcft\u00fcl\u00fc\u011f\u00fc hakk\u0131nda soru\u015fturma ba\u015flatt\u0131\u011f\u0131 <\/p>\n","protected":false},"author":1,"featured_media":0,"comment_status":"open","ping_status":"open","sticky":false,"template":"","format":"standard","meta":{"footnotes":""},"categories":[105],"tags":[],"class_list":["post-39478","post","type-post","status-publish","format-standard","hentry","category-gundem","odd"],"_links":{"self":[{"href":"http:\/\/www.korhanyilmaz.com\/index.php?rest_route=\/wp\/v2\/posts\/39478","targetHints":{"allow":["GET"]}}],"collection":[{"href":"http:\/\/www.korhanyilmaz.com\/index.php?rest_route=\/wp\/v2\/posts"}],"about":[{"href":"http:\/\/www.korhanyilmaz.com\/index.php?rest_route=\/wp\/v2\/types\/post"}],"author":[{"embeddable":true,"href":"http:\/\/www.korhanyilmaz.com\/index.php?rest_route=\/wp\/v2\/users\/1"}],"replies":[{"embeddable":true,"href":"http:\/\/www.korhanyilmaz.com\/index.php?rest_route=%2Fwp%2Fv2%2Fcomments&post=39478"}],"version-history":[{"count":0,"href":"http:\/\/www.korhanyilmaz.com\/index.php?rest_route=\/wp\/v2\/posts\/39478\/revisions"}],"wp:attachment":[{"href":"http:\/\/www.korhanyilmaz.com\/index.php?rest_route=%2Fwp%2Fv2%2Fmedia&parent=39478"}],"wp:term":[{"taxonomy":"category","embeddable":true,"href":"http:\/\/www.korhanyilmaz.com\/index.php?rest_route=%2Fwp%2Fv2%2Fcategories&post=39478"},{"taxonomy":"post_tag","embeddable":true,"href":"http:\/\/www.korhanyilmaz.com\/index.php?rest_route=%2Fwp%2Fv2%2Ftags&post=39478"}],"curies":[{"name":"wp","href":"https:\/\/api.w.org\/{rel}","templated":true}]}}