{"id":39474,"date":"2011-09-02T14:36:01","date_gmt":"2011-09-02T11:36:01","guid":{"rendered":"http:\/\/www.korhanyilmaz.com\/?p=39474"},"modified":"2011-09-02T20:51:53","modified_gmt":"2011-09-02T17:51:53","slug":"gul-mavi-marmara-raporu-bizim-icin-yok-hukmunde","status":"publish","type":"post","link":"http:\/\/www.korhanyilmaz.com\/?p=39474","title":{"rendered":"G\u00fcl: Mavi Marmara raporu bizim i\u00e7in yok h\u00fckm\u00fcnde"},"content":{"rendered":"<p style=\"text-align: center;\"><a href=\"http:\/\/www.korhanyilmaz.com\/wp-content\/uploads\/2011\/09\/8038.jpg\"  class=\"lightview\"><img loading=\"lazy\" decoding=\"async\" class=\"aligncenter size-full wp-image-39475\" src=\"http:\/\/www.korhanyilmaz.com\/wp-content\/uploads\/2011\/09\/8038.jpg\" alt=\"\" width=\"336\" height=\"223\" \/><\/a><\/p>\n<p style=\"text-align: justify;\">Cumhurba\u015fkan\u0131 Abdullah G\u00fcl, BM Soru\u015fturma Komisyonunun \u0130srail&#8217;in Mavi Marmara gemisi sald\u0131r\u0131s\u0131na ili\u015fkin haz\u0131rlad\u0131\u011f\u0131 Palmer raporu hakk\u0131nda &#8220;Rapor, a\u00e7\u0131k\u00e7as\u0131 bizim i\u00e7in yok h\u00fckm\u00fcndedir&#8221; dedi.<\/p>\n<p style=\"text-align: justify;\">\u0130STANBUL &#8211; Cumhurba\u015fkan\u0131 G\u00fcl, cuma namaz\u0131n\u0131 k\u0131ld\u0131\u011f\u0131 Tarabya Merkez Camisi\u2019nden \u00e7\u0131k\u0131\u015f\u0131nda bas\u0131n mensuplar\u0131n\u0131n sorular\u0131n\u0131 yan\u0131tlad\u0131.\u00a0<!--more--><\/p>\n<p style=\"text-align: justify;\">BM\u2019nin Mavi Marmara gemisi sald\u0131r\u0131s\u0131na ili\u015fkin raporuyla ilgili bir soru \u00fczerine G\u00fcl, konuyla ilgili D\u0131\u015fi\u015fleri Bakanl\u0131\u011f\u0131nca yap\u0131lan a\u00e7\u0131klamalar\u0131n, T\u00fcrkiye devletinin pozisyonu oldu\u011funu s\u00f6yledi.<\/p>\n<p style=\"text-align: justify;\">G\u00fcl, \u015funlar\u0131 kaydetti: &#8220;Asl\u0131nda bu a\u00e7\u0131klamalar ve bu tedbirler daha erken al\u0131nacakt\u0131 ama m\u00fcttefik \u00fclkelerin iyi niyetli gayretlerine f\u0131rsat vermek i\u00e7in bug\u00fcn beklenmi\u015ftir. \u015eu an olaylar\u0131n unutulmad\u0131\u011f\u0131n\u0131 ve vatanda\u015flar\u0131m\u0131z\u0131n hak ve hukukunun sonuna kadar korunaca\u011f\u0131n\u0131 g\u00f6stermek a\u00e7\u0131s\u0131ndan devletimizin kararl\u0131l\u0131\u011f\u0131n\u0131 baz\u0131lar\u0131 belki anlayamam\u0131\u015flard\u0131. \u015eu anda al\u0131nan tedbirler bunun ilk a\u015famas\u0131d\u0131r. Olaylar\u0131n seyrine g\u00f6re, \u0130srail\u2019in davran\u0131\u015f\u0131na g\u00f6re daha ileride al\u0131nacak ba\u015fka tedbirler de s\u00f6z konusu olabilir.&#8221;<\/p>\n<p style=\"text-align: justify;\"><strong>-&#8220;KEND\u0130 HALKINA DA Y\u00dcK OLAN B\u0130R H\u00dcK\u00dcMET&#8221;-\u00a0<\/strong><\/p>\n<p style=\"text-align: justify;\">\u0130srail h\u00fck\u00fcmetinin kendi halk\u0131na da asl\u0131nda y\u00fck olan bir h\u00fck\u00fcmet oldu\u011funu belirten G\u00fcl, konu\u015fmas\u0131n\u0131 \u015f\u00f6yle s\u00fcrd\u00fcrd\u00fc:<\/p>\n<p style=\"text-align: justify;\">&#8220;Hi\u00e7bir g\u00fcvenilirli\u011fi de s\u00f6z konusu de\u011fildir. Orta Do\u011fu\u2019da olup bitenleri belki de en iyi \u015fekilde tahlil etmesi gereken \u0130srail h\u00fck\u00fcmeti iken tamamen strateji yoksunu bir durumdad\u0131r. T\u00fcrkiye, bu b\u00f6lgenin en g\u00fc\u00e7l\u00fc \u00fclkesi olarak sadece kendi hak ve hukukunu de\u011fil, t\u00fcm mazlumlar\u0131n da hak ve hukukunu korumakta elinden gelen her t\u00fcrl\u00fc gayreti g\u00f6sterecektir. Uluslararas\u0131 camian\u0131n da bunu bilmesi gerekmektedir. T\u00fcrkiye, bar\u0131\u015f ve istikrar pe\u015findedir. Bar\u0131\u015f ve istikrar\u0131n sa\u011flanmas\u0131 i\u00e7in de \u0130srail\u2019in atmas\u0131 gereken ad\u0131mlar vard\u0131r b\u00f6lgede. \u00dcmit ederiz ki bunlar\u0131 kendileri fark etmiyorsa onlar\u0131n m\u00fcttefikleri onlara fark ettirecek \u015fekilde anlat\u0131rlar.&#8221;<\/p>\n<p style=\"text-align: justify;\">Cumhurba\u015fkan\u0131 G\u00fcl, &#8220;Raporda bir \u00f6z\u00fcr tavsiyesi yok, T\u00fcrkiye\u2019nin beklentilerin aksine. Bunu nas\u0131l de\u011ferlendiriyorsunuz?&#8221; \u015feklindeki soru \u00fczerine de &#8220;Rapor, a\u00e7\u0131k\u00e7as\u0131 bizim i\u00e7in yok h\u00fckm\u00fcndedir&#8221; dedi.<\/p>\n<p style=\"text-align: justify;\"><a href=\"http:\/\/www.radikal.com.tr\/Radikal.aspx?aType=RadikalDetayV3&amp;ArticleID=1062097&amp;Date=02.09.2011&amp;CategoryID=81\" target=\"_blank\">Kaynak : Radikal.com.tr<\/a><\/p>\n","protected":false},"excerpt":{"rendered":"<p style=\"text-align: center;\">\n<p style=\"text-align: justify;\">Cumhurba\u015fkan\u0131 Abdullah G\u00fcl, BM Soru\u015fturma Komisyonunun \u0130srail&#8217;in Mavi Marmara gemisi sald\u0131r\u0131s\u0131na ili\u015fkin haz\u0131rlad\u0131\u011f\u0131 Palmer raporu hakk\u0131nda &#8220;Rapor, a\u00e7\u0131k\u00e7as\u0131 bizim i\u00e7in yok h\u00fckm\u00fcndedir&#8221; dedi.<\/p>\n<p style=\"text-align: justify;\">\u0130STANBUL &#8211; Cumhurba\u015fkan\u0131 G\u00fcl, cuma namaz\u0131n\u0131 k\u0131ld\u0131\u011f\u0131 Tarabya Merkez Camisi\u2019nden \u00e7\u0131k\u0131\u015f\u0131nda bas\u0131n mensuplar\u0131n\u0131n sorular\u0131n\u0131 yan\u0131tlad\u0131. <\/p>\n","protected":false},"author":1,"featured_media":0,"comment_status":"open","ping_status":"open","sticky":false,"template":"","format":"standard","meta":{"footnotes":""},"categories":[105],"tags":[],"class_list":["post-39474","post","type-post","status-publish","format-standard","hentry","category-gundem","odd"],"_links":{"self":[{"href":"http:\/\/www.korhanyilmaz.com\/index.php?rest_route=\/wp\/v2\/posts\/39474","targetHints":{"allow":["GET"]}}],"collection":[{"href":"http:\/\/www.korhanyilmaz.com\/index.php?rest_route=\/wp\/v2\/posts"}],"about":[{"href":"http:\/\/www.korhanyilmaz.com\/index.php?rest_route=\/wp\/v2\/types\/post"}],"author":[{"embeddable":true,"href":"http:\/\/www.korhanyilmaz.com\/index.php?rest_route=\/wp\/v2\/users\/1"}],"replies":[{"embeddable":true,"href":"http:\/\/www.korhanyilmaz.com\/index.php?rest_route=%2Fwp%2Fv2%2Fcomments&post=39474"}],"version-history":[{"count":0,"href":"http:\/\/www.korhanyilmaz.com\/index.php?rest_route=\/wp\/v2\/posts\/39474\/revisions"}],"wp:attachment":[{"href":"http:\/\/www.korhanyilmaz.com\/index.php?rest_route=%2Fwp%2Fv2%2Fmedia&parent=39474"}],"wp:term":[{"taxonomy":"category","embeddable":true,"href":"http:\/\/www.korhanyilmaz.com\/index.php?rest_route=%2Fwp%2Fv2%2Fcategories&post=39474"},{"taxonomy":"post_tag","embeddable":true,"href":"http:\/\/www.korhanyilmaz.com\/index.php?rest_route=%2Fwp%2Fv2%2Ftags&post=39474"}],"curies":[{"name":"wp","href":"https:\/\/api.w.org\/{rel}","templated":true}]}}