{"id":39449,"date":"2011-09-02T12:55:57","date_gmt":"2011-09-02T09:55:57","guid":{"rendered":"http:\/\/www.korhanyilmaz.com\/?p=39449"},"modified":"2011-09-02T14:47:24","modified_gmt":"2011-09-02T11:47:24","slug":"turkiye-israil-iliskilerinde-tarihi-karar","status":"publish","type":"post","link":"http:\/\/www.korhanyilmaz.com\/?p=39449","title":{"rendered":"T\u00fcrkiye-\u0130srail ili\u015fkilerinde tarihi karar"},"content":{"rendered":"<p style=\"text-align: justify;\"><a href=\"http:\/\/www.korhanyilmaz.com\/wp-content\/uploads\/2011\/09\/8033.jpg\"  class=\"lightview\"><img loading=\"lazy\" decoding=\"async\" class=\"aligncenter size-full wp-image-39450\" title=\"\" src=\"http:\/\/www.korhanyilmaz.com\/wp-content\/uploads\/2011\/09\/8033.jpg\" alt=\"\" width=\"313\" height=\"188\" \/><\/a><\/p>\n<p style=\"text-align: justify;\">T\u00fcrkiye, \u0130srail&#8217;in May\u0131s 2010&#8217;daki Mavi Marmara operasyonu nedeniyle \u00f6z\u00fcr dilemeyi kabul etmemesi sonucunda ikili ili\u015fkilere y\u00f6nelik tarihi nitelikte kararlar ald\u0131. \u0130srail&#8217;le diplomatik ili\u015fkilerin seviyesi indirildi ve askeri anla\u015fmalar ask\u0131ya al\u0131nd\u0131.<\/p>\n<p style=\"text-align: justify;\">Birle\u015fmi\u015f Milletler&#8217;in Mavi Marmara raporunun d\u00fcn ak\u015fam ABD bas\u0131n\u0131na s\u0131zmas\u0131n\u0131n ard\u0131ndan D\u0131\u015fi\u015fleri Bakan\u0131 Ahmet Davuto\u011flu bug\u00fcn kameralar\u0131n kar\u015f\u0131s\u0131na ge\u00e7ti. Davuto\u011flu hem \u0130srail&#8217;e y\u00f6nelik yapt\u0131r\u0131m kararlar\u0131n\u0131 a\u00e7\u0131klad\u0131 hem de BM raporuna tepki g\u00f6sterdi.\u00a0<!--more--><\/p>\n<p style=\"text-align: justify;\">Davuto\u011flu, &#8220;\u0130srail&#8217;in gayr\u0131me\u015fru davran\u0131\u015flar\u0131n\u0131n bedelini \u00f6deme zaman\u0131 art\u0131k gelmi\u015ftir&#8221; dedi. T\u00fcrkiye&#8217;nin \u0130srail&#8217;e y\u00f6nelik yapt\u0131r\u0131mlar\u0131 5 ad\u0131mdan olu\u015fuyor. Davuto\u011flu&#8217;nun a\u00e7\u0131klamas\u0131na g\u00f6re, bu yapt\u0131r\u0131mlar \u015f\u00f6yle s\u0131ralan\u0131yor:<\/p>\n<p style=\"text-align: justify;\">&#8220;<strong>1<\/strong>&#8211; T\u00fcrk \u0130srail diplomatik ili\u015fkileri ikinci katip d\u00fczeyine indirilecektir. Bunun \u00fczerindeki t\u00fcm g\u00f6revliler, ba\u015fta b\u00fcy\u00fckel\u00e7i, en ge\u00e7 \u00c7ar\u015famba g\u00fcn\u00fc \u00fclkelerine geri d\u00f6neceklerdir.<\/p>\n<p style=\"text-align: justify;\"><strong>2-<\/strong> T\u00fcrkiye ile \u0130srail aras\u0131ndaki t\u00fcm askeri anla\u015fmalar ask\u0131ya al\u0131nm\u0131\u015ft\u0131r.<\/p>\n<p style=\"text-align: justify;\"><strong>3-<\/strong> Do\u011fu Akdeniz&#8217;de en uzun k\u0131y\u0131s\u0131 bulunan sahildar devlet olarak T\u00fcrkiye, Do\u011fu Akdeniz&#8217;de seyr\u00fcsefer serbestisi i\u00e7in gerekli g\u00f6rd\u00fc\u011f\u00fc her t\u00fcrl\u00fc \u00f6nlemi alacakt\u0131r.<\/p>\n<p style=\"text-align: justify;\"><strong>4-<\/strong> T\u00fcrkiye \u0130srail&#8217;in Gazze&#8217;ye uygalad\u0131\u011f\u0131 ablukay\u0131 tan\u0131mamaktad\u0131r. \u0130srail&#8217;in 31 May\u0131s 2010 tarihi itibariyle Gazze&#8217;ye y\u00f6nelik uygulad\u0131\u011f\u0131 ambargonun Uluslararas\u0131 Adalet Divan\u0131&#8217;nda incelenmesini sa\u011flayacakt\u0131r. Bu do\u011frultuda BM Genel Kurulu&#8217;nu harekete ge\u00e7irmek i\u00e7in giri\u015fime ba\u015fl\u0131yoruz.<\/p>\n<p style=\"text-align: justify;\"><strong>5-<\/strong> \u0130srail sald\u0131r\u0131s\u0131n\u0131n T\u00fcrk ve yabanc\u0131 t\u00fcm ma\u011fdurlar\u0131n\u0131n mahkemelerdeki hak arama giri\u015fimlerine gereken destek verilecektir.&#8221;<\/p>\n<p style=\"text-align: justify;\">T\u00fcrkiye-\u0130srail ili\u015fkileri 3 Aral\u0131k 1980 tarihinde de ikinci katiplik seviyesine d\u00fc\u015f\u00fcr\u00fclm\u00fc\u015f, daha sonra 1988 y\u0131l\u0131nda Birle\u015fmi\u015f Milletler Genel Kurulu toplant\u0131s\u0131nda ger\u00e7ekle\u015fen \u015eimon Peres &#8211; Mesut Y\u0131lmaz g\u00f6r\u00fc\u015fmesine kadar iki \u00fclke aras\u0131nda \u00fcst d\u00fczey temas kurulmam\u0131\u015ft\u0131.<\/p>\n<p style=\"text-align: justify;\">Raporun sonu\u00e7lar\u0131n\u0131n &#8220;hukuki olmaktan \u00e7ok siyasi saiklere dayand\u0131\u011f\u0131n\u0131&#8221; ifade eden Davuto\u011flu, &#8220;T\u00fcrkiye bunu kesinlikle kabul etmeyecektir. Konuyu uluslararas\u0131 mercilere g\u00f6t\u00fcrmeye kararl\u0131y\u0131z&#8221; dedi.<\/p>\n<p style=\"text-align: justify;\"><strong>&#8220;SORUMLU \u0130SRA\u0130L&#8217;D\u0130R&#8221;\u00a0<\/strong><\/p>\n<p style=\"text-align: justify;\">Davuto\u011flu, \u0130srail ile ili\u015fkilerin T\u00fcrkiye&#8217;nin talepleri kar\u015f\u0131lanana kadar normalle\u015fmeyece\u011fini vurgulad\u0131. Davuto\u011flu, &#8220;Tekrar alt\u0131n\u0131 \u00e7izmek istiyorum. Bug\u00fcn geldi\u011fimiz noktan\u0131n sorumlusu \u0130srail h\u00fck\u00fcmetidir. \u0130srail h\u00fck\u00fcmeti, gereken ad\u0131mlar\u0131 atmad\u0131k\u00e7a bu noktadan geri d\u00f6n\u00fclmesi s\u00f6z konusu olmayacakt\u0131r&#8221; dedi.<\/p>\n<p style=\"text-align: justify;\">T\u00fcrkiye, \u0130srail&#8217;in 9 ki\u015finin hayat\u0131n\u0131 kaybetti\u011fi Mavi Marmara operasyonundan dolay\u0131 \u00f6z\u00fcr dilemesini, hayat\u0131n\u0131 kaybedenlere tazminat \u00f6denmesini ve Gazze&#8217;ye ablukan\u0131n kald\u0131r\u0131lmas\u0131n\u0131 talep ediyor. \u0130srail ile T\u00fcrkiye aras\u0131nda bir s\u00fcredir ili\u015fkilerin normalle\u015fmesi y\u00f6n\u00fcnde y\u00fcr\u00fct\u00fclen g\u00f6r\u00fc\u015fmeler sonu\u00e7suz kald\u0131.<\/p>\n<p style=\"text-align: justify;\">Toplant\u0131da bu konuya da de\u011finen Davuto\u011flu, Mavi Marmara sald\u0131r\u0131s\u0131yla ilgili olarak, \u0130srail h\u00fck\u00fcmeti ile d\u00f6rt tur g\u00f6r\u00fc\u015fme s\u00fcreci ger\u00e7ekle\u015ftirildi\u011fini belirtti. Bu g\u00f6r\u00fc\u015fmelerde m\u00fczakereyi y\u00fcr\u00fcten T\u00fcrk ve \u0130srail heyetleri aras\u0131nda, T\u00fcrkiye&#8217;nin \u00f6z\u00fcr ve tazminat taleplerini kar\u015f\u0131layan anla\u015fma metinleri \u00fczerinde birka\u00e7 kez mutabakat olu\u015ftu\u011funu vurgulayan Davuto\u011flu, bu mutabakatlar\u0131n \u0130srail&#8217;deki koalisyon h\u00fck\u00fcmetinin kendi aras\u0131ndaki anla\u015fmazl\u0131k nedeniyle hayata ge\u00e7irilemedi\u011finin alt\u0131n\u0131 \u00e7izdi.<\/p>\n<p style=\"text-align: justify;\"><strong>&#8220;RAPORU TANIMIYORUZ&#8221;\u00a0<\/strong><\/p>\n<p style=\"text-align: justify;\">T\u00fcrkiye&#8217;nin BM raporunu tan\u0131mad\u0131\u011f\u0131n\u0131 vurgulayan Davuto\u011flu, daha \u00f6nce haz\u0131rlanan de\u011ferlendirmelerde Gazze&#8217;ye y\u00f6nelik ablukan\u0131n uluslararas\u0131 hukuka ayk\u0131r\u0131 oldu\u011funun net bir \u015fekilde ortaya konmas\u0131na kar\u015f\u0131n son raporda bunun hukuka uygun oldu\u011funun belirtildi\u011fine dikkat \u00e7ekti.<\/p>\n<p style=\"text-align: justify;\">Davuto\u011flu, \u201cHal b\u00f6yleyken panelin ba\u015fkan ve yard\u0131mc\u0131s\u0131n\u0131n panele verilen yetkileri a\u015fmak suretiyle farkl\u0131 ve son derece tart\u0131\u015fmal\u0131 bir tak\u0131m g\u00f6r\u00fc\u015fler ileri s\u00fcrmeleri hukuki olmaktan ziyade bir tak\u0131m siyasi sebeplere dayand\u0131\u011f\u0131 a\u00e7\u0131k\u00e7a anla\u015f\u0131lmaktad\u0131r. T\u00fcrkiye panelin i\u015fleyi\u015fi ve g\u00fcvenilirli\u011fini zedeleyici nitelikteki bu yakla\u015f\u0131m\u0131 hi\u00e7bir \u015fekilde kabul etmemektedir. T\u00fcrkiye BMGK\u2019nin oy birli\u011fi ile yapt\u0131\u011f\u0131 ba\u015fkanl\u0131k a\u00e7\u0131klamas\u0131n\u0131n lafs\u0131 ve ruhu ile ba\u011fda\u015fmayan bu yakla\u015f\u0131m\u0131 ve yarg\u0131y\u0131 da \u015fiddetle reddetmektedir. Bu do\u011frultuda konuyu uluslararas\u0131 yetkili mercilere g\u00f6t\u00fcrmekte kararl\u0131y\u0131z\u201d dedi.<!--nextpage--><\/p>\n<p style=\"text-align: justify;\"><span style=\"font-size: medium; color: #993300;\"><strong>Davuto\u011flu&#8217;nun konu\u015fmas\u0131n\u0131n tam metni<\/strong><\/span><\/p>\n<p style=\"text-align: justify;\">D\u0131\u015fi\u015fleri Bakan\u0131 Ahmet Davuto\u011flu, BM&#8217;nin Mavi Marmara raporunun metninin ABD bas\u0131n\u0131na s\u0131zmas\u0131n\u0131n ard\u0131ndan bir bas\u0131n toplant\u0131s\u0131 d\u00fczenledi. Davuto\u011flu toplant\u0131da \u015funlar\u0131 s\u00f6yledi.<\/p>\n<p style=\"text-align: justify;\">De\u011ferli Bas\u0131n Mensuplar\u0131,<\/p>\n<p style=\"text-align: justify;\">Bug\u00fcn yapaca\u011f\u0131m a\u00e7\u0131klaman\u0131n nedenini hepiniz \u00e7ok iyi biliyorsunuz.<\/p>\n<p style=\"text-align: justify;\">\u0130srail, bundan yakla\u015f\u0131k 15 ay \u00f6nce, 31 May\u0131s 2010 g\u00fcn\u00fc, Gazze\u2019ye insani yard\u0131m g\u00f6t\u00fcren 32 \u00fclkeden y\u00fczlerce yolcunun kat\u0131ld\u0131\u011f\u0131 uluslararas\u0131 yard\u0131m konvoyuna Akdeniz\u2019in uluslararas\u0131 sular\u0131nda silahl\u0131 bir sald\u0131r\u0131 d\u00fczenlemi\u015ftir.<\/p>\n<p style=\"text-align: justify;\">\u0130srail askerleri, bu sald\u0131r\u0131da, 8\u2019i T\u00fcrk, 1\u2019i Amerikan vatanda\u015f\u0131 olmak \u00fczere 9 sivili \u00f6ld\u00fcrm\u00fc\u015f, di\u011fer bir\u00e7ok yolcuyu yaralam\u0131\u015f, ayr\u0131ca gemi ve yolcular\u0131 zorla \u0130srail\u2019e g\u00f6t\u00fcrm\u00fc\u015ft\u00fcr.<\/p>\n<p style=\"text-align: justify;\">Bu ki\u015filer, \u0130srail\u2019in elinde tutsak kald\u0131klar\u0131 iki g\u00fcn boyunca her t\u00fcrl\u00fc k\u00f6t\u00fc muameleye maruz kalm\u0131\u015flard\u0131r.<\/p>\n<p style=\"text-align: justify;\">De\u011ferli Arkada\u015flar,<\/p>\n<p style=\"text-align: justify;\">Bu hukuk d\u0131\u015f\u0131 sald\u0131r\u0131n\u0131n \u00fczerinden yakla\u015f\u0131k 15 ay ge\u00e7ti.<\/p>\n<p style=\"text-align: justify;\">Ancak somut ger\u00e7ekler de\u011fi\u015fmedi.<\/p>\n<p style=\"text-align: justify;\">Bunlar\u0131 tekrarlamakta yarar g\u00f6r\u00fcyorum.<\/p>\n<p style=\"text-align: justify;\">\u0130srail\u2019in bu sald\u0131r\u0131s\u0131 uluslararas\u0131 sularda ger\u00e7ekle\u015fmi\u015ftir.<\/p>\n<p style=\"text-align: justify;\">\u0130srail askerlerince \u00f6ld\u00fcr\u00fclenler masum sivillerdir.<\/p>\n<p style=\"text-align: justify;\">Katledilen insanlar, \u0130srail\u2019in uluslararas\u0131 hukuka ve insanl\u0131k de\u011ferlerine ayk\u0131r\u0131 Gazze ablukas\u0131 alt\u0131nda zul\u00fcm g\u00f6ren Filistin halk\u0131n\u0131n feryad\u0131na ses veren, bu insanlara yard\u0131m g\u00f6t\u00fcrmek isteyen sivillerdir.<\/p>\n<p style=\"text-align: justify;\">Sava\u015f, insanl\u0131k tarihinin ac\u0131 bir ger\u00e7e\u011fidir.<\/p>\n<p style=\"text-align: justify;\">Ve sava\u015f, her\u015feyden \u00f6nce, en kutsal de\u011fer olan insan\u0131n ya\u015fam hakk\u0131na kar\u015f\u0131 en a\u011f\u0131r tecav\u00fczd\u00fcr.<\/p>\n<p style=\"text-align: justify;\">Nitekim, b\u00fct\u00fcn medeniyetler, sava\u015f\u0131n dahi belirli kurallara ba\u011flanmas\u0131 i\u00e7in \u2018adil sava\u015f\u2019 kavram\u0131n\u0131 geli\u015ftirmi\u015ftir.<\/p>\n<p style=\"text-align: justify;\">Bunun i\u00e7indir ki, BM \u015eart\u0131\u2019nda askeri g\u00fc\u00e7 kullan\u0131m\u0131 \u00e7ok s\u0131k\u0131 \u015fartlara ba\u011flanm\u0131\u015ft\u0131r.<\/p>\n<p style=\"text-align: justify;\">Yine, ya\u015fam hakk\u0131n\u0131n kutsal\u0131\u011f\u0131na olan inan\u00e7tand\u0131r ki, sava\u015f\u0131n me\u015fru oldu\u011fu hallerde dahi, masum sivillerin \u00f6ld\u00fcr\u00fclmesi sava\u015f su\u00e7u olarak kabul edilmi\u015ftir.<\/p>\n<p style=\"text-align: justify;\">\u0130srail ise, sava\u015fta de\u011fil, bar\u0131\u015f zaman\u0131nda; askeri de\u011fil, sivil bir yard\u0131m konvoyunda; zalim bir abluka alt\u0131nda inleyen masum bir halka yard\u0131m g\u00f6t\u00fcrmek i\u00e7in bar\u0131\u015f\u00e7\u0131l bir eyleme kat\u0131lan sivil insanlar\u0131 katletmi\u015ftir. Tablo budur!<\/p>\n<p style=\"text-align: justify;\">\u00dcstelik bunu, kendi topraklar\u0131nda, karasular\u0131nda de\u011fil, uluslararas\u0131 hukukun en temel ilkelerinden biri olan seyr\u00fcsefer serbestisinin hakim oldu\u011fu uluslararas\u0131 sularda ger\u00e7ekle\u015ftirmi\u015ftir.<\/p>\n<p style=\"text-align: justify;\">\u0130srail\u2019in i\u015fledi\u011fi su\u00e7 basit bir su\u00e7 de\u011fildir.<\/p>\n<p style=\"text-align: justify;\">\u00c7i\u011fnenen uluslararas\u0131 hukuktur.<\/p>\n<p style=\"text-align: justify;\">\u00c7i\u011fnenen insanl\u0131k vicdan\u0131d\u0131r, en temel insani de\u011fer olan ya\u015fam hakk\u0131d\u0131r.<\/p>\n<p style=\"text-align: justify;\">De\u011fi\u015ftirilemeyecek bir ger\u00e7ek vard\u0131r.<\/p>\n<p style=\"text-align: justify;\">O da, yard\u0131m konvoyundaki bir gemideki sivilllere sald\u0131rman\u0131n, silahs\u0131z ki\u015filere ensesinden defalarca ate\u015f edip \u00f6ld\u00fcrmenin, bir insanl\u0131k su\u00e7u oldu\u011fudur.<\/p>\n<p style=\"text-align: justify;\">Hi\u00e7bir kisve bu su\u00e7u \u00f6rtemez, mazur g\u00f6steremez.<\/p>\n<p style=\"text-align: justify;\">Bir hususun daha bilinmesi gerekmektedir.<\/p>\n<p style=\"text-align: justify;\">Hi\u00e7bir devlet, hukukun \u00fcst\u00fcnde de\u011fildir.<\/p>\n<p style=\"text-align: justify;\">D\u00fcnya art\u0131k de\u011fi\u015fmektedir.<\/p>\n<p style=\"text-align: justify;\">Sivil insanlar\u0131 katledenler, insanl\u0131\u011fa kar\u015f\u0131 su\u00e7 i\u015fleyenler er ya da ge\u00e7 adalet \u00f6n\u00fcne \u00e7\u0131kmakta ve yarg\u0131lanmaktad\u0131r.<\/p>\n<p style=\"text-align: justify;\">Ne Mavi Marmara\u2019ya sald\u0131r\u0131 emrini veren \u0130srail H\u00fck\u00fcmeti, ne de bu sald\u0131r\u0131y\u0131 ger\u00e7ekle\u015ftirenler, hukukun \u00fcst\u00fcndedir ya da yarg\u0131dan masumdur. Hepsi hesap vermek zorundad\u0131r.<\/p>\n<p style=\"text-align: justify;\">Kald\u0131 ki, insanl\u0131k vicdan\u0131nda zaten mahkum olmu\u015flard\u0131r.<\/p>\n<p style=\"text-align: justify;\">De\u011ferli bas\u0131n mensuplar\u0131,<\/p>\n<p style=\"text-align: justify;\">Hat\u0131rlayacaks\u0131n\u0131z, T\u00fcrkiye olarak, i\u015flenen bu a\u00e7\u0131k su\u00e7un cezas\u0131z kalmamas\u0131 ve adaletin yerini bulmas\u0131 amac\u0131yla s\u00fcratle harekete ge\u00e7tik.<\/p>\n<p style=\"text-align: justify;\">Bu do\u011frultuda, BM G\u00fcvenlik Konseyi\u2019ni \u0130srail sald\u0131r\u0131s\u0131n\u0131n hemen akabinde, ayn\u0131 g\u00fcn acil toplant\u0131ya \u00e7a\u011f\u0131rd\u0131k.<\/p>\n<p style=\"text-align: justify;\">BM G\u00fcvenlik Konseyi\u2019nde ki orada yapt\u0131\u011f\u0131m konu\u015fmada her t\u00fcrl\u00fc hukuk anlay\u0131\u015f\u0131n\u0131, insanl\u0131k vicdan\u0131n\u0131 ve de\u011ferlerini hi\u00e7e sayan bu \u0130srail sald\u0131r\u0131s\u0131yla insanl\u0131\u011f\u0131n Akdeniz\u2019in sular\u0131nda bo\u011fuldu\u011funu belirtmi\u015ftim.<\/p>\n<p style=\"text-align: justify;\">Nitekim, BM G\u00fcvenlik Konseyi, 1 Haziran 2010 g\u00fcn\u00fcn\u00fcn ilk saatlerinde uluslararas\u0131 toplumun mutabakat\u0131yla bir Ba\u015fkanl\u0131k A\u00e7\u0131klamas\u0131 kabul etti.<\/p>\n<p style=\"text-align: justify;\">Bu a\u00e7\u0131klamayla G\u00fcvenlik Konseyi, \u0130srail\u2019in silahl\u0131 g\u00fc\u00e7 kullan\u0131m\u0131 sonucunda meydana gelen bu trajedinin h\u0131zl\u0131, \u015feffaf, muteber, tarafs\u0131z ve uluslararas\u0131 standardlara uygun bir bi\u00e7imde soru\u015fturulmas\u0131 \u00e7a\u011fr\u0131s\u0131nda bulundu.<\/p>\n<p style=\"text-align: justify;\">Di\u011fer taraftan, Cenevre\u2019de yerle\u015fik BM \u0130nsan Haklar\u0131 Konseyi de kabul etti\u011fi bir kararla, son derece sayg\u0131n ve alanlar\u0131nda uzman hukuk\u00e7ulardan olu\u015fan bir Veri Toplama Misyonu olu\u015fturarak sald\u0131r\u0131y\u0131 soru\u015fturma s\u00fcrecine girdi.<\/p>\n<p style=\"text-align: justify;\">BM Genel Sekreteri de G\u00fcvenlik Konseyi\u2019nin \u00e7a\u011fr\u0131s\u0131 do\u011frultusunda bir Soru\u015fturma Paneli olu\u015fturdu.<\/p>\n<p style=\"text-align: justify;\">T\u00fcrkiye olarak, Panel ile tam bir i\u015fbirli\u011fi i\u00e7inde olduk. Soru\u015fturma s\u00fcrecini h\u0131zland\u0131rmak i\u00e7in her t\u00fcrl\u00fc katk\u0131y\u0131 sa\u011flad\u0131k, ulusal raporumuzu sunduk.<\/p>\n<p style=\"text-align: justify;\">\u0130srail ise, Panel\u2019de yer almakla birlikte, \u00e7al\u0131\u015fmalar\u0131n\u0131 s\u00fcrekli geciktirme anlay\u0131\u015f\u0131yla hareket etti.<\/p>\n<p style=\"text-align: justify;\">Yine hepinizin bildi\u011fi gibi, \u0130srail H\u00fck\u00fcmeti\u2019nden, bu sald\u0131r\u0131dan dolay\u0131 resmen \u00f6z\u00fcr dilemesini, katledilen sivillerin ailelerine ve yak\u0131nlar\u0131na tazminat \u00f6demesini talep ettik. Ayr\u0131ca BM G\u00fcvenlik Konseyi Ba\u015fkanl\u0131k A\u00e7\u0131klamas\u0131nda a\u00e7\u0131k\u00e7a ele\u015ftirilen Gazze\u2019ye uygulanan ablukan\u0131n kald\u0131r\u0131lmas\u0131 gerekti\u011fini vurgulayageldik.<\/p>\n<p style=\"text-align: justify;\">\u015eartlar\u0131m\u0131z yerine getirilmedik\u00e7e de T\u00fcrk-\u0130srail ili\u015fkilerinin normalle\u015fmeyece\u011fini a\u00e7\u0131klad\u0131k.<\/p>\n<p style=\"text-align: justify;\">Di\u011fer yandan ise, \u0130srail H\u00fck\u00fcmetinin, T\u00fcrk halk\u0131ndan \u00f6z\u00fcr dilemek, sald\u0131r\u0131da \u00f6lenlerin ailelerine ve yak\u0131nlar\u0131na tazminat \u00f6demek perspektifiyle T\u00fcrkiye ile g\u00f6r\u00fc\u015fmeye haz\u0131r oldu\u011funu bildirmesi \u00fczerine, farkl\u0131 zamanlarda toplam d\u00f6rt tur g\u00f6r\u00fc\u015fme ger\u00e7ekle\u015ftirdik.<\/p>\n<p style=\"text-align: justify;\">Bu g\u00f6r\u00fc\u015fmelerde, m\u00fczakereyi y\u00fcr\u00fcten T\u00fcrk ve \u0130srail heyetleri aras\u0131nda, \u00fclkemizin \u00f6z\u00fcr ve tazminat taleplerimizi kar\u015f\u0131layan anla\u015fma metinleri \u00fczerinde birka\u00e7 kez mutabakat olu\u015ftu.<\/p>\n<p style=\"text-align: justify;\">Nitekim ilk kez 2010 Aral\u0131k ay\u0131nda \u0130srail\u2019de ger\u00e7ekle\u015fen orman yang\u0131n\u0131na T\u00fcrkiye\u2019nin katk\u0131s\u0131 \u00fczerine \u0130srail Ba\u015fbakan\u0131\u2019n\u0131n talebiyle Cenevre\u2019de ger\u00e7ekle\u015fen g\u00f6r\u00fc\u015fmeler neticesinde iki ayr\u0131 anla\u015fma metni \u00fczerinde, ad referandum mutabakata var\u0131ld\u0131. Bu mutabakat \u0130srail Ba\u015fbakan\u0131 Netanyahu taraf\u0131ndan da onayland\u0131. Bilahare anla\u015fman\u0131n imzalanmas\u0131 konusunda \u0130srail Bakanlar Kurulu i\u00e7inde \u00e7\u0131kan anla\u015fmazl\u0131klar nedeniyle bu anla\u015fma uygulamaya konulamad\u0131.<\/p>\n<p style=\"text-align: justify;\">Bu s\u00fcre\u00e7te, Palmer Komisyonu\u2019nun raporunun yay\u0131nlanmas\u0131ndaki ertelemelerin hepsi &#8211; bunu \u00f6zellikle s\u00f6yl\u00fcyorum \u00e7\u00fcnk\u00fc \u00e7ok ciddi bir ba\u015fka bas\u0131n manip\u00fclasyonuyla kar\u015f\u0131 kar\u015f\u0131yay\u0131z &#8211; \u0130srail H\u00fck\u00fcmetinin, \u00f6z\u00fcr ve tazminat konusunda i\u00e7 mutabakat\u0131 sa\u011flamak i\u00e7in zamana ihtiyac\u0131 oldu\u011funu bildirmesi \u00fczerine, yani \u0130srail H\u00fck\u00fcmetinin talebi sonucunda ger\u00e7ekle\u015fmi\u015ftir.<\/p>\n<p style=\"text-align: justify;\">\u0130srail\u2019in son defa \u00f6nerdi\u011fi 6 ayl\u0131k uzatma talebi ise taraf\u0131m\u0131zdan kabul edilmemi\u015ftir. \u00c7\u00fcnk\u00fc bu uzatma taleplerinin hepsinin s\u00fcreci zamana yayma amac\u0131 ta\u015f\u0131d\u0131\u011f\u0131 anla\u015f\u0131lm\u0131\u015ft\u0131r.<\/p>\n<p style=\"text-align: justify;\">Gerek T\u00fcrkiye\u2019nin gerek \u0130srail\u2019in taraf olmad\u0131\u011f\u0131 ve sadece Ba\u015fkan Palmer ve yard\u0131mc\u0131s\u0131 Uribe\u2019nin imzalar\u0131n\u0131 ta\u015f\u0131yan raporun, hen\u00fcz BM Genel Sekreterine resmen sunulmadan \u00f6nce 1 Eyl\u00fcl g\u00fcn\u00fc itibariyle bas\u0131na s\u0131zd\u0131r\u0131lm\u0131\u015f olmas\u0131 da, ku\u015fkusuz bu ba\u011flamda olduk\u00e7a d\u00fc\u015f\u00fcnd\u00fcr\u00fcc\u00fcd\u00fcr. Ben bu konuyu d\u00fcn Birle\u015fmi\u015f Milletler Genel Sekreteri Ban Ki-moon ile de g\u00f6r\u00fc\u015ft\u00fcm. Kendisi bu raporun daha kendilerine ula\u015fmadan bas\u0131na s\u0131zd\u0131r\u0131lm\u0131\u015f olmas\u0131ndan dolay\u0131 b\u00fcy\u00fck \u00fcz\u00fcnt\u00fc duydu\u011funu belirtti. Bu s\u00fcre\u00e7 zarf\u0131nda bas\u0131na s\u0131zd\u0131rmalar\u0131n Devlet ciddiyetiyle ba\u011fda\u015fmad\u0131\u011f\u0131n\u0131 d\u00fc\u015f\u00fcn\u00fcyoruz.<\/p>\n<p style=\"text-align: justify;\">\u0130lk olarak belirtilmesi gereken, bu raporun sadece ad\u0131 ge\u00e7enlerin g\u00f6r\u00fc\u015flerini yans\u0131tmakta oldu\u011fudur.<\/p>\n<p style=\"text-align: justify;\">Rapor, \u0130srail askerlerinin ve di\u011fer yetkililerinin i\u015fledikleri su\u00e7lar\u0131 a\u00e7\u0131k bi\u00e7imde tespit etmekte ve dile getirmektedir.<\/p>\n<p style=\"text-align: justify;\">Bu ba\u011flamda, \u0130srail\u2019in abluka sahas\u0131ndan \u00e7ok ileride bir mevkide, b\u00fcy\u00fck bir askeri kuvvetle gemilere sald\u0131rmas\u0131n\u0131n a\u015f\u0131r\u0131 ve izah edilemez oldu\u011fu belirtilmektedir.<\/p>\n<p style=\"text-align: justify;\">\u0130srail askerlerinin sebep oldu\u011fu \u00f6l\u00fcm ve yaralanmalar\u0131n kabul edilemeyece\u011fi, \u0130srail taraf\u0131ndan dokuz can kayb\u0131n\u0131n hi\u00e7birinin hesab\u0131n\u0131n verilemedi\u011fi, delillerin \u00f6lenlerin \u00e7o\u011funun yak\u0131n mesafe ve arkadan olmak \u00fczere bir \u00e7ok kez vurulduklar\u0131n\u0131 g\u00f6sterdi\u011fi kaydedilmektedir.<\/p>\n<p style=\"text-align: justify;\">Ayr\u0131ca, yolcular\u0131n ciddi anlamda k\u00f6t\u00fc muameleye maruz kald\u0131klar\u0131, bu muamelenin fiziki darp, taciz ve tehdidin yan\u0131s\u0131ra ki\u015fisel e\u015fyalara hukuk d\u0131\u015f\u0131 elkonulmas\u0131 ile konsolosluk yard\u0131m\u0131 almalar\u0131na mani olunmas\u0131n\u0131 da i\u00e7erdi\u011fi a\u00e7\u0131k bi\u00e7imde vurgulanmaktad\u0131r.<\/p>\n<p style=\"text-align: justify;\">Raporda, Gazze\u2019ye y\u00f6nelik olarak \u0130srail taraf\u0131ndan uygulanan insanl\u0131k d\u0131\u015f\u0131 ablukan\u0131n ise hukuka uygun oldu\u011fu ileri s\u00fcr\u00fclmektedir.<\/p>\n<p style=\"text-align: justify;\">Tabiat\u0131yla bu yakla\u015f\u0131m\u0131n kabul edilmesi ne m\u00fcmk\u00fcn ne de s\u00f6z konusudur.<\/p>\n<p style=\"text-align: justify;\">BM \u0130nsan Haklar\u0131 Konseyi\u2019nin alanlar\u0131nda uzman ve son derece ehil hukuk\u00e7ulardan olu\u015fan Veri Toplama Misyonu, Gazze ablukas\u0131n\u0131n uluslararas\u0131 hukuka ayk\u0131r\u0131 oldu\u011funu a\u00e7\u0131k bir bi\u00e7imde ortaya koymu\u015ftur. Ge\u00e7en sene olay\u0131 m\u00fcteakip yapt\u0131klar\u0131 \u00e7al\u0131\u015fmada bu durumu a\u00e7\u0131k bir \u015fekilde tespit etmi\u015flerdi.<\/p>\n<p style=\"text-align: justify;\">Bu yarg\u0131 hem BM \u0130nsan Haklar\u0131 Konseyi\u2019nce onaylanm\u0131\u015f, hem de BM Genel Kurulu\u2019nda kabul g\u00f6rm\u00fc\u015ft\u00fcr.<\/p>\n<p style=\"text-align: justify;\">Hal b\u00f6yle iken, Panel\u2019in Ba\u015fkan ve Yard\u0131mc\u0131s\u0131\u2019n\u0131n, Panel\u2019e verilen yetkileri a\u015fmak suretiyle, farkl\u0131 ve son derece tart\u0131\u015fmal\u0131 bir tak\u0131m g\u00f6r\u00fc\u015fler ileri s\u00fcrmelerinin, hukuki olmaktan ziyade, bir tak\u0131m siyasi saiklere dayand\u0131\u011f\u0131 anla\u015f\u0131lmaktad\u0131r.<\/p>\n<p style=\"text-align: justify;\">T\u00fcrkiye, panelin i\u015fleyi\u015fi ve g\u00fcvenilirli\u011fini de zedeleyici nitelikteki bu yakla\u015f\u0131m\u0131 hi\u00e7bir \u015fekilde kabul etmemektedir.<\/p>\n<p style=\"text-align: justify;\">T\u00fcrkiye BM G\u00fcvenlik Konseyinin oybirli\u011fi ile yapt\u0131\u011f\u0131 ba\u015fkanl\u0131k a\u00e7\u0131klamas\u0131n\u0131n lafz\u0131 ve ruhuyla ba\u011fda\u015fmayan bu yakla\u015f\u0131m\u0131 \u015fiddetle reddetmektedir.<\/p>\n<p style=\"text-align: justify;\">Bu do\u011frultuda konuyu uluslararas\u0131 yetkili hukuki mercilere g\u00f6t\u00fcrmeye kararl\u0131y\u0131z.<\/p>\n<p style=\"text-align: justify;\">De\u011ferli Arkada\u015flar,<\/p>\n<p style=\"text-align: justify;\">\u0130srail\u2019in bu hukuk d\u0131\u015f\u0131 eylemine kar\u015f\u0131 tutumumuz ilk andan itibaren \u00e7ok net ve ilkeli olmu\u015ftur. Taleplerimiz bilinmektedir.<\/p>\n<p style=\"text-align: justify;\">Bu ko\u015fullar yerine getirilmedik\u00e7e \u0130srail\u2019le ili\u015fkilerimiz normalle\u015fmeyecektir.<\/p>\n<p style=\"text-align: justify;\">Bug\u00fcn geldi\u011fimiz nokta itibariyle, \u0130srail, kendisine tan\u0131nan b\u00fct\u00fcn f\u0131rsatlar\u0131 heba etmi\u015ftir.<\/p>\n<p style=\"text-align: justify;\">Art\u0131k, \u0130srail H\u00fck\u00fcmetinin, kendini uluslararas\u0131 hukukun \u00fczerinde g\u00f6ren, insanl\u0131k vicdan\u0131n\u0131 hi\u00e7e sayan gayr\u0131me\u015fru eylemlerinin sonu\u00e7lar\u0131na katlanmas\u0131n\u0131n ve bir bedel \u00f6demesinin vakti gelmi\u015ftir.<\/p>\n<p style=\"text-align: justify;\">Bu bedel, her\u015feyden \u00f6nce T\u00fcrkiye\u2019nin dostlu\u011fundan mahrum kalmakt\u0131r.<\/p>\n<p style=\"text-align: justify;\">Bu noktaya gelinmesinin tek sorumlusu \u0130srail H\u00fck\u00fcmeti ve \u0130srail H\u00fck\u00fcmeti\u2019nin sorumsuz eylemidir.<\/p>\n<p style=\"text-align: justify;\">Bu \u00e7er\u00e7evede, H\u00fck\u00fcmetimizce bu a\u015famada al\u0131nmas\u0131na karar verilen tedbirler \u015funlard\u0131r:<\/p>\n<p style=\"text-align: justify;\">1. T\u00fcrk-\u0130srail diplomatik ili\u015fkileri ikinci katip d\u00fczeyine indirilecektir.<\/p>\n<p style=\"text-align: justify;\">\u0130kinci k\u00e2tip d\u00fczeyinin \u00fczerindeki t\u00fcm g\u00f6revliler en ge\u00e7 \u00f6n\u00fcm\u00fczdeki \u00c7ar\u015famba g\u00fcn\u00fcne kadar \u00fclkelerine g\u00f6nderileceklerdir.<\/p>\n<p style=\"text-align: justify;\">2. T\u00fcrkiye ile \u0130srail aras\u0131ndaki askeri anla\u015fmalar ask\u0131ya al\u0131nm\u0131\u015ft\u0131r.<\/p>\n<p style=\"text-align: justify;\">3. Do\u011fu Akdeniz\u2019de en uzun k\u0131y\u0131s\u0131 bulunan sahildar devlet olarak, T\u00fcrkiye Do\u011fu Akdeniz\u2019de seyr\u00fcsefer serbestisi i\u00e7in gerekli g\u00f6rd\u00fc\u011f\u00fc her t\u00fcrl\u00fc \u00f6nlemi alacakt\u0131r.<\/p>\n<p style=\"text-align: justify;\">4. T\u00fcrkiye, \u0130srail\u2019in Gazze\u2019ye uygulad\u0131\u011f\u0131 ablukay\u0131 tan\u0131mamaktad\u0131r. \u0130srail\u2019in 31 May\u0131s 2010 tarihi itibariyle Gazze\u2019ye y\u00f6nelik olarak uygulad\u0131\u011f\u0131 ablukan\u0131n Uluslararas\u0131 Adalet Divan\u0131\u2019nda incelenmesini sa\u011flayacakt\u0131r. Bu do\u011frultuda BM Genel Kurulu\u2019nu harekete ge\u00e7irmek i\u00e7in giri\u015fimlere ba\u015fl\u0131yoruz.<\/p>\n<p style=\"text-align: justify;\">5. \u0130srail sald\u0131r\u0131s\u0131n\u0131n T\u00fcrk ve yabanc\u0131 t\u00fcm ma\u011fdurlar\u0131n\u0131n mahkemelerdeki hak arama giri\u015fimlerine taraf\u0131m\u0131zdan gereken her t\u00fcrl\u00fc destek verilecektir.<\/p>\n<p style=\"text-align: justify;\">De\u011ferli Bas\u0131n Mensuplar\u0131;<\/p>\n<p style=\"text-align: justify;\">Burada bir hususu daha vurgulamak istiyorum.<\/p>\n<p style=\"text-align: justify;\">Biz T\u00fcrkiye olarak, her zaman \u00e7at\u0131\u015fmay\u0131 de\u011fil, bar\u0131\u015f\u0131; zulm\u00fc de\u011fil, adaleti hakim k\u0131lmak isteyen bir anlay\u0131\u015f\u0131n temsilcisiyiz. D\u0131\u015f politikam\u0131z bu temel anlay\u0131\u015fa dayal\u0131d\u0131r.<\/p>\n<p style=\"text-align: justify;\">Bunun i\u00e7indir ki, nas\u0131l Bosna\u2019daki, Kosova\u2019daki katliamlara kar\u015f\u0131 sesimizi y\u00fckselttiysek, Gazze\u2019ye yap\u0131lan insanl\u0131k d\u0131\u015f\u0131 \u0130srail sald\u0131r\u0131lar\u0131 kar\u015f\u0131s\u0131nda da tepkimizi g\u00f6sterdik.<\/p>\n<p style=\"text-align: justify;\">Bug\u00fcn, \u0130srail H\u00fck\u00fcmetinin bir tercih yapmas\u0131 gerekmektedir ve bu tercihi yapma vakti gelmi\u015ftir.<\/p>\n<p style=\"text-align: justify;\">\u0130srail\u2019i y\u00f6netenlerin, ger\u00e7ek g\u00fcvenli\u011fin, ancak ger\u00e7ek bar\u0131\u015f\u0131n in\u015fa edilmesiyle m\u00fcmk\u00fcn olabilece\u011fini g\u00f6rmeleri gerekmektedir.<\/p>\n<p style=\"text-align: justify;\">Yine anlamal\u0131d\u0131rlar ki, ger\u00e7ek bar\u0131\u015f\u0131n in\u015fas\u0131n\u0131n yolu, dost \u00fclke vatanda\u015flar\u0131n\u0131 katletmekten de\u011fil, dostluklar\u0131n g\u00fc\u00e7lendirilmesinden ge\u00e7mektedir.<\/p>\n<p style=\"text-align: justify;\">Ancak, mevcut \u0130srail H\u00fck\u00fcmeti\u2019nin bu yal\u0131n ger\u00e7e\u011fi g\u00f6rmekten, Ortado\u011fu co\u011frafyas\u0131ndaki devasa de\u011fi\u015fimlerin sonu\u00e7lar\u0131n\u0131 idrakten aciz oldu\u011fu da a\u00e7\u0131kt\u0131r.<\/p>\n<p style=\"text-align: justify;\">Bu vesileyle, ald\u0131\u011f\u0131m\u0131z ve alaca\u011f\u0131m\u0131z tedbirlerin sadece mevcut \u0130srail H\u00fck\u00fcmetinin tutumuyla ba\u011flant\u0131l\u0131 oldu\u011funu \u00f6zellikle vurgulamak isterim.<\/p>\n<p style=\"text-align: justify;\">Amac\u0131m\u0131z, tarihe mal olmu\u015f T\u00fcrk-Yahudi dostlu\u011funa halel getirmek de\u011fil, bilakis, \u0130srail H\u00fck\u00fcmetinin bu istisnai dostlu\u011fa s\u0131\u011fmayan bir yanl\u0131\u015f\u0131n\u0131 d\u00fczeltmeye onlar\u0131 y\u00f6nlendirmek, sevketmektir.<\/p>\n<p style=\"text-align: justify;\">T\u00fcrkiye, b\u00f6lgesel ve k\u00fcresel bar\u0131\u015f ve istikrar\u0131 olumsuz \u015fekilde etkileyen geli\u015fmelerin \u00f6nlenmesi, cereyan etmi\u015f bulunan olumsuzluklar\u0131n ise telafisi do\u011frultusunda her zaman samimi ve yap\u0131c\u0131 bir tav\u0131r i\u00e7inde olagelmi\u015ftir.<\/p>\n<p style=\"text-align: justify;\">Bu konuda talep ve beklentilerini ba\u015f\u0131ndan beri net bir sekilde ortaya koymu\u015f, \u00fczerine d\u00fc\u015feni yapm\u0131\u015ft\u0131r.<\/p>\n<p style=\"text-align: justify;\">Tekrar alt\u0131n\u0131 \u00e7izmek istiyorum.<\/p>\n<p style=\"text-align: justify;\">Bug\u00fcn geldi\u011fimiz noktan\u0131n sorumlusu \u0130srail H\u00fck\u00fcmeti\u2019dir.<\/p>\n<p style=\"text-align: justify;\">\u0130srail H\u00fck\u00fcmeti gerekli ad\u0131mlar\u0131 atmad\u0131k\u00e7a, bu noktadan geri d\u00f6n\u00fclmesi s\u00f6zkonusu olmayacakt\u0131r.<\/p>\n<p style=\"text-align: justify;\"><a href=\"http:\/\/www.hurriyet.com.tr\/planet\/18632049.asp\" target=\"_blank\">Kaynak : H\u00fcrriyet.com.tr<\/a><\/p>\n","protected":false},"excerpt":{"rendered":"<p style=\"text-align: justify;\">\n<p style=\"text-align: justify;\">T\u00fcrkiye, \u0130srail&#8217;in May\u0131s 2010&#8217;daki Mavi Marmara operasyonu nedeniyle \u00f6z\u00fcr dilemeyi kabul etmemesi sonucunda ikili ili\u015fkilere y\u00f6nelik tarihi nitelikte kararlar ald\u0131. \u0130srail&#8217;le diplomatik ili\u015fkilerin seviyesi indirildi ve askeri anla\u015fmalar ask\u0131ya al\u0131nd\u0131.<\/p>\n<p style=\"text-align: justify;\">Birle\u015fmi\u015f Milletler&#8217;in Mavi Marmara raporunun d\u00fcn ak\u015fam ABD bas\u0131n\u0131na s\u0131zmas\u0131n\u0131n ard\u0131ndan D\u0131\u015fi\u015fleri Bakan\u0131 Ahmet Davuto\u011flu bug\u00fcn kameralar\u0131n kar\u015f\u0131s\u0131na <\/p>\n","protected":false},"author":1,"featured_media":0,"comment_status":"open","ping_status":"open","sticky":false,"template":"","format":"standard","meta":{"footnotes":""},"categories":[105],"tags":[],"class_list":["post-39449","post","type-post","status-publish","format-standard","hentry","category-gundem","odd"],"_links":{"self":[{"href":"http:\/\/www.korhanyilmaz.com\/index.php?rest_route=\/wp\/v2\/posts\/39449","targetHints":{"allow":["GET"]}}],"collection":[{"href":"http:\/\/www.korhanyilmaz.com\/index.php?rest_route=\/wp\/v2\/posts"}],"about":[{"href":"http:\/\/www.korhanyilmaz.com\/index.php?rest_route=\/wp\/v2\/types\/post"}],"author":[{"embeddable":true,"href":"http:\/\/www.korhanyilmaz.com\/index.php?rest_route=\/wp\/v2\/users\/1"}],"replies":[{"embeddable":true,"href":"http:\/\/www.korhanyilmaz.com\/index.php?rest_route=%2Fwp%2Fv2%2Fcomments&post=39449"}],"version-history":[{"count":0,"href":"http:\/\/www.korhanyilmaz.com\/index.php?rest_route=\/wp\/v2\/posts\/39449\/revisions"}],"wp:attachment":[{"href":"http:\/\/www.korhanyilmaz.com\/index.php?rest_route=%2Fwp%2Fv2%2Fmedia&parent=39449"}],"wp:term":[{"taxonomy":"category","embeddable":true,"href":"http:\/\/www.korhanyilmaz.com\/index.php?rest_route=%2Fwp%2Fv2%2Fcategories&post=39449"},{"taxonomy":"post_tag","embeddable":true,"href":"http:\/\/www.korhanyilmaz.com\/index.php?rest_route=%2Fwp%2Fv2%2Ftags&post=39449"}],"curies":[{"name":"wp","href":"https:\/\/api.w.org\/{rel}","templated":true}]}}