{"id":39431,"date":"2011-09-02T10:03:38","date_gmt":"2011-09-02T07:03:38","guid":{"rendered":"http:\/\/www.korhanyilmaz.com\/?p=39431"},"modified":"2011-09-02T10:47:06","modified_gmt":"2011-09-02T07:47:06","slug":"dinlemeleri-iktidara-yakin-grup-yapiyor","status":"publish","type":"post","link":"http:\/\/www.korhanyilmaz.com\/?p=39431","title":{"rendered":"Dinlemeleri iktidara yak\u0131n grup yap\u0131yor"},"content":{"rendered":"<p style=\"text-align: center;\"><a href=\"http:\/\/www.korhanyilmaz.com\/wp-content\/uploads\/2011\/09\/8029.jpg\"  class=\"lightview\"><img loading=\"lazy\" decoding=\"async\" class=\"aligncenter size-full wp-image-39432\" src=\"http:\/\/www.korhanyilmaz.com\/wp-content\/uploads\/2011\/09\/8029.jpg\" alt=\"\" width=\"393\" height=\"242\" \/><\/a><\/p>\n<p style=\"text-align: justify;\">CHP Genel Ba\u015fkan\u0131 Kemal K\u0131l\u0131\u00e7daro\u011flu, eski Genelkurmay Ba\u015fkan\u0131 emekli Orgeneral I\u015f\u0131k Ko\u015faner\u2019i iktidara yak\u0131n bir grubun dinledi\u011fini \u00f6ne s\u00fcrd\u00fc.<\/p>\n<p style=\"text-align: justify;\">K\u0131l\u0131\u00e7daro\u011flu, bu konuda elinde bilgiler oldu\u011funu, ancak s\u0131k\u0131nt\u0131 yaratmamas\u0131 i\u00e7in a\u00e7\u0131klamad\u0131\u011f\u0131n\u0131 s\u00f6yledi. K\u0131l\u0131\u00e7daro\u011flu, Kenya\u2019daki Somali m\u00fclteci kamp\u0131 Dadaap\u2019tan d\u00f6n\u00fc\u015f\u00fcnde u\u00e7akta gazetecilerin sorular\u0131n\u0131 yan\u0131tlad\u0131.<!--more--><\/p>\n<p style=\"text-align: justify;\">Siyasi g\u00fcndemdeki \u00f6nemli konulara ili\u015fkin mesajlar veren K\u0131l\u0131\u00e7daro\u011flu, \u00f6zetle \u015funlar\u0131 vurgulad\u0131:<\/p>\n<p style=\"text-align: justify;\"><strong>Asker d\u00fc\u015fman de\u011fil\u00a0<\/strong><\/p>\n<p style=\"text-align: justify;\">35\u2019inci maddeyle ilgili teklif verdik, ne oldu? \u0130ktidar yaps\u0131n bunlar\u0131. Ellerinde yetki var, Kanun H\u00fckm\u00fcnde Kararname (KHK) yetkisi var. Ama askerle ilgili d\u00fczenleme yaparken de d\u00fc\u015fman gibi davranmamak laz\u0131m. \u2018Seni hizaya soktum\u2019 alg\u0131s\u0131 yaratmamak laz\u0131m. \u2018\u0130yi yapt\u0131n\u0131z, vurun askere\u2019 demek de do\u011fru de\u011fil. Emir komuta zincirinin sa\u011fl\u0131kl\u0131 i\u015flemesi laz\u0131m.<\/p>\n<p style=\"text-align: justify;\">\u0130ktidara yak\u0131n bir grup dinliyor ve servis yap\u0131yor. Benim inanc\u0131m bu. Bana gelen baz\u0131 bilgiler var, ancak s\u0131k\u0131nt\u0131 yaratmamas\u0131 i\u00e7in s\u00f6ylemiyorum. G\u00f6r\u00fcnt\u00fc kasetleri de buna dahil. Bu ay\u0131b\u0131 iktidar\u0131n ortadan kald\u0131rmas\u0131 laz\u0131m. Dinleme ma\u011fduru bir ba\u015fbakan\u0131n b\u00f6yle \u015feyler yapmamas\u0131 laz\u0131m.<\/p>\n<p style=\"text-align: justify;\">Bulundu\u011fu konumda kalmas\u0131, kendi kurumuna zarar verecekse ayr\u0131lmas\u0131 iyi olur. Bildi\u011fim kadar\u0131yla g\u00f6revde kalmas\u0131 istendi. Asker \u015funu d\u00fc\u015f\u00fcnm\u00fc\u015f olabilir; istifalar\u0131n getirece\u011fi sonu\u00e7lar nelerdir? Oturup d\u00fc\u015f\u00fcn\u00fcl\u00fcp karar vermi\u015flerdir. Bu olayda tasfiye g\u00f6r\u00fcnt\u00fcs\u00fc yok.<\/p>\n<p style=\"text-align: justify;\"><strong>\u2018\u015eak-tak\u2019 olmamal\u0131\u00a0<\/strong><\/p>\n<p style=\"text-align: justify;\">(Genelkurmay Ba\u015fkan\u0131 Orgeneral Necdet \u00d6zel sorusu \u00fczerine) Ben onu Genelkurmay Ba\u015fkan\u0131 olarak g\u00f6rmek istiyorum, h\u00fck\u00fcmetin adam\u0131 olarak de\u011fil. G\u00f6revini yapacak. Tabii siyasi otoritenin emrinde. Ama bir ki\u015fiye ba\u011fl\u0131 Genelkurmay Ba\u015fkan\u0131 havas\u0131 olmamal\u0131. Yani \u015fak-tak olmamal\u0131. \u015eu anda \u00f6yle bir \u015fey yok zaten, daha \u00e7ok yeni.<\/p>\n<p style=\"text-align: justify;\">Deniz Feneri dosyas\u0131n\u0131 g\u00f6rmedim, g\u00f6rsem niye soru soray\u0131m? Tamamen savc\u0131n\u0131n elinden almak istediler. \u00c7\u00fcnk\u00fc o dosyada k\u00f6stebek var. O k\u00f6stebek de kamu g\u00f6revlisi. Ke\u015fke savc\u0131lar da \u00e7\u0131k\u0131p konu\u015fsa. Ben Ba\u015fbakana soru soruyorum. Hakaret say\u0131yor. Yan\u0131t vermiyor. Bak\u0131yorum t\u0131k yok.<\/p>\n<p style=\"text-align: justify;\">Almanya\u2019da g\u00f6r\u00fclen davan\u0131n T\u00fcrkiye\u2019deki aya\u011f\u0131 b\u00fct\u00fcn detay\u0131yla ortaya \u00e7\u0131kacakt\u0131. \u00d6nce savc\u0131lar engellendi. Onlar\u0131n hakk\u0131nda soru\u015fturma a\u00e7\u0131ld\u0131. \u015eimdi nas\u0131l kapat\u0131r\u0131z a\u015famas\u0131na getirmek istiyorlar. Ben yine soruyorum. Kanal 7\u2019ye tam bask\u0131n yap\u0131l\u0131rken bir k\u00f6stebek haber verdi mi, vermedi mi? K\u00f6stebek, Ba\u015fbakana yak\u0131n biri bence. Dosyada mutlaka isimleri vard\u0131r. Savc\u0131lar\u0131n \u00e7\u0131k\u0131p konu\u015fmas\u0131 laz\u0131m. Bu davan\u0131n as\u0131l failleri AKP ile i\u00e7 i\u00e7e. AKP\u2019nin i\u00e7inde. E\u011fer k\u00f6stebek bir bakansa zaten Y\u00fcce Divan\u2019a gider.<\/p>\n<p style=\"text-align: justify;\">Bizim ile iktidar ve TBMM ba\u015fkan\u0131n\u0131n \u00f6nceli\u011fi farkl\u0131. Bizim \u00f6nceli\u011fimiz tutuklu milletvekilleri, onlar\u0131nki ise anayasa de\u011fi\u015fikli\u011fi. TBMM Ba\u015fkan\u0131 Cemil \u00c7i\u00e7ek, do\u011fru yol izliyor. \u00d6nyarg\u0131s\u0131z bir masa kurulacak, uzla\u015fma komisyonunda her \u015fey tart\u0131\u015f\u0131lacak. Gerekirse parlamento d\u0131\u015f\u0131 partiler de kat\u0131labilir bence. Orada anla\u015f\u0131rlar, uzla\u015f\u0131rlar; anayasa de\u011fi\u015fikli\u011fi ger\u00e7ekle\u015fir. Tutuklu vekiller i\u00e7inse yasa \u00e7\u0131karmaya gerek yok. Parlamentonun iradesi yarg\u0131 karar\u0131yla de\u011fi\u015fmiyor. Cumhurba\u015fkan\u0131, TBMM Ba\u015fkan\u0131, Ba\u015fbakan, Genelkurmay Ba\u015fkan\u0131 \u015fik\u00e2yet\u00e7i, biz de \u015fik\u00e2yet\u00e7iyiz. Bu kadar ortak payda olu\u015fan konuyu \u00e7\u00f6zmemiz gerekir.<\/p>\n<p style=\"text-align: justify;\"><strong>Yarg\u0131\u00e7lar engelliyor\u00a0<\/strong><\/p>\n<p style=\"text-align: justify;\">Bu sorun \u00e7\u00f6z\u00fclebilir. Engelleyen sadece yarg\u0131\u00e7lar\u0131n takdir hakk\u0131. \u00d6zel yetkili mahkemelerde g\u00f6revli yarg\u0131\u00e7lar\u0131n, tutuklu vekilleri serbest b\u0131rakaca\u011f\u0131na inanm\u0131yorum. Bu dava kar\u015f\u0131l\u0131kl\u0131 bir inada d\u00f6n\u00fc\u015ft\u00fc. O zaman parlamento g\u00f6revini yapacak, yeni d\u00fczenleme yapacak. Uluslararas\u0131 anla\u015fmalar\u0131, s\u00f6zle\u015fmeleri dikkate almamazl\u0131k yapamazs\u0131n\u0131z. T\u00fcrkiye i\u00e7in bir demokrasi ay\u0131b\u0131d\u0131r.<\/p>\n<p style=\"text-align: justify;\">Balyoz davas\u0131nda askerleri \u00e7a\u011f\u0131r\u0131yorlar, adam yurtd\u0131\u015f\u0131ndan geliyor. Gidip mahkemeye ifade veriyor. Mahkeme, yurtd\u0131\u015f\u0131ndan gelen adam\u0131 ka\u00e7ma \u015f\u00fcphesi oldu\u011fu gerek\u00e7esiyle tutukluyor. B\u00f6yle \u015fey olur mu?<\/p>\n<p style=\"text-align: justify;\">Yasa teklifi haz\u0131rlanmas\u0131 \u00f6nemli de\u011fil. \u0130ktidar partisi \u00e7\u00f6zecek mi \u00e7\u00f6zmeyecek mi? Bize s\u00f6z verdiler. B\u00f6yle olmas\u0131 gerekir diye. \u015eimdi s\u00f6z\u00fcn arkas\u0131nda durmalar\u0131n\u0131 istiyoruz. Bunun takip\u00e7isi olaca\u011f\u0131z.<\/p>\n<p style=\"text-align: justify;\"><strong>MSB a\u00e7\u0131klas\u0131n\u00a0<\/strong><\/p>\n<p style=\"text-align: justify;\">Ter\u00f6ristler konusunda a\u00e7\u0131klamay\u0131 niye Milli Savunma Bakanl\u0131\u011f\u0131 yapm\u0131yor? Hem sivil y\u00f6netim diyeceksin hem de askere sen a\u00e7\u0131klama yap diyeceksin. Genelkurmay a\u00e7\u0131klama yap\u0131nca da su\u00e7luyorlar. Sanki \u00f6zel bir g\u00fc\u00e7 var. Biri izin vermeden asker hareket edemez ki.<\/p>\n<p style=\"text-align: justify;\"><strong>K\u00f6\u015fk\u2019e aday olmam\u00a0<\/strong><\/p>\n<p style=\"text-align: justify;\">Cumhurba\u015fkan\u0131 g\u00f6rev s\u00fcresi 5 y\u0131ld\u0131r. Cumhurba\u015fkanl\u0131\u011f\u0131na aday olmak gibi bir d\u00fc\u015f\u00fcncem yok. Siyasi parti ba\u015fkanlar\u0131n\u0131n aday olmas\u0131 \u00e7ok do\u011fru gelmiyor bana. Erdo\u011fan aday olursa da d\u00fc\u015f\u00fcncemiz de\u011fi\u015fmez, ama sayg\u0131 duyaca\u011f\u0131z. Her yurtta\u015f aday olabilir. O da olabilir.<\/p>\n<p style=\"text-align: justify;\"><strong>Ba\u015fbakan, Baykal i\u00e7in M\u0130T\u2019e talimat vermemi\u015f\u00a0<\/strong><\/p>\n<p style=\"text-align: justify;\">KO\u015eANER\u2019in konu\u015fmas\u0131 kar\u015f\u0131l\u0131kl\u0131 yak\u0131nma. Olay\u0131n insani boyutlar\u0131na bakmak laz\u0131m. Bunu her kurum yapar. B\u00fcrokraside samimi \u00f6zele\u015ftiriler olabilir. Bu konu\u015fmay\u0131 dinleyenler her \u015feyi dinleyebilir. Dinlemeler, hedef al\u0131nan kitle \u00fczerine itibars\u0131zla\u015ft\u0131rma yapmak istedikleri kurumlar i\u00e7in de yap\u0131l\u0131yor. MHP\u2019deki dinlemelerde farkl\u0131 \u015feyler var. \u2018Partinin baraj alt\u0131nda kalmas\u0131\u2019 gibi. Baykal i\u00e7in Ba\u015fbakan M\u0130T\u2019e talimat verdi\u011fini belirtti. Ara\u015ft\u0131rd\u0131k, \u00f6yle bir talimat da vermemi\u015f.<\/p>\n<p style=\"text-align: justify;\"><a href=\"http:\/\/www.hurriyet.com.tr\/gundem\/18629921.asp\" target=\"_blank\">Kaynak : H\u00fcrriyet.com.tr<\/a><\/p>\n","protected":false},"excerpt":{"rendered":"<p style=\"text-align: center;\">\n<p style=\"text-align: justify;\">CHP Genel Ba\u015fkan\u0131 Kemal K\u0131l\u0131\u00e7daro\u011flu, eski Genelkurmay Ba\u015fkan\u0131 emekli Orgeneral I\u015f\u0131k Ko\u015faner\u2019i iktidara yak\u0131n bir grubun dinledi\u011fini \u00f6ne s\u00fcrd\u00fc.<\/p>\n<p style=\"text-align: justify;\">K\u0131l\u0131\u00e7daro\u011flu, bu konuda elinde bilgiler oldu\u011funu, ancak s\u0131k\u0131nt\u0131 yaratmamas\u0131 i\u00e7in a\u00e7\u0131klamad\u0131\u011f\u0131n\u0131 s\u00f6yledi. K\u0131l\u0131\u00e7daro\u011flu, Kenya\u2019daki Somali m\u00fclteci kamp\u0131 Dadaap\u2019tan d\u00f6n\u00fc\u015f\u00fcnde u\u00e7akta gazetecilerin sorular\u0131n\u0131 yan\u0131tlad\u0131.<\/p>\n","protected":false},"author":1,"featured_media":0,"comment_status":"open","ping_status":"open","sticky":false,"template":"","format":"standard","meta":{"footnotes":""},"categories":[105],"tags":[],"class_list":["post-39431","post","type-post","status-publish","format-standard","hentry","category-gundem","odd"],"_links":{"self":[{"href":"http:\/\/www.korhanyilmaz.com\/index.php?rest_route=\/wp\/v2\/posts\/39431","targetHints":{"allow":["GET"]}}],"collection":[{"href":"http:\/\/www.korhanyilmaz.com\/index.php?rest_route=\/wp\/v2\/posts"}],"about":[{"href":"http:\/\/www.korhanyilmaz.com\/index.php?rest_route=\/wp\/v2\/types\/post"}],"author":[{"embeddable":true,"href":"http:\/\/www.korhanyilmaz.com\/index.php?rest_route=\/wp\/v2\/users\/1"}],"replies":[{"embeddable":true,"href":"http:\/\/www.korhanyilmaz.com\/index.php?rest_route=%2Fwp%2Fv2%2Fcomments&post=39431"}],"version-history":[{"count":0,"href":"http:\/\/www.korhanyilmaz.com\/index.php?rest_route=\/wp\/v2\/posts\/39431\/revisions"}],"wp:attachment":[{"href":"http:\/\/www.korhanyilmaz.com\/index.php?rest_route=%2Fwp%2Fv2%2Fmedia&parent=39431"}],"wp:term":[{"taxonomy":"category","embeddable":true,"href":"http:\/\/www.korhanyilmaz.com\/index.php?rest_route=%2Fwp%2Fv2%2Fcategories&post=39431"},{"taxonomy":"post_tag","embeddable":true,"href":"http:\/\/www.korhanyilmaz.com\/index.php?rest_route=%2Fwp%2Fv2%2Ftags&post=39431"}],"curies":[{"name":"wp","href":"https:\/\/api.w.org\/{rel}","templated":true}]}}