{"id":39425,"date":"2011-09-01T19:40:12","date_gmt":"2011-09-01T16:40:12","guid":{"rendered":"http:\/\/www.korhanyilmaz.com\/?p=39425"},"modified":"2011-09-02T12:41:29","modified_gmt":"2011-09-02T09:41:29","slug":"tugluk-duygusal-kopus-siyasal-kopusa-goturecek","status":"publish","type":"post","link":"http:\/\/www.korhanyilmaz.com\/?p=39425","title":{"rendered":"Tu\u011fluk: Duygusal kopu\u015f, siyasal kopu\u015fa g\u00f6t\u00fcrecek"},"content":{"rendered":"<p style=\"text-align: center;\"><a href=\"http:\/\/www.korhanyilmaz.com\/wp-content\/uploads\/2011\/09\/8028.jpg\"  class=\"lightview\"><img loading=\"lazy\" decoding=\"async\" class=\"aligncenter size-full wp-image-39426\" src=\"http:\/\/www.korhanyilmaz.com\/wp-content\/uploads\/2011\/09\/8028.jpg\" alt=\"\" width=\"356\" height=\"240\" \/><\/a><\/p>\n<p style=\"text-align: justify;\">Ba\u011f\u0131ms\u0131z Van Milletvekili Aysel Tu\u011fluk, Van Mitinginde yapt\u0131\u011f\u0131 konu\u015fmas\u0131nda, duygusal kopu\u015fun eninde sonunda siyasal kopu\u015fa neden olaca\u011f\u0131n\u0131 s\u00f6yledi.<\/p>\n<p style=\"text-align: justify;\">Ba\u015fbakan Erdo\u011fan ve H\u00fck\u00fcmeti ele\u015ftiren Tu\u011fluk, &#8220;Bu kadar \u00f6l\u00fcm, ac\u0131, \u00f6fke duygular\u0131yla ortak bir gelecek vadedilemez. Esas sorun budur. Bu b\u00f6yle giderse emin olunki bug\u00fcn, de\u011fil yar\u0131n, yar\u0131n de\u011fil ba\u015fka bir g\u00fcn K\u00fcrtler bu devletle ba\u011f\u0131n\u0131 koparacakt\u0131r. Duygusal kopu\u015f eninde sonunda siyasal kopu\u015fa g\u00f6t\u00fcrecektir. Biz hep birlikte ya\u015famay\u0131 halklar\u0131m\u0131z\u0131n karde\u015fli\u011fini savunduk. \u00c7\u00fcnk\u00fc do\u011fru olan buydu. Ama istemeyenler bu sava\u015f\u0131 halk\u0131n \u00f6n\u00fcne koydular&#8221; diye konu\u015ftu.\u00a0<!--more--><\/p>\n<p style=\"text-align: justify;\">Bar\u0131\u015f ve Demokrasi Partisi (BDP) ve Demokratik Toplum Kongresi 1 Eyl\u00fcl D\u00fcnya Bar\u0131\u015f G\u00fcn\u00fc nedeniyle Van\u2019da miting d\u00fczenledi. Cumhuriyet Caddesi Be\u015fyol mevkiinde d\u00fczenlenen mitinge BDP van Milletvekilleri Aysel Tu\u011fluk, \u00d6zdal \u00dc\u00e7er, Nazmi G\u00fcr, BDP\u2019li Hakkari Belediye Ba\u015fkan\u0131 Fad\u0131l Bedirhano\u011flu ve yakla\u015f\u0131k 5 bin ki\u015fi kat\u0131ld\u0131. S\u0131k s\u0131k \u00d6calan lehine slogan at\u0131l\u0131rken, \u00fczerinde Ba\u015fbakan Erdo\u011fan ve bakanlar\u0131n askeri \u00fcnoformal\u0131 k\u0131yafetlerinin bulundu\u011fu \u2019Sivil Darbe Generalleri \u0130\u015f Ba\u015f\u0131nda\u2019 yaz\u0131l\u0131 pankart a\u00e7\u0131ld\u0131.<\/p>\n<p style=\"text-align: justify;\">Mitinge kat\u0131lan BDP\u2019li milletvekilleri, ge\u00e7ti\u011fimiz g\u00fcnlerde canl\u0131 kalkan olarak \u00c7ukurca il\u00e7esi\u2019ne giderken \u00e7\u0131kan olaylarda \u00f6ld\u00fcr\u00fclen BDP\u2019li \u0130l Genel Meclis \u00fcyesi Y\u0131ld\u0131r\u0131m Ayhan i\u00e7in siyah k\u0131yafet giydikleri dikkat \u00e7ekerken, Ayhan\u2019\u0131n foto\u011fraflar\u0131 da miting alan\u0131na as\u0131ld\u0131. Mitingte BDP Van Milletvekili \u00d6zdal \u00dc\u00e7er konu\u015fmas\u0131n\u0131 K\u00fcrt\u00e7e yaparken, Tu\u011fluk konu\u015fmas\u0131n\u0131 T\u00fcrk\u00e7e yapt\u0131. Sava\u015f\u0131n ortas\u0131nda 1 Eyl\u00fcl D\u00fcnya Bar\u0131\u015f G\u00fcn\u00fc\u2019n\u00fc kutlad\u0131klar\u0131n\u0131 belirten Tu\u011fluk, Ba\u015fbakan Erdo\u011fan ve h\u00fck\u00fcmeti ele\u015ftirdi.<\/p>\n<p style=\"text-align: justify;\"><strong>&#8216;\u00dczerimize geliyorlar&#8217;\u00a0<\/strong><\/p>\n<p style=\"text-align: justify;\">Ba\u015fbakan Erdo\u011fan\u2019\u0131n halk\u0131 ter\u00f6rist ilan etti\u011fini belirten Tu\u011fluk, &#8220;Ba\u015fbakana diyorum ki, i\u015fte biz bar\u0131\u015f i\u00e7in alanlarday\u0131z. Bar\u0131\u015f\u0131 hayk\u0131r\u0131yoruz. Siz tanklar\u0131n toplar\u0131n ba\u015f\u0131nda sava\u015f emri verirken, biz bar\u0131\u015f\u0131 hayk\u0131r\u0131yoruz. Biz birlikte bar\u0131\u015f i\u00e7inde karde\u015f\u00e7e e\u015fit ya\u015fayal\u0131m dedik\u00e7e \u00fczerimize geliyorlar. \u00d6zg\u00fcrl\u00fc\u011f\u00fcm\u00fcz\u00fc sa\u011flay\u0131ncaya kadar m\u00fccadelemizi s\u00fcrd\u00fcrece\u011fiz. Bunu Ba\u015fbakan da herkeste b\u00f6yle bilmelidir&#8221; dedi.<\/p>\n<p style=\"text-align: justify;\">Herkes i\u00e7in zorlu ac\u0131l\u0131 a\u011f\u0131r bedelleri olacak s\u00fcrecin i\u00e7erisine girildi\u011fini belirten Tu\u011fluk, anlaml\u0131 bir diyalog s\u00fcreciyle bu ac\u0131lar ya\u015fanmadan bu \u00e7\u00f6z\u00fcm ger\u00e7ekle\u015ftirilebilirken, sava\u015f s\u00fcrecinin buna m\u00fcsaade etmedi\u011fini s\u00f6yledi. Tu\u011fluk konu\u015fmas\u0131n\u0131 \u015f\u00f6yle s\u00fcrd\u00fcrd\u00fc:<\/p>\n<p style=\"text-align: justify;\">&#8220;Bu iktidar ve devletin kendisi i\u00e7inde bulundu\u011fumuz sava\u015f s\u00fcrecini ad\u0131m ad\u0131m getirdiler. Bilmelisiniz ki, iktidar ve devlet K\u00fcrtlerle sava\u015f konusunda uzla\u015fmaya vard\u0131lar. \u0130\u00e7inde bulundu\u011fumuz s\u00fcreci do\u011fru anlamland\u0131rmak durumunday\u0131z. 2008 y\u0131l\u0131ndan itibaren Say\u0131n \u00d6calan ile K\u00fcrtler bar\u0131\u015f \u00e7abalar\u0131n\u0131 y\u00fckseltti. Ancak bar\u0131\u015fa yan\u0131t verilmedi. \u0130yi niyet ad\u0131mlar\u0131n\u0131 olumlu yan\u0131t vermediler. A\u00e7\u0131l\u0131m denilen \u015feyin i\u00e7eri\u011fini a\u00e7\u0131klamad\u0131lar. Neden a\u00e7\u0131klamad\u0131lar. \u00c7\u00fcnk\u00fc i\u00e7inde hi\u00e7bir \u015fey yoktu. B\u00fcy\u00fck bir sava\u015f\u0131n i\u00e7ine haklar\u0131m\u0131z s\u00fcr\u00fcklenmi\u015f durumdad\u0131r. Kar\u015f\u0131l\u0131kl\u0131 \u00f6l\u00fcmler ya\u015fan\u0131rken birlikte ya\u015faman\u0131n ko\u015fulu kalmam\u0131\u015ft\u0131r.<\/p>\n<p style=\"text-align: justify;\">Bu sava\u015f\u0131 planlayanlar birlikte ya\u015famam\u0131za dinamit koymu\u015flard\u0131r. Bu kadar \u00f6l\u00fcm, ac\u0131 ve \u00f6fke duygular\u0131yla ortak bir gelecek vadedilemez. Esas sorun budur. Bu b\u00f6yle giderse emin olun ki bug\u00fcn, de\u011fil yar\u0131n, yar\u0131n de\u011fil ba\u015fka bir g\u00fcn K\u00fcrtler bu devletle ba\u011f\u0131n\u0131 koparacakt\u0131r. Duygusal kopu\u015f eninde sonunda siyasal kopu\u015fa g\u00f6t\u00fcrecektir. Biz hep birlikte ya\u015famay\u0131 savunduk. Halklar\u0131m\u0131z\u0131n karde\u015fli\u011fini savunduk. \u00c7\u00fcnk\u00fc do\u011fru olan buydu. Ama istemeyenler bu sava\u015f\u0131 halk\u0131n \u00f6n\u00fcne koydular. Ba\u015fbakan bu siyasetini uygulamak i\u00e7in hepimiz ter\u00f6rist ilan etti.&#8221;<\/p>\n<p style=\"text-align: justify;\"><strong>&#8216;\u00d6zerkli\u011fin ilan\u0131 ayr\u0131 bir devlet kurmak de\u011fildir&#8217;\u00a0<\/strong><\/p>\n<p style=\"text-align: justify;\">Tu\u011fluk, Ba\u015fbakan Erdo\u011fan\u2019\u0131n siyasetiyle \u00fclkeyi i\u00e7 sava\u015fa s\u00fcr\u00fckledi\u011fini ileri s\u00fcrererek, &#8220;Ba\u015fbakan herkese tehdit savuruyor. BDP\u2019yi DTK\u2019y\u0131 ve t\u00fcm \u00f6zg\u00fcr K\u00fcrtleri hedef al\u0131yor. Kulland\u0131\u011f\u0131 dil, uygulad\u0131\u011f\u0131 sava\u015f plan\u0131n\u0131n bir par\u00e7as\u0131d\u0131r. Biz bunu anl\u0131yoruz. \u00c7\u00fcnk\u00fc Erdo\u011fan K\u00fcrtlerle bar\u0131\u015fmak istemiyor. Baz\u0131lar\u0131 dedi ki &#8216;Siz \u00f6zerkli\u011fi ilan ettiniz. Silvan olay\u0131 oldu. B\u00fct\u00fcn bu sava\u015f, bu nedenle ba\u015flad\u0131\u2019 diyebilirler. Bu sava\u015f bu nedenlerle ba\u015flamad\u0131. \u00d6zerkli\u011fin ilan\u0131, ayr\u0131 bir devlet kurmak de\u011fildir. Biz bir \u00e7\u00f6z\u00fcm modeli olarak, K\u00fcrtler taraf\u0131ndan sunulmu\u015ftur.<\/p>\n<p style=\"text-align: justify;\">K\u00fcrtler bu Cumhuriyette nas\u0131l ya\u015famak istiyorlarsa ona bu irade beyan\u0131yla ortaya koymu\u015flard\u0131r. \u0130lan eti\u011fimiz \u015fey budur. Silvan olay\u0131 sava\u015fa gerek\u00e7e yap\u0131lmak i\u00e7in me\u015fru olarak kurgulanm\u0131\u015ft\u0131r. Silvan olay\u0131, PKK\u2019nin organize olu\u015fturdu\u011fu bir eylem de\u011fildir. 10 bin ki\u015finin ordu g\u00fcc\u00fcyle operasyona \u00e7\u0131k\u0131lm\u0131\u015ft\u0131r. G\u00fcya esir askerleri almak i\u00e7in \u00e7\u0131km\u0131\u015flar. Hangi ak\u0131l, esir askerleri bu bi\u00e7imde kurtar\u0131lmas\u0131n\u0131 sa\u011flayabilir. Esir askerleri kurtarmak istiyorlarsa, bunun yolu y\u00f6ntemi ba\u015fkad\u0131r. O y\u00fczden Silvan olay\u0131na ihtiya\u00e7 duydular. Ve olaydan sonra \u015funu s\u00f6ylediler K\u00fcrt sorunu yoktur ter\u00f6r sorunu vard\u0131r dediler.<\/p>\n<p style=\"text-align: justify;\">\u00c7\u00fcnk\u00fc devletin b\u00f6yle bir gerek\u00e7eye ihtiyac\u0131 vard\u0131r. \u00c7\u00fcnk\u00fc toplumda b\u00fcy\u00fck bir \u00e7\u00f6z\u00fcme dair beklenti olu\u015fmu\u015ftu. B\u00fcy\u00fck bir kamuoyu deste\u011fi alm\u0131\u015ft\u0131. K\u00fcrtler \u00f6zerk sistemlerini kuracaklard\u0131r. Bunu buradan ilan ediyorum. Tek devlet, ama iki toplumlu siyasi, sosyal hayat eninde sonunda kurulacakt\u0131r&#8221; dedi. Yap\u0131lan konu\u015fmalar\u0131n ard\u0131ndan toplanan kalabal\u0131k bir s\u00fcre oturma eylemi yapt\u0131ktan sonra sesizce da\u011f\u0131ld\u0131.<\/p>\n<p style=\"text-align: justify;\"><a href=\"http:\/\/www.t24.com.tr\/tugluk-duygusal-kopus-siyasal-kopusa-goturecek\/haber\/166009.aspx\" target=\"_blank\">Kaynak : T24<\/a><\/p>\n<hr \/>\n<p>[youtube]http:\/\/www.youtube.com\/watch?v=sDbG_iXVwGo[\/youtube]<\/p>\n<p>[flv]http:\/\/www.sondakika.com\/haber-video\/967\/van-ek-2-bdp-nin-1-eylul-baris-mitingi.flv[\/flv]<\/p>\n<p style=\"text-align: justify;\">Video Kayna\u011f\u0131 :\u00a0<a href=\"http:\/\/www.sondakika.com\/haber-bdp-nin-1-eylul-baris-mitingi-2966837\/\" target=\"_blank\">http:\/\/www.sondakika.com\/haber-bdp-nin-1-eylul-baris-mitingi-2966837\/<\/a><\/p>\n","protected":false},"excerpt":{"rendered":"<p style=\"text-align: center;\">\n<p style=\"text-align: justify;\">Ba\u011f\u0131ms\u0131z Van Milletvekili Aysel Tu\u011fluk, Van Mitinginde yapt\u0131\u011f\u0131 konu\u015fmas\u0131nda, duygusal kopu\u015fun eninde sonunda siyasal kopu\u015fa neden olaca\u011f\u0131n\u0131 s\u00f6yledi.<\/p>\n<p style=\"text-align: justify;\">Ba\u015fbakan Erdo\u011fan ve H\u00fck\u00fcmeti ele\u015ftiren Tu\u011fluk, &#8220;Bu kadar \u00f6l\u00fcm, ac\u0131, \u00f6fke duygular\u0131yla ortak bir gelecek vadedilemez. Esas sorun budur. Bu b\u00f6yle giderse emin olunki bug\u00fcn, de\u011fil yar\u0131n, yar\u0131n de\u011fil ba\u015fka <\/p>\n","protected":false},"author":1,"featured_media":0,"comment_status":"open","ping_status":"open","sticky":false,"template":"","format":"standard","meta":{"footnotes":""},"categories":[105],"tags":[],"class_list":["post-39425","post","type-post","status-publish","format-standard","hentry","category-gundem","odd"],"_links":{"self":[{"href":"http:\/\/www.korhanyilmaz.com\/index.php?rest_route=\/wp\/v2\/posts\/39425","targetHints":{"allow":["GET"]}}],"collection":[{"href":"http:\/\/www.korhanyilmaz.com\/index.php?rest_route=\/wp\/v2\/posts"}],"about":[{"href":"http:\/\/www.korhanyilmaz.com\/index.php?rest_route=\/wp\/v2\/types\/post"}],"author":[{"embeddable":true,"href":"http:\/\/www.korhanyilmaz.com\/index.php?rest_route=\/wp\/v2\/users\/1"}],"replies":[{"embeddable":true,"href":"http:\/\/www.korhanyilmaz.com\/index.php?rest_route=%2Fwp%2Fv2%2Fcomments&post=39425"}],"version-history":[{"count":0,"href":"http:\/\/www.korhanyilmaz.com\/index.php?rest_route=\/wp\/v2\/posts\/39425\/revisions"}],"wp:attachment":[{"href":"http:\/\/www.korhanyilmaz.com\/index.php?rest_route=%2Fwp%2Fv2%2Fmedia&parent=39425"}],"wp:term":[{"taxonomy":"category","embeddable":true,"href":"http:\/\/www.korhanyilmaz.com\/index.php?rest_route=%2Fwp%2Fv2%2Fcategories&post=39425"},{"taxonomy":"post_tag","embeddable":true,"href":"http:\/\/www.korhanyilmaz.com\/index.php?rest_route=%2Fwp%2Fv2%2Ftags&post=39425"}],"curies":[{"name":"wp","href":"https:\/\/api.w.org\/{rel}","templated":true}]}}